{"id":9744,"date":"2026-04-27T18:05:15","date_gmt":"2026-04-27T18:05:15","guid":{"rendered":"https:\/\/centros.uepb.edu.br\/ch\/?p=9744"},"modified":"2026-04-27T21:04:22","modified_gmt":"2026-04-27T21:04:22","slug":"divulgacao-do-resultado-do-processo-de-selecao-para-escolha-do-discurso-do-orador-oficial-da-solenidade-de-colacao-de-grau-2025-2","status":"publish","type":"post","link":"https:\/\/centros.uepb.edu.br\/ch\/divulgacao-do-resultado-do-processo-de-selecao-para-escolha-do-discurso-do-orador-oficial-da-solenidade-de-colacao-de-grau-2025-2\/","title":{"rendered":"Divulga\u00e7\u00e3o do Resultado do Processo de Sele\u00e7\u00e3o para Escolha do Discurso do Orador Oficial da Solenidade de Cola\u00e7\u00e3o de Grau 2025.2"},"content":{"rendered":"<p>Em atendimento ao Edital N\u00ba 001-2026\/CH\/UEPB \u2013 Processo de Sele\u00e7\u00e3o para Escolha do Discurso do Orador Oficial da Solenidade de Cola\u00e7\u00e3o de Grau 2025.2 do Campus III, a Comiss\u00e3o Julgadora, formada por dois professores do Curso de Letras e uma professora do Curso de Geografia, ap\u00f3s a avalia\u00e7\u00e3o dos discursos dos candidatos inscritos, selecionou o discurso da candidata<b> Pricila Freire C. dos Santos Belo de Fran\u00e7a<\/b>, aluna do Curso de Pedagogia, para ser lido na Sess\u00e3o Solene de Cola\u00e7\u00e3o de Grau das turmas concluintes do semestre 2025.2 deste Centro de Humanidades.<\/p>\n<p>A avalia\u00e7\u00e3o do discurso foi feita mediante an\u00e1lise do texto escrito, no que se refere \u00e0 estrutura formal, ao conte\u00fado tem\u00e1tico, ao dom\u00ednio e \u00e0 organiza\u00e7\u00e3o da linguagem, conforme descrito no<strong>\u00a0item 5.3<\/strong>\u00a0do\u00a0<a href=\"https:\/\/drive.google.com\/file\/d\/13IiKcCCdniHYfqs_LA6p2jLGhl7Ytf3l\/view?usp=sharing\">Edital<\/a>.<\/p>\n<p>A solenidade acontecer\u00e1 no dia 27 de maio de 2026, \u00e0s 17h00 na localidade do espa\u00e7o Vila Gourmett, Guarabira-PB.<\/p>\n","protected":false},"excerpt":{"rendered":"<p>Em atendimento ao Edital N\u00ba 001-2026\/CH\/UEPB \u2013 Processo de Sele\u00e7\u00e3o para Escolha do Discurso do Orador Oficial da Solenidade de Cola\u00e7\u00e3o de Grau 2025.2 do Campus III, a Comiss\u00e3o Julgadora, formada por dois professores do Curso de Letras e uma professora do Curso de Geografia, ap\u00f3s a avalia\u00e7\u00e3o dos discursos dos candidatos inscritos, selecionou o <a class=\"leiamais\" href=\"https:\/\/centros.uepb.edu.br\/ch\/divulgacao-do-resultado-do-processo-de-selecao-para-escolha-do-discurso-do-orador-oficial-da-solenidade-de-colacao-de-grau-2025-2\/\">Leia Mais&#8230;<\/a><\/p>\n","protected":false},"author":49,"featured_media":0,"comment_status":"closed","ping_status":"closed","sticky":true,"template":"","format":"standard","meta":{"jetpack_post_was_ever_published":false,"_jetpack_newsletter_access":"","_jetpack_dont_email_post_to_subs":false,"_jetpack_newsletter_tier_id":0,"_jetpack_memberships_contains_paywalled_content":false,"_jetpack_memberships_contains_paid_content":false,"footnotes":""},"categories":[10,3,11,12,5],"tags":[],"class_list":["post-9744","post","type-post","status-publish","format-standard","hentry","category-ch","category-noticias","category-noticias-alunos","category-noticias-destaque","category-visiveis"],"jetpack_featured_media_url":"","jetpack_shortlink":"https:\/\/wp.me\/p4NR4N-2xa","jetpack_sharing_enabled":true,"_links":{"self":[{"href":"https:\/\/centros.uepb.edu.br\/ch\/wp-json\/wp\/v2\/posts\/9744","targetHints":{"allow":["GET"]}}],"collection":[{"href":"https:\/\/centros.uepb.edu.br\/ch\/wp-json\/wp\/v2\/posts"}],"about":[{"href":"https:\/\/centros.uepb.edu.br\/ch\/wp-json\/wp\/v2\/types\/post"}],"author":[{"embeddable":true,"href":"https:\/\/centros.uepb.edu.br\/ch\/wp-json\/wp\/v2\/users\/49"}],"replies":[{"embeddable":true,"href":"https:\/\/centros.uepb.edu.br\/ch\/wp-json\/wp\/v2\/comments?post=9744"}],"version-history":[{"count":1,"href":"https:\/\/centros.uepb.edu.br\/ch\/wp-json\/wp\/v2\/posts\/9744\/revisions"}],"predecessor-version":[{"id":9745,"href":"https:\/\/centros.uepb.edu.br\/ch\/wp-json\/wp\/v2\/posts\/9744\/revisions\/9745"}],"wp:attachment":[{"href":"https:\/\/centros.uepb.edu.br\/ch\/wp-json\/wp\/v2\/media?parent=9744"}],"wp:term":[{"taxonomy":"category","embeddable":true,"href":"https:\/\/centros.uepb.edu.br\/ch\/wp-json\/wp\/v2\/categories?post=9744"},{"taxonomy":"post_tag","embeddable":true,"href":"https:\/\/centros.uepb.edu.br\/ch\/wp-json\/wp\/v2\/tags?post=9744"}],"curies":[{"name":"wp","href":"https:\/\/api.w.org\/{rel}","templated":true}]}}