{"id":9400,"date":"2023-12-18T14:04:07","date_gmt":"2023-12-18T14:04:07","guid":{"rendered":"https:\/\/centros.uepb.edu.br\/ch\/?p=9400"},"modified":"2023-12-18T14:04:07","modified_gmt":"2023-12-18T14:04:07","slug":"nota-de-pesar-3","status":"publish","type":"post","link":"https:\/\/centros.uepb.edu.br\/ch\/nota-de-pesar-3\/","title":{"rendered":"Nota de Pesar"},"content":{"rendered":"<div dir=\"auto\">\u00c9 com profundo pesar que o Departamento, a Coordena\u00e7\u00e3o e Professores do Curso de Direito da UEPB, Campus III, Guarabira, vem manifestar os sentimentos de amigos e ex-alunos pelo falecimento do Professor Alexandre Belo, ocorrido na \u00faltima sexta-feira, 15 de dezembro de 2023.<\/div>\n<div dir=\"auto\"><\/div>\n<div dir=\"auto\"><\/div>\n<div dir=\"auto\"><a href=\"https:\/\/centros.uepb.edu.br\/ch\/files\/2023\/12\/image_123650291.jpg\"><img loading=\"lazy\" decoding=\"async\" class=\"alignnone size-medium wp-image-9401 img-responsive\" src=\"https:\/\/centros.uepb.edu.br\/ch\/files\/2023\/12\/image_123650291-179x300.jpg\" alt=\"\" width=\"179\" height=\"300\" srcset=\"https:\/\/centros.uepb.edu.br\/ch\/files\/2023\/12\/image_123650291-179x300.jpg 179w, https:\/\/centros.uepb.edu.br\/ch\/files\/2023\/12\/image_123650291-475x796.jpg 475w, https:\/\/centros.uepb.edu.br\/ch\/files\/2023\/12\/image_123650291.jpg 673w\" sizes=\"auto, (max-width: 179px) 100vw, 179px\" \/><\/a><\/div>\n<div dir=\"auto\"><\/div>\n<div dir=\"auto\">O professor Alexandre Belo, com sua paix\u00e3o pelo ensino e compromisso com o desenvolvimento acad\u00eamico e intelectual, tornou-se uma refer\u00eancia na comunidade acad\u00eamica. Como professor, foi excepcional na did\u00e1tica e na transmiss\u00e3o do conhecimento e contava com um grande senso de humor.<\/div>\n<div dir=\"auto\"><\/div>\n<div dir=\"auto\"><\/div>\n<div dir=\"auto\">A perda do professor Belo \u00e9 sentida profundamente por ele ter sido uma figura dedicada ao ensino e \u00e0 pesquisa, deixando tamb\u00e9m como legado uma grande contribui\u00e7\u00e3o para o impulso da p\u00f3s-gradua\u00e7\u00e3o em Direito no Estado da Para\u00edba.<\/div>\n<div dir=\"auto\"><\/div>\n<div dir=\"auto\"><\/div>\n<div dir=\"auto\">Neste momento de dor e tristeza, prestamos nossos mais sinceros sentimentos aos familiares e amigos do professor Alexandre.<\/div>\n<div dir=\"auto\"><\/div>\n<div dir=\"auto\"><\/div>\n<div dir=\"auto\">Guarabira\/PB, 15 de dezembro de 2023.<\/div>\n","protected":false},"excerpt":{"rendered":"<p>\u00c9 com profundo pesar que o Departamento, a Coordena\u00e7\u00e3o e Professores do Curso de Direito da UEPB, Campus III, Guarabira, vem manifestar os sentimentos de amigos e ex-alunos pelo falecimento do Professor Alexandre Belo, ocorrido na \u00faltima sexta-feira, 15 de dezembro de 2023. O professor Alexandre Belo, com sua paix\u00e3o pelo ensino e compromisso com <a class=\"leiamais\" href=\"https:\/\/centros.uepb.edu.br\/ch\/nota-de-pesar-3\/\">Leia Mais&#8230;<\/a><\/p>\n","protected":false},"author":60,"featured_media":0,"comment_status":"closed","ping_status":"closed","sticky":true,"template":"","format":"standard","meta":{"jetpack_post_was_ever_published":false,"_jetpack_newsletter_access":"","_jetpack_dont_email_post_to_subs":false,"_jetpack_newsletter_tier_id":0,"_jetpack_memberships_contains_paywalled_content":false,"_jetpack_memberships_contains_paid_content":false,"footnotes":""},"categories":[9,36,10,3,11,12,14,13],"tags":[],"class_list":["post-9400","post","type-post","status-publish","format-standard","hentry","category-agend-noticias-destaque","category-agend-noticias-destaque-img","category-ch","category-noticias","category-noticias-alunos","category-noticias-destaque","category-noticias-destaque-img","category-noticias-professores"],"jetpack_featured_media_url":"","jetpack_shortlink":"https:\/\/wp.me\/p4NR4N-2rC","jetpack_sharing_enabled":true,"_links":{"self":[{"href":"https:\/\/centros.uepb.edu.br\/ch\/wp-json\/wp\/v2\/posts\/9400","targetHints":{"allow":["GET"]}}],"collection":[{"href":"https:\/\/centros.uepb.edu.br\/ch\/wp-json\/wp\/v2\/posts"}],"about":[{"href":"https:\/\/centros.uepb.edu.br\/ch\/wp-json\/wp\/v2\/types\/post"}],"author":[{"embeddable":true,"href":"https:\/\/centros.uepb.edu.br\/ch\/wp-json\/wp\/v2\/users\/60"}],"replies":[{"embeddable":true,"href":"https:\/\/centros.uepb.edu.br\/ch\/wp-json\/wp\/v2\/comments?post=9400"}],"version-history":[{"count":0,"href":"https:\/\/centros.uepb.edu.br\/ch\/wp-json\/wp\/v2\/posts\/9400\/revisions"}],"wp:attachment":[{"href":"https:\/\/centros.uepb.edu.br\/ch\/wp-json\/wp\/v2\/media?parent=9400"}],"wp:term":[{"taxonomy":"category","embeddable":true,"href":"https:\/\/centros.uepb.edu.br\/ch\/wp-json\/wp\/v2\/categories?post=9400"},{"taxonomy":"post_tag","embeddable":true,"href":"https:\/\/centros.uepb.edu.br\/ch\/wp-json\/wp\/v2\/tags?post=9400"}],"curies":[{"name":"wp","href":"https:\/\/api.w.org\/{rel}","templated":true}]}}