{"id":9395,"date":"2023-12-11T11:44:01","date_gmt":"2023-12-11T11:44:01","guid":{"rendered":"https:\/\/centros.uepb.edu.br\/ch\/?p=9395"},"modified":"2023-12-11T11:44:01","modified_gmt":"2023-12-11T11:44:01","slug":"divulgacao-do-resultado-do-processo-de-selecao-para-escolha-do-discurso-do-orador-oficial-da-solenidade-de-colacao-de-grau-2023-2","status":"publish","type":"post","link":"https:\/\/centros.uepb.edu.br\/ch\/divulgacao-do-resultado-do-processo-de-selecao-para-escolha-do-discurso-do-orador-oficial-da-solenidade-de-colacao-de-grau-2023-2\/","title":{"rendered":"Divulga\u00e7\u00e3o do Resultado do Processo de Sele\u00e7\u00e3o para Escolha do Discurso do Orador Oficial da Solenidade de Cola\u00e7\u00e3o de Grau 2023.2"},"content":{"rendered":"<p>Em atendimento ao Edital N\u00ba 004-2023\/CH\/UEPB \u2013 Processo de Sele\u00e7\u00e3o para Escolha do Discurso do Orador Oficial da Solenidade de Cola\u00e7\u00e3o de Grau 2023.2 do Campus III, a Comiss\u00e3o Julgadora, formada por dois professores do Curso de Letras e uma professora do curso de Geografia, ap\u00f3s a avalia\u00e7\u00e3o dos discursos dos candidatos inscritos, selecionou o discurso da candidata<strong> La\u00eds Maiara Santos De Oliveira<\/strong>, aluna do Curso de Pedagogia, para ser lido na sess\u00e3o solene de cola\u00e7\u00e3o de Grau das turmas concluintes do semestre 2023.2 deste Centro de Humanidades.<\/p>\n<p>A solenidade acontecer\u00e1 no dia 19 de dezembro de 2023, \u00e0s 17h00, no Espa\u00e7o Glamour, Guarabira-PB.<\/p>\n","protected":false},"excerpt":{"rendered":"<p>Em atendimento ao Edital N\u00ba 004-2023\/CH\/UEPB \u2013 Processo de Sele\u00e7\u00e3o para Escolha do Discurso do Orador Oficial da Solenidade de Cola\u00e7\u00e3o de Grau 2023.2 do Campus III, a Comiss\u00e3o Julgadora, formada por dois professores do Curso de Letras e uma professora do curso de Geografia, ap\u00f3s a avalia\u00e7\u00e3o dos discursos dos candidatos inscritos, selecionou o <a class=\"leiamais\" href=\"https:\/\/centros.uepb.edu.br\/ch\/divulgacao-do-resultado-do-processo-de-selecao-para-escolha-do-discurso-do-orador-oficial-da-solenidade-de-colacao-de-grau-2023-2\/\">Leia Mais&#8230;<\/a><\/p>\n","protected":false},"author":60,"featured_media":0,"comment_status":"closed","ping_status":"closed","sticky":true,"template":"","format":"standard","meta":{"jetpack_post_was_ever_published":false,"_jetpack_newsletter_access":"","_jetpack_dont_email_post_to_subs":false,"_jetpack_newsletter_tier_id":0,"_jetpack_memberships_contains_paywalled_content":false,"_jetpack_memberships_contains_paid_content":false,"footnotes":""},"categories":[9,10,44,3,11,12,15],"tags":[],"class_list":["post-9395","post","type-post","status-publish","format-standard","hentry","category-agend-noticias-destaque","category-ch","category-colacao-de-grau","category-noticias","category-noticias-alunos","category-noticias-destaque","category-todas-as-noticias"],"jetpack_featured_media_url":"","jetpack_shortlink":"https:\/\/wp.me\/p4NR4N-2rx","jetpack_sharing_enabled":true,"_links":{"self":[{"href":"https:\/\/centros.uepb.edu.br\/ch\/wp-json\/wp\/v2\/posts\/9395","targetHints":{"allow":["GET"]}}],"collection":[{"href":"https:\/\/centros.uepb.edu.br\/ch\/wp-json\/wp\/v2\/posts"}],"about":[{"href":"https:\/\/centros.uepb.edu.br\/ch\/wp-json\/wp\/v2\/types\/post"}],"author":[{"embeddable":true,"href":"https:\/\/centros.uepb.edu.br\/ch\/wp-json\/wp\/v2\/users\/60"}],"replies":[{"embeddable":true,"href":"https:\/\/centros.uepb.edu.br\/ch\/wp-json\/wp\/v2\/comments?post=9395"}],"version-history":[{"count":0,"href":"https:\/\/centros.uepb.edu.br\/ch\/wp-json\/wp\/v2\/posts\/9395\/revisions"}],"wp:attachment":[{"href":"https:\/\/centros.uepb.edu.br\/ch\/wp-json\/wp\/v2\/media?parent=9395"}],"wp:term":[{"taxonomy":"category","embeddable":true,"href":"https:\/\/centros.uepb.edu.br\/ch\/wp-json\/wp\/v2\/categories?post=9395"},{"taxonomy":"post_tag","embeddable":true,"href":"https:\/\/centros.uepb.edu.br\/ch\/wp-json\/wp\/v2\/tags?post=9395"}],"curies":[{"name":"wp","href":"https:\/\/api.w.org\/{rel}","templated":true}]}}