{"id":9371,"date":"2023-10-31T11:50:21","date_gmt":"2023-10-31T11:50:21","guid":{"rendered":"https:\/\/centros.uepb.edu.br\/ch\/?p=9371"},"modified":"2023-10-31T12:23:44","modified_gmt":"2023-10-31T12:23:44","slug":"viii-semana-regional-de-humanidades-ocorrera-entre-os-dias-08-09-e-10-de-novembro-de-2023-no-campus-iii-da-uepb","status":"publish","type":"post","link":"https:\/\/centros.uepb.edu.br\/ch\/viii-semana-regional-de-humanidades-ocorrera-entre-os-dias-08-09-e-10-de-novembro-de-2023-no-campus-iii-da-uepb\/","title":{"rendered":"VIII Semana Regional de Humanidades ocorrer\u00e1 entre os dias 08, 09 e 10 de novembro de 2023, no Campus III, da UEPB."},"content":{"rendered":"<p style=\"text-align: left\">A VIII Semana Regional de Humanidades, do Campus III da UEPB, com o tema \u201cA Forma\u00e7\u00e3o Humana em Tempos de Tecnologiza\u00e7\u00e3o\u201d, ocorrer\u00e1 entre os dias 08, 09 e 10 de novembro de 2023, no Campus III, da UEPB, na cidade de Guarabira\/PB. Essa atividade vincula-se ao III Congresso Universit\u00e1rio da UEPB, evento que congrega todas as a\u00e7\u00f5es de ensino, pesquisa e extens\u00e3o da nossa universidade.<\/p>\n<p>A VIII Semana de Humanidades marca o retorno dos eventos cient\u00edficos presenciais, p\u00f3s-pandemia da covid-19. J\u00e1 tem sido reflex\u00e3o de fil\u00f3sofos, pesquisadores, historiadores, comunicadores, dentre outros profissionais, a quest\u00e3o da influ\u00eancia das tecnologias na forma\u00e7\u00e3o humana. Enquanto formadores de opini\u00e3o, reflex\u00f5es relevantes t\u00eam sido foco dos nossos argumentos em sala de aula, tendo em vista a forma\u00e7\u00e3o de futuros profissionais no mercado de trabalho: o advento das redes sociais, a exposi\u00e7\u00e3o excessiva \u00e0s telas, quest\u00f5es jur\u00eddicas e \u00e9ticas sobre invas\u00f5es de sistemas e exposi\u00e7\u00f5es de fake news, al\u00e9m das influ\u00eancias das intelig\u00eancias artificiais, dentre v\u00e1rias outras quest\u00f5es. Sendo assim, o entusiasmo da Organiza\u00e7\u00e3o Geral, das Comiss\u00f5es e das pessoas que v\u00e3o participar \u00e9 alto. S\u00e3o expectativas para dar continuidade \u00e0 jornada de forma\u00e7\u00e3o acad\u00eamica juntamente com a intera\u00e7\u00e3o social e a troca de saberes entre os pares na institui\u00e7\u00e3o.<\/p>\n<p>O evento ser\u00e1 marcado por um n\u00famero expressivo de atividades como palestras, minicursos, Simp\u00f3sios Tem\u00e1ticos, Oficinas, Mostras e Exposi\u00e7\u00f5es. Um evento que est\u00e1 em sua oitava edi\u00e7\u00e3o e vem para dinamizar estudantes de gradua\u00e7\u00e3o e p\u00f3s-gradua\u00e7\u00e3o, docentes da UEPB e convidados de outras institui\u00e7\u00f5es.<\/p>\n<p style=\"text-align: left\"><span style=\"font-weight: 400\">A comiss\u00e3o cient\u00edfica convida toda a comunidade acad\u00eamica para participar do evento, que ocorrer\u00e1 em formato presencial e informa que n\u00e3o haver\u00e1 cobran\u00e7a para participa\u00e7\u00e3o em qualquer modalidade.\u00a0<\/span><\/p>\n<p style=\"text-align: left\"><span style=\"font-weight: 400\">\u00a0<\/span><\/p>\n<p><a href=\"https:\/\/centros.uepb.edu.br\/ch\/files\/2023\/10\/humanidade.png\"><img loading=\"lazy\" decoding=\"async\" class=\"alignnone size-medium wp-image-9372 img-responsive\" src=\"https:\/\/centros.uepb.edu.br\/ch\/files\/2023\/10\/humanidade-300x300.png\" alt=\"\" width=\"300\" height=\"300\" srcset=\"https:\/\/centros.uepb.edu.br\/ch\/files\/2023\/10\/humanidade-300x300.png 300w, https:\/\/centros.uepb.edu.br\/ch\/files\/2023\/10\/humanidade.png 825w\" sizes=\"auto, (max-width: 300px) 100vw, 300px\" \/><\/a> <a href=\"https:\/\/centros.uepb.edu.br\/ch\/files\/2023\/10\/humanidades.png\"><img loading=\"lazy\" decoding=\"async\" class=\"alignnone size-medium wp-image-9373 img-responsive\" src=\"https:\/\/centros.uepb.edu.br\/ch\/files\/2023\/10\/humanidades-300x300.png\" alt=\"\" width=\"300\" height=\"300\" srcset=\"https:\/\/centros.uepb.edu.br\/ch\/files\/2023\/10\/humanidades-300x300.png 300w, https:\/\/centros.uepb.edu.br\/ch\/files\/2023\/10\/humanidades-796x796.png 796w, https:\/\/centros.uepb.edu.br\/ch\/files\/2023\/10\/humanidades.png 827w\" sizes=\"auto, (max-width: 300px) 100vw, 300px\" \/><\/a><\/p>\n<p>&nbsp;<\/p>\n","protected":false},"excerpt":{"rendered":"<p>A VIII Semana Regional de Humanidades, do Campus III da UEPB, com o tema \u201cA Forma\u00e7\u00e3o Humana em Tempos de Tecnologiza\u00e7\u00e3o\u201d, ocorrer\u00e1 entre os dias 08, 09 e 10 de novembro de 2023, no Campus III, da UEPB, na cidade de Guarabira\/PB. Essa atividade vincula-se ao III Congresso Universit\u00e1rio da UEPB, evento que congrega todas <a class=\"leiamais\" href=\"https:\/\/centros.uepb.edu.br\/ch\/viii-semana-regional-de-humanidades-ocorrera-entre-os-dias-08-09-e-10-de-novembro-de-2023-no-campus-iii-da-uepb\/\">Leia Mais&#8230;<\/a><\/p>\n","protected":false},"author":60,"featured_media":0,"comment_status":"closed","ping_status":"closed","sticky":true,"template":"","format":"standard","meta":{"jetpack_post_was_ever_published":false,"_jetpack_newsletter_access":"","_jetpack_dont_email_post_to_subs":false,"_jetpack_newsletter_tier_id":0,"_jetpack_memberships_contains_paywalled_content":false,"_jetpack_memberships_contains_paid_content":false,"footnotes":""},"categories":[9,36,10,3,11,12,13],"tags":[],"class_list":["post-9371","post","type-post","status-publish","format-standard","hentry","category-agend-noticias-destaque","category-agend-noticias-destaque-img","category-ch","category-noticias","category-noticias-alunos","category-noticias-destaque","category-noticias-professores"],"jetpack_featured_media_url":"","jetpack_shortlink":"https:\/\/wp.me\/p4NR4N-2r9","jetpack_sharing_enabled":true,"_links":{"self":[{"href":"https:\/\/centros.uepb.edu.br\/ch\/wp-json\/wp\/v2\/posts\/9371","targetHints":{"allow":["GET"]}}],"collection":[{"href":"https:\/\/centros.uepb.edu.br\/ch\/wp-json\/wp\/v2\/posts"}],"about":[{"href":"https:\/\/centros.uepb.edu.br\/ch\/wp-json\/wp\/v2\/types\/post"}],"author":[{"embeddable":true,"href":"https:\/\/centros.uepb.edu.br\/ch\/wp-json\/wp\/v2\/users\/60"}],"replies":[{"embeddable":true,"href":"https:\/\/centros.uepb.edu.br\/ch\/wp-json\/wp\/v2\/comments?post=9371"}],"version-history":[{"count":0,"href":"https:\/\/centros.uepb.edu.br\/ch\/wp-json\/wp\/v2\/posts\/9371\/revisions"}],"wp:attachment":[{"href":"https:\/\/centros.uepb.edu.br\/ch\/wp-json\/wp\/v2\/media?parent=9371"}],"wp:term":[{"taxonomy":"category","embeddable":true,"href":"https:\/\/centros.uepb.edu.br\/ch\/wp-json\/wp\/v2\/categories?post=9371"},{"taxonomy":"post_tag","embeddable":true,"href":"https:\/\/centros.uepb.edu.br\/ch\/wp-json\/wp\/v2\/tags?post=9371"}],"curies":[{"name":"wp","href":"https:\/\/api.w.org\/{rel}","templated":true}]}}