{"id":9356,"date":"2023-10-19T15:36:52","date_gmt":"2023-10-19T15:36:52","guid":{"rendered":"https:\/\/centros.uepb.edu.br\/ch\/?p=9356"},"modified":"2023-10-19T15:36:52","modified_gmt":"2023-10-19T15:36:52","slug":"nota-de-pesar-2","status":"publish","type":"post","link":"https:\/\/centros.uepb.edu.br\/ch\/nota-de-pesar-2\/","title":{"rendered":"Nota de Pesar"},"content":{"rendered":"<p align=\"justify\">\u00c9 com profundo pesar que o Centro de Humanidades, o Departamento e a Coordena\u00e7\u00e3o do curso de Letras comunicam o falecimento de Higor Pereira Silva de Sousa, aluno do Curso de Letras Portugu\u00eas do Campus III da Universidade Estadual da Para\u00edba. Neste momento de dor, expressamos nossos sentimentos \u00e0 fam\u00edlia e aos amigos de Higor.<\/p>\n<p align=\"justify\"><a href=\"https:\/\/centros.uepb.edu.br\/ch\/files\/2023\/10\/WhatsApp-Image-2023-10-19-at-12.05.08.jpeg\"><img loading=\"lazy\" decoding=\"async\" class=\"alignnone  wp-image-9357 img-responsive\" src=\"https:\/\/centros.uepb.edu.br\/ch\/files\/2023\/10\/WhatsApp-Image-2023-10-19-at-12.05.08.jpeg\" alt=\"\" width=\"496\" height=\"485\" srcset=\"https:\/\/centros.uepb.edu.br\/ch\/files\/2023\/10\/WhatsApp-Image-2023-10-19-at-12.05.08.jpeg 1125w, https:\/\/centros.uepb.edu.br\/ch\/files\/2023\/10\/WhatsApp-Image-2023-10-19-at-12.05.08-300x293.jpeg 300w, https:\/\/centros.uepb.edu.br\/ch\/files\/2023\/10\/WhatsApp-Image-2023-10-19-at-12.05.08-815x796.jpeg 815w\" sizes=\"auto, (max-width: 496px) 100vw, 496px\" \/><\/a><\/p>\n","protected":false},"excerpt":{"rendered":"<p>\u00c9 com profundo pesar que o Centro de Humanidades, o Departamento e a Coordena\u00e7\u00e3o do curso de Letras comunicam o falecimento de Higor Pereira Silva de Sousa, aluno do Curso de Letras Portugu\u00eas do Campus III da Universidade Estadual da Para\u00edba. Neste momento de dor, expressamos nossos sentimentos \u00e0 fam\u00edlia e aos amigos de Higor.<\/p>\n","protected":false},"author":49,"featured_media":0,"comment_status":"closed","ping_status":"closed","sticky":false,"template":"","format":"standard","meta":{"jetpack_post_was_ever_published":false,"_jetpack_newsletter_access":"","_jetpack_dont_email_post_to_subs":false,"_jetpack_newsletter_tier_id":0,"_jetpack_memberships_contains_paywalled_content":false,"_jetpack_memberships_contains_paid_content":false,"footnotes":""},"categories":[9,36,10,3,11,12,14,13,18],"tags":[],"class_list":["post-9356","post","type-post","status-publish","format-standard","hentry","category-agend-noticias-destaque","category-agend-noticias-destaque-img","category-ch","category-noticias","category-noticias-alunos","category-noticias-destaque","category-noticias-destaque-img","category-noticias-professores","category-noticias-tecnicos"],"jetpack_featured_media_url":"","jetpack_shortlink":"https:\/\/wp.me\/p4NR4N-2qU","jetpack_sharing_enabled":true,"_links":{"self":[{"href":"https:\/\/centros.uepb.edu.br\/ch\/wp-json\/wp\/v2\/posts\/9356","targetHints":{"allow":["GET"]}}],"collection":[{"href":"https:\/\/centros.uepb.edu.br\/ch\/wp-json\/wp\/v2\/posts"}],"about":[{"href":"https:\/\/centros.uepb.edu.br\/ch\/wp-json\/wp\/v2\/types\/post"}],"author":[{"embeddable":true,"href":"https:\/\/centros.uepb.edu.br\/ch\/wp-json\/wp\/v2\/users\/49"}],"replies":[{"embeddable":true,"href":"https:\/\/centros.uepb.edu.br\/ch\/wp-json\/wp\/v2\/comments?post=9356"}],"version-history":[{"count":0,"href":"https:\/\/centros.uepb.edu.br\/ch\/wp-json\/wp\/v2\/posts\/9356\/revisions"}],"wp:attachment":[{"href":"https:\/\/centros.uepb.edu.br\/ch\/wp-json\/wp\/v2\/media?parent=9356"}],"wp:term":[{"taxonomy":"category","embeddable":true,"href":"https:\/\/centros.uepb.edu.br\/ch\/wp-json\/wp\/v2\/categories?post=9356"},{"taxonomy":"post_tag","embeddable":true,"href":"https:\/\/centros.uepb.edu.br\/ch\/wp-json\/wp\/v2\/tags?post=9356"}],"curies":[{"name":"wp","href":"https:\/\/api.w.org\/{rel}","templated":true}]}}