{"id":9337,"date":"2023-09-05T12:33:39","date_gmt":"2023-09-05T12:33:39","guid":{"rendered":"https:\/\/centros.uepb.edu.br\/ch\/?p=9337"},"modified":"2023-09-05T12:52:46","modified_gmt":"2023-09-05T12:52:46","slug":"coordenacao-de-historia-da-uepb-campus-iii-promove-a-ii-jornada-historias-plurais-nos-dias-18-e-19-de-setembro-de-2023-no-auditorio-do-ch-uepb-guarabira","status":"publish","type":"post","link":"https:\/\/centros.uepb.edu.br\/ch\/coordenacao-de-historia-da-uepb-campus-iii-promove-a-ii-jornada-historias-plurais-nos-dias-18-e-19-de-setembro-de-2023-no-auditorio-do-ch-uepb-guarabira\/","title":{"rendered":"Coordena\u00e7\u00e3o de Hist\u00f3ria da UEPB &#8211; campus III promove a II Jornada Hist\u00f3rias Plurais, nos dias 18 e 19 de setembro de 2023, no audit\u00f3rio do CH\/UEPB-Guarabira."},"content":{"rendered":"<p>A II Jornada Hist\u00f3rias Plurais, promovida pela Coordena\u00e7\u00e3o de Hist\u00f3ria da UEPB &#8211; campus III e pelo GT de Estudos de G\u00eanero, Interseccionalidades e Feminismos da ANPUH-PB, tem como objetivo reunir professores\/as e egressos\/as do curso de Hist\u00f3ria no debate em torno da diversidade te\u00f3rica e de mundo que envolvem a produ\u00e7\u00e3o do conhecimento hist\u00f3rico na contemporaneidade. Em sua segunda edi\u00e7\u00e3o, o evento acontecer\u00e1 de forma mais ampliada nos dias 18 e 19 de setembro de 2023, no audit\u00f3rio do CH\/UEPB-Guarabira.<\/p>\n<p>&nbsp;<\/p>\n<p><strong>PROGRAMA\u00c7\u00c3O<\/strong><\/p>\n<p><strong>SEGUNDA &#8211; 18\/09<\/strong><br \/>\nTarde (14-16 hs)<br \/>\nRoda de conversa: Resist\u00eancias e lutas camponesas na Para\u00edba<br \/>\nDayane Nascimento Sobreira (UEPB\/Funda\u00e7\u00e3o Memorial da Am\u00e9rica Latina)<br \/>\nDiego Pessoa Irineu de Fran\u00e7a (UEPB)<br \/>\nLan\u00e7amento do livro \u201cTeologia da Liberta\u00e7\u00e3o e pr\u00e1xis: mem\u00f3rias territoriais de l\u00e1grimas e luta pela terra na regi\u00e3o de Guarabira\u201d<br \/>\nLocal: Audit\u00f3rio CH<br \/>\nAtividade cultural \u2013 Centro Acad\u00eamico de Hist\u00f3ria (16hs)<\/p>\n<p>Noite (19:30-21hs)<br \/>\nPainel tem\u00e1tico e art\u00edstico: Paraibanas, sim, senhoras!<br \/>\nDjanira Meneses da Silva (atriz, professora)<br \/>\nJana\u00edna Vicente da Silva (mestra em Hist\u00f3ria &#8211; UFPB)<br \/>\nCoordena\u00e7\u00e3o: Susel Oliveira da Rosa (UEPB)<br \/>\nLan\u00e7amento do livro: \u201cVila de Poesia\u201d<br \/>\nLocal: Audit\u00f3rio CH<\/p>\n<p><strong>TER\u00c7A &#8211; 19\/09<\/strong><\/p>\n<p>Tarde (14-16hs)<br \/>\nPainel tem\u00e1tico: Juventudes em movimento: sociabilidades rebeldes (1950-1960)<br \/>\nRams\u00e9s Nunes e Silva (UEPB)<br \/>\nCoordena\u00e7\u00e3o: Al\u00f4mia Abrantes da Silva (UEPB)<br \/>\nLan\u00e7amento do livro \u201cPlayboys, transviados e brotinhos: uma hist\u00f3ria do rock\u2019n roll na cidade de Jo\u00e3o Pessoa (1955-1960)\u201d<br \/>\nLocal: Audit\u00f3rio CH<\/p>\n<p>Noite (19:30-21hs)<br \/>\nPainel tem\u00e1tico e art\u00edstico: Por uma educa\u00e7\u00e3o libert\u00e1ria<br \/>\nFernando Domingos de Aguiar J\u00fanior (FIOCRUZ)<br \/>\nWaldeci Ferreira Chagas (UEPB)<br \/>\nExibi\u00e7\u00e3o do curta metragem \u201cO Pato\u201d<br \/>\nLocal: Audit\u00f3rio CH<\/p>\n<p>&nbsp;<\/p>\n<p><strong>ATIVIDADES CONCOMITANTES<\/strong><br \/>\nExposi\u00e7\u00e3o Arte Naif (Lucas Santos) @luc.arts10<br \/>\nPresen\u00e7a do Sebo Patinhas @sebopatinhas<br \/>\nFeirinha de Artesanato<\/p>\n<p>&nbsp;<\/p>\n<p>&nbsp;<\/p>\n<p><a href=\"https:\/\/centros.uepb.edu.br\/ch\/files\/2023\/09\/jornada.png\"><img loading=\"lazy\" decoding=\"async\" class=\"alignnone size-medium wp-image-9338 img-responsive\" src=\"https:\/\/centros.uepb.edu.br\/ch\/files\/2023\/09\/jornada-298x300.png\" alt=\"\" width=\"298\" height=\"300\" srcset=\"https:\/\/centros.uepb.edu.br\/ch\/files\/2023\/09\/jornada-298x300.png 298w, https:\/\/centros.uepb.edu.br\/ch\/files\/2023\/09\/jornada-790x796.png 790w, https:\/\/centros.uepb.edu.br\/ch\/files\/2023\/09\/jornada.png 829w\" sizes=\"auto, (max-width: 298px) 100vw, 298px\" \/><\/a><\/p>\n","protected":false},"excerpt":{"rendered":"<p>A II Jornada Hist\u00f3rias Plurais, promovida pela Coordena\u00e7\u00e3o de Hist\u00f3ria da UEPB &#8211; campus III e pelo GT de Estudos de G\u00eanero, Interseccionalidades e Feminismos da ANPUH-PB, tem como objetivo reunir professores\/as e egressos\/as do curso de Hist\u00f3ria no debate em torno da diversidade te\u00f3rica e de mundo que envolvem a produ\u00e7\u00e3o do conhecimento hist\u00f3rico <a class=\"leiamais\" href=\"https:\/\/centros.uepb.edu.br\/ch\/coordenacao-de-historia-da-uepb-campus-iii-promove-a-ii-jornada-historias-plurais-nos-dias-18-e-19-de-setembro-de-2023-no-auditorio-do-ch-uepb-guarabira\/\">Leia Mais&#8230;<\/a><\/p>\n","protected":false},"author":60,"featured_media":0,"comment_status":"closed","ping_status":"closed","sticky":false,"template":"","format":"standard","meta":{"jetpack_post_was_ever_published":false,"_jetpack_newsletter_access":"","_jetpack_dont_email_post_to_subs":false,"_jetpack_newsletter_tier_id":0,"_jetpack_memberships_contains_paywalled_content":false,"_jetpack_memberships_contains_paid_content":false,"footnotes":""},"categories":[1],"tags":[],"class_list":["post-9337","post","type-post","status-publish","format-standard","hentry","category-sem-categoria"],"jetpack_featured_media_url":"","jetpack_shortlink":"https:\/\/wp.me\/p4NR4N-2qB","jetpack_sharing_enabled":true,"_links":{"self":[{"href":"https:\/\/centros.uepb.edu.br\/ch\/wp-json\/wp\/v2\/posts\/9337","targetHints":{"allow":["GET"]}}],"collection":[{"href":"https:\/\/centros.uepb.edu.br\/ch\/wp-json\/wp\/v2\/posts"}],"about":[{"href":"https:\/\/centros.uepb.edu.br\/ch\/wp-json\/wp\/v2\/types\/post"}],"author":[{"embeddable":true,"href":"https:\/\/centros.uepb.edu.br\/ch\/wp-json\/wp\/v2\/users\/60"}],"replies":[{"embeddable":true,"href":"https:\/\/centros.uepb.edu.br\/ch\/wp-json\/wp\/v2\/comments?post=9337"}],"version-history":[{"count":0,"href":"https:\/\/centros.uepb.edu.br\/ch\/wp-json\/wp\/v2\/posts\/9337\/revisions"}],"wp:attachment":[{"href":"https:\/\/centros.uepb.edu.br\/ch\/wp-json\/wp\/v2\/media?parent=9337"}],"wp:term":[{"taxonomy":"category","embeddable":true,"href":"https:\/\/centros.uepb.edu.br\/ch\/wp-json\/wp\/v2\/categories?post=9337"},{"taxonomy":"post_tag","embeddable":true,"href":"https:\/\/centros.uepb.edu.br\/ch\/wp-json\/wp\/v2\/tags?post=9337"}],"curies":[{"name":"wp","href":"https:\/\/api.w.org\/{rel}","templated":true}]}}