{"id":9313,"date":"2023-07-18T12:29:25","date_gmt":"2023-07-18T12:29:25","guid":{"rendered":"https:\/\/centros.uepb.edu.br\/ch\/?p=9313"},"modified":"2023-07-18T12:29:25","modified_gmt":"2023-07-18T12:29:25","slug":"divulgacao-do-resultado-do-processo-de-selecao-para-escolha-do-discurso-do-orador-oficial-da-solenidade-de-colacao-de-grau-2023-1","status":"publish","type":"post","link":"https:\/\/centros.uepb.edu.br\/ch\/divulgacao-do-resultado-do-processo-de-selecao-para-escolha-do-discurso-do-orador-oficial-da-solenidade-de-colacao-de-grau-2023-1\/","title":{"rendered":"Divulga\u00e7\u00e3o do Resultado do Processo de Sele\u00e7\u00e3o para Escolha do Discurso do Orador Oficial da Solenidade de Cola\u00e7\u00e3o de Grau 2023.1"},"content":{"rendered":"<p>Em atendimento ao Edital N\u00ba 001-2023\/CH\/UEPB \u2013 Processo de Sele\u00e7\u00e3o para Escolha do Discurso do Orador Oficial da Solenidade de Cola\u00e7\u00e3o de Grau 2023.1 do Campus III, a Comiss\u00e3o Julgadora, formada por dois professores do Curso de Letras e uma professora do curso de Geografia, ap\u00f3s a avalia\u00e7\u00e3o dos discursos dos candidatos inscritos, selecionou o discurso do candidato Ronaldo do Nascimento Monteiro J\u00fanior, aluno do Curso de Direito, para ser lido na sess\u00e3o solene de cola\u00e7\u00e3o de Grau das turmas concluintes do semestre 2023.1 deste Centro de Humanidades.<br \/>\nA solenidade acontecer\u00e1 no dia 25 de julho de 2023, \u00e0s 17h00, na Maison D&#8217;Mel, Guarabira-PB.<\/p>\n","protected":false},"excerpt":{"rendered":"<p>Em atendimento ao Edital N\u00ba 001-2023\/CH\/UEPB \u2013 Processo de Sele\u00e7\u00e3o para Escolha do Discurso do Orador Oficial da Solenidade de Cola\u00e7\u00e3o de Grau 2023.1 do Campus III, a Comiss\u00e3o Julgadora, formada por dois professores do Curso de Letras e uma professora do curso de Geografia, ap\u00f3s a avalia\u00e7\u00e3o dos discursos dos candidatos inscritos, selecionou o <a class=\"leiamais\" href=\"https:\/\/centros.uepb.edu.br\/ch\/divulgacao-do-resultado-do-processo-de-selecao-para-escolha-do-discurso-do-orador-oficial-da-solenidade-de-colacao-de-grau-2023-1\/\">Leia Mais&#8230;<\/a><\/p>\n","protected":false},"author":49,"featured_media":0,"comment_status":"closed","ping_status":"closed","sticky":false,"template":"","format":"standard","meta":{"jetpack_post_was_ever_published":false,"_jetpack_newsletter_access":"","_jetpack_dont_email_post_to_subs":false,"_jetpack_newsletter_tier_id":0,"_jetpack_memberships_contains_paywalled_content":false,"_jetpack_memberships_contains_paid_content":false,"footnotes":""},"categories":[9,36,10,44,3,11,12,14,13,18,5],"tags":[],"class_list":["post-9313","post","type-post","status-publish","format-standard","hentry","category-agend-noticias-destaque","category-agend-noticias-destaque-img","category-ch","category-colacao-de-grau","category-noticias","category-noticias-alunos","category-noticias-destaque","category-noticias-destaque-img","category-noticias-professores","category-noticias-tecnicos","category-visiveis"],"jetpack_featured_media_url":"","jetpack_shortlink":"https:\/\/wp.me\/p4NR4N-2qd","jetpack_sharing_enabled":true,"_links":{"self":[{"href":"https:\/\/centros.uepb.edu.br\/ch\/wp-json\/wp\/v2\/posts\/9313","targetHints":{"allow":["GET"]}}],"collection":[{"href":"https:\/\/centros.uepb.edu.br\/ch\/wp-json\/wp\/v2\/posts"}],"about":[{"href":"https:\/\/centros.uepb.edu.br\/ch\/wp-json\/wp\/v2\/types\/post"}],"author":[{"embeddable":true,"href":"https:\/\/centros.uepb.edu.br\/ch\/wp-json\/wp\/v2\/users\/49"}],"replies":[{"embeddable":true,"href":"https:\/\/centros.uepb.edu.br\/ch\/wp-json\/wp\/v2\/comments?post=9313"}],"version-history":[{"count":0,"href":"https:\/\/centros.uepb.edu.br\/ch\/wp-json\/wp\/v2\/posts\/9313\/revisions"}],"wp:attachment":[{"href":"https:\/\/centros.uepb.edu.br\/ch\/wp-json\/wp\/v2\/media?parent=9313"}],"wp:term":[{"taxonomy":"category","embeddable":true,"href":"https:\/\/centros.uepb.edu.br\/ch\/wp-json\/wp\/v2\/categories?post=9313"},{"taxonomy":"post_tag","embeddable":true,"href":"https:\/\/centros.uepb.edu.br\/ch\/wp-json\/wp\/v2\/tags?post=9313"}],"curies":[{"name":"wp","href":"https:\/\/api.w.org\/{rel}","templated":true}]}}