{"id":9289,"date":"2023-03-21T15:11:00","date_gmt":"2023-03-21T15:11:00","guid":{"rendered":"https:\/\/centros.uepb.edu.br\/ch\/?p=9289"},"modified":"2023-03-22T13:29:25","modified_gmt":"2023-03-22T13:29:25","slug":"periodo-2023-1-campus-iii-da-uepb-recepciona-os-mais-novos-estudantes-do-centro-de-humanidades","status":"publish","type":"post","link":"https:\/\/centros.uepb.edu.br\/ch\/periodo-2023-1-campus-iii-da-uepb-recepciona-os-mais-novos-estudantes-do-centro-de-humanidades\/","title":{"rendered":"Per\u00edodo 2023.1: Campus III da UEPB recepciona os mais novos estudantes do Centro de Humanidades"},"content":{"rendered":"<p>Nessa sexta-feira (17), cerca de 300 novos estudantes ingressaram nos cinco cursos ofertados pelo Campus III da Universidade Estadual da Para\u00edba (UEPB). Para celebrar a entrada dos \u201cferas\u201d, um ciclo de palestras foi promovido, no Audit\u00f3rio do Centro de Humanidades (CH), durante os turnos manh\u00e3, tarde e noite.<\/p>\n<p>Com o objetivo de apresentar o mundo acad\u00eamico aos novatos, a diretora do CH, professora Cl\u00e9oma Toscano, juntamente com a diretora adjunta, professora F\u00e1tima Aquino, iniciou a atividade dando boas-vindas aos ingressantes do per\u00edodo letivo 2023.1 dos cursos de Geografia, Letras, Hist\u00f3ria, Pedagogia e Direito.<\/p>\n<p>A programa\u00e7\u00e3o seguiu com a participa\u00e7\u00e3o da vice-reitora da UEPB, professora Ivonildes Fonseca, que, na ocasi\u00e3o, proferiu um discurso de acolhimento, bem como ressaltou a import\u00e2ncia de se fazer parte de uma universidade e do comprometimento \u00e9tico e social que cada aluno deve ter com sua \u00e1rea de forma\u00e7\u00e3o.<\/p>\n<p>Outra palestra de destaque foi conduzida pela pr\u00f3-reitora adjunta de Gradua\u00e7\u00e3o, professora Vagda Gutemberg Gon\u00e7alves Rocha, que, al\u00e9m de trazer palavras de est\u00edmulo e motiva\u00e7\u00e3o aos estudantes, explanou sobre o funcionamento dos cursos disponibilizados pela institui\u00e7\u00e3o. A bibliotec\u00e1ria do CH, Andreza Serafim, tamb\u00e9m enriqueceu o evento, demonstrando como se d\u00e1 o funcionamento da biblioteca local.<\/p>\n<p><em><strong>Texto:<\/strong> Simone Bezerril<\/em><\/p>\n","protected":false},"excerpt":{"rendered":"<p>Nessa sexta-feira (17), cerca de 300 novos estudantes ingressaram nos cinco cursos ofertados pelo Campus III da Universidade Estadual da Para\u00edba (UEPB). Para celebrar a entrada dos \u201cferas\u201d, um ciclo de palestras foi promovido, no Audit\u00f3rio do Centro de Humanidades (CH), durante os turnos manh\u00e3, tarde e noite. Com o objetivo de apresentar o mundo <a class=\"leiamais\" href=\"https:\/\/centros.uepb.edu.br\/ch\/periodo-2023-1-campus-iii-da-uepb-recepciona-os-mais-novos-estudantes-do-centro-de-humanidades\/\">Leia Mais&#8230;<\/a><\/p>\n","protected":false},"author":49,"featured_media":0,"comment_status":"closed","ping_status":"closed","sticky":false,"template":"","format":"standard","meta":{"jetpack_post_was_ever_published":false,"_jetpack_newsletter_access":"","_jetpack_dont_email_post_to_subs":false,"_jetpack_newsletter_tier_id":0,"_jetpack_memberships_contains_paywalled_content":false,"_jetpack_memberships_contains_paid_content":false,"footnotes":""},"categories":[9,37,10,3,11,12,13,18],"tags":[],"class_list":["post-9289","post","type-post","status-publish","format-standard","hentry","category-agend-noticias-destaque","category-biblioteca","category-ch","category-noticias","category-noticias-alunos","category-noticias-destaque","category-noticias-professores","category-noticias-tecnicos"],"jetpack_featured_media_url":"","jetpack_shortlink":"https:\/\/wp.me\/p4NR4N-2pP","jetpack_sharing_enabled":true,"_links":{"self":[{"href":"https:\/\/centros.uepb.edu.br\/ch\/wp-json\/wp\/v2\/posts\/9289","targetHints":{"allow":["GET"]}}],"collection":[{"href":"https:\/\/centros.uepb.edu.br\/ch\/wp-json\/wp\/v2\/posts"}],"about":[{"href":"https:\/\/centros.uepb.edu.br\/ch\/wp-json\/wp\/v2\/types\/post"}],"author":[{"embeddable":true,"href":"https:\/\/centros.uepb.edu.br\/ch\/wp-json\/wp\/v2\/users\/49"}],"replies":[{"embeddable":true,"href":"https:\/\/centros.uepb.edu.br\/ch\/wp-json\/wp\/v2\/comments?post=9289"}],"version-history":[{"count":0,"href":"https:\/\/centros.uepb.edu.br\/ch\/wp-json\/wp\/v2\/posts\/9289\/revisions"}],"wp:attachment":[{"href":"https:\/\/centros.uepb.edu.br\/ch\/wp-json\/wp\/v2\/media?parent=9289"}],"wp:term":[{"taxonomy":"category","embeddable":true,"href":"https:\/\/centros.uepb.edu.br\/ch\/wp-json\/wp\/v2\/categories?post=9289"},{"taxonomy":"post_tag","embeddable":true,"href":"https:\/\/centros.uepb.edu.br\/ch\/wp-json\/wp\/v2\/tags?post=9289"}],"curies":[{"name":"wp","href":"https:\/\/api.w.org\/{rel}","templated":true}]}}