{"id":9277,"date":"2022-12-17T21:33:01","date_gmt":"2022-12-17T21:33:01","guid":{"rendered":"https:\/\/centros.uepb.edu.br\/ch\/?p=9277"},"modified":"2023-03-22T13:30:38","modified_gmt":"2023-03-22T13:30:38","slug":"divulgacao-do-resultado-do-processo-de-selecao-para-escolha-do-discurso-do-orador-oficial-da-solenidade-de-colacao-de-grau-2022-2","status":"publish","type":"post","link":"https:\/\/centros.uepb.edu.br\/ch\/divulgacao-do-resultado-do-processo-de-selecao-para-escolha-do-discurso-do-orador-oficial-da-solenidade-de-colacao-de-grau-2022-2\/","title":{"rendered":"Divulga\u00e7\u00e3o do resultado do processo de sele\u00e7\u00e3o para escolha do discurso do orador oficial da solenidade de cola\u00e7\u00e3o de grau 2022.2"},"content":{"rendered":"<p style=\"text-align: left\">Em atendimento ao Edital N\u00ba 004-2022\/CH\/UEPB \u2013 Processo de Sele\u00e7\u00e3o para Escolha do Discurso do Orador Oficial da Solenidade de Cola\u00e7\u00e3o de Grau 2022.2 do Campus III, a Comiss\u00e3o Julgadora, formada por dois professores do Curso de Letras e uma professora do curso de Geografia, ap\u00f3s a avalia\u00e7\u00e3o dos discursos dos candidatos inscritos, selecionou o discurso da candidata LEIDIANE DOS SANTOS RIBEIRO, aluna do Curso de Letras Ingl\u00eas, para ser lido na sess\u00e3o solene de cola\u00e7\u00e3o de Grau das turmas concluintes do semestre 2022.2 deste Centro de Humanidades. A solenidade acontecer\u00e1 no dia 20 de dezembro de 2022, \u00e0s 15h30, no Espa\u00e7o Glamour-Guarabira-PB.<\/p>\n","protected":false},"excerpt":{"rendered":"<p>Em atendimento ao Edital N\u00ba 004-2022\/CH\/UEPB \u2013 Processo de Sele\u00e7\u00e3o para Escolha do Discurso do Orador Oficial da Solenidade de Cola\u00e7\u00e3o de Grau 2022.2 do Campus III, a Comiss\u00e3o Julgadora, formada por dois professores do Curso de Letras e uma professora do curso de Geografia, ap\u00f3s a avalia\u00e7\u00e3o dos discursos dos candidatos inscritos, selecionou o <a class=\"leiamais\" href=\"https:\/\/centros.uepb.edu.br\/ch\/divulgacao-do-resultado-do-processo-de-selecao-para-escolha-do-discurso-do-orador-oficial-da-solenidade-de-colacao-de-grau-2022-2\/\">Leia Mais&#8230;<\/a><\/p>\n","protected":false},"author":49,"featured_media":0,"comment_status":"closed","ping_status":"closed","sticky":false,"template":"","format":"standard","meta":{"jetpack_post_was_ever_published":false,"_jetpack_newsletter_access":"","_jetpack_dont_email_post_to_subs":false,"_jetpack_newsletter_tier_id":0,"_jetpack_memberships_contains_paywalled_content":false,"_jetpack_memberships_contains_paid_content":false,"footnotes":""},"categories":[10,44,11,13,18],"tags":[],"class_list":["post-9277","post","type-post","status-publish","format-standard","hentry","category-ch","category-colacao-de-grau","category-noticias-alunos","category-noticias-professores","category-noticias-tecnicos"],"jetpack_featured_media_url":"","jetpack_shortlink":"https:\/\/wp.me\/p4NR4N-2pD","jetpack_sharing_enabled":true,"_links":{"self":[{"href":"https:\/\/centros.uepb.edu.br\/ch\/wp-json\/wp\/v2\/posts\/9277","targetHints":{"allow":["GET"]}}],"collection":[{"href":"https:\/\/centros.uepb.edu.br\/ch\/wp-json\/wp\/v2\/posts"}],"about":[{"href":"https:\/\/centros.uepb.edu.br\/ch\/wp-json\/wp\/v2\/types\/post"}],"author":[{"embeddable":true,"href":"https:\/\/centros.uepb.edu.br\/ch\/wp-json\/wp\/v2\/users\/49"}],"replies":[{"embeddable":true,"href":"https:\/\/centros.uepb.edu.br\/ch\/wp-json\/wp\/v2\/comments?post=9277"}],"version-history":[{"count":0,"href":"https:\/\/centros.uepb.edu.br\/ch\/wp-json\/wp\/v2\/posts\/9277\/revisions"}],"wp:attachment":[{"href":"https:\/\/centros.uepb.edu.br\/ch\/wp-json\/wp\/v2\/media?parent=9277"}],"wp:term":[{"taxonomy":"category","embeddable":true,"href":"https:\/\/centros.uepb.edu.br\/ch\/wp-json\/wp\/v2\/categories?post=9277"},{"taxonomy":"post_tag","embeddable":true,"href":"https:\/\/centros.uepb.edu.br\/ch\/wp-json\/wp\/v2\/tags?post=9277"}],"curies":[{"name":"wp","href":"https:\/\/api.w.org\/{rel}","templated":true}]}}