{"id":8845,"date":"2022-05-24T19:24:55","date_gmt":"2022-05-24T19:24:55","guid":{"rendered":"https:\/\/interno.uepb.edu.br\/?p=77507"},"modified":"2022-08-11T14:26:19","modified_gmt":"2022-08-11T14:26:19","slug":"professor-do-centro-de-humanidades-ministra-curso-na-area-de-fonetica-na-universidade-de-belgrado","status":"publish","type":"post","link":"https:\/\/centros.uepb.edu.br\/ch\/professor-do-centro-de-humanidades-ministra-curso-na-area-de-fonetica-na-universidade-de-belgrado\/","title":{"rendered":"Professor do Centro de Humanidades ministra curso na \u00e1rea de fon\u00e9tica na Universidade de Belgrado"},"content":{"rendered":"<p>No pr\u00f3ximo dia 14 de junho, o professor Le\u00f4nidas Jos\u00e9 da Silva J\u00fanior, do curso de Letras do Centro de Humanidades (CH) da Universidade Estadual da Para\u00edba (UEPB), ministrar\u00e1 um curso on-line que tem como tradu\u00e7\u00e3o \u201cAlinhamento (fon\u00e9tico) for\u00e7ado na pesquisa em Fon\u00e9tica (de L2): introdu\u00e7\u00e3o e aplica\u00e7\u00f5es\u201d, na Universidade de Belgrado, na S\u00e9rvia.<\/p>\n<p>Em mar\u00e7o deste ano, o professor Le\u00f4nidas participou do \u201c6th Belgrade International Meeting of English Phoneticians\u201d (BIMEP 2022), uma confer\u00eancia internacional de foneticistas de l\u00edngua inglesa em Belgrado, um evento de grande import\u00e2ncia para estudos em fon\u00e9tica do ingl\u00eas como l\u00edngua nativa e como l\u00edngua estrangeira. \u201cDurante o debate da minha apresenta\u00e7\u00e3o, tive a oportunidade de mostrar uma ferramenta que desenvolvi e estou aperfei\u00e7oando (VvunitAligner), que realinha algumas unidades fon\u00e9ticas geradas pelos alinhadores. Al\u00e9m de estabelecer novas fronteiras em enunciados longos para melhor captura de elementos da fala e sotaque estrangeiros\u201d, explicou.<\/p>\n<p>O objetivo, segundo o docente, \u00e9 depois do realinhamento, rodar outro programa, o SpeechRhythmExtractor \u2013 ferramenta desenvolvida por ele e seu supervisor do p\u00f3s-doutorado \u2013 para realiza\u00e7\u00e3o de modelagem do sotaque estrangeiro atrav\u00e9s das vogais, consoantes e s\u00edlabas. \u201cEm breve, disponibilizaremos a vers\u00e3o para testes contendo os dicion\u00e1rios das l\u00ednguas de trabalho. Tudo gratuitamente. Nesta vers\u00e3o, os professores de l\u00ednguas estrangeiras poder\u00e3o utiliz\u00e1-la em suas aulas de ensino de pron\u00fancia tornando as aulas mais participativas\u201d, pontuou Le\u00f4nidas.<\/p>\n<p>A partir da sua participa\u00e7\u00e3o no evento de Belgrado, a presidente da confer\u00eancia, Biljana Cubrovic, coordenadora do Laborat\u00f3rio de Fon\u00e9tica e do Grupo de Estudos Avan\u00e7ados em Fon\u00e9tica, ambos na Universidade de Belgrado, iniciou contato para que fosse realizado um workshop na institui\u00e7\u00e3o. O curso ser\u00e1 ministrado em ingl\u00eas, mas o professor Le\u00f4nidas afirmou que mostrar\u00e1 dados fon\u00e9ticos tanto do s\u00e9rvio como do portugu\u00eas do Brasil, especificamente dialetos paraibanos. O p\u00fablico do curso ser\u00e1 composto por estudantes, professores e pesquisadores deste laborat\u00f3rio e grupo de fon\u00e9tica da Universidade de Belgrado, que \u00e9 a maior da S\u00e9rvia.<\/p>\n<p><img loading=\"lazy\" decoding=\"async\" class=\"alignnone size-full wp-image-77482 img-responsive img-responsive\" src=\"https:\/\/interno.uepb.edu.br\/wp-content\/uploads\/2022\/05\/Professor-Leonidas-Curso-de-fonetica.jpg\" alt=\"\" width=\"1271\" height=\"607\" \/>Le\u00f4nidas Jos\u00e9, que \u00e9 professor do Departamento de Letras do CH, no C\u00e2mpus III, explicou ainda que o tanto o VVunitAligner como o SpeechRhythmExtractor j\u00e1 est\u00e1 sendo usados com \u00eaxito por tr\u00eas pesquisadoras que comp\u00f5em projetos da cota atual do PIBIC, no C\u00e2mpus de Guarabira. Uma delas \u00e9 Cryslainne Lima aborda, cujo projeto analisa a ac\u00fastica de vogais do ingl\u00eas como L2. J\u00e1 Karla dos Santos, tem o projeto que aborda a pros\u00f3dia e expressividade da fala do portugu\u00eas como L2; e Ma\u00edsa Ferreira, com projeto que aborda a pros\u00f3dia e expressividade da fala do ingl\u00eas como L2.<\/p>\n<p><strong>Curso em Macau<\/strong><br \/>\nEm abril deste ano, o professor Le\u00f4nidas ministrou um curso em portugu\u00eas para alunos de mestrado e doutorado do Instituto de Neuroci\u00eancias da Universidade de Macau, na China. O workshop era intitulado: \u201cSotaque estrangeiro e pros\u00f3dia de L2: implica\u00e7\u00f5es cognitivas, atitudinais e sociais\u201d. A professora que o convidou, Margarida Nunes, j\u00e1 havia participado de um curso que ele havia ministrado em 2019, na Universidade Estadual de Campinas (Unicamp) sobre identifica\u00e7\u00e3o de sotaques estrangeiros por pistas fon\u00e9ticas.<\/p>\n<p><em><strong>Texto:<\/strong> Juliana Rosas<\/em><br \/>\n<em><strong>Foto:<\/strong> Reprodu\u00e7\u00e3o Sala Virtual<\/em><\/p>\n","protected":false},"excerpt":{"rendered":"<p>No pr\u00f3ximo dia 14 de junho, o professor Le\u00f4nidas Jos\u00e9 da Silva J\u00fanior, do curso de Letras do Centro de Humanidades (CH) da Universidade Estadual da Para\u00edba (UEPB), ministrar\u00e1 um curso on-line que tem como tradu\u00e7\u00e3o \u201cAlinhamento (fon\u00e9tico) for\u00e7ado na pesquisa em Fon\u00e9tica (de L2): introdu\u00e7\u00e3o e aplica\u00e7\u00f5es\u201d, na Universidade de Belgrado, na S\u00e9rvia. Em <a class=\"leiamais\" href=\"https:\/\/interno.uepb.edu.br\/professor-do-centro-de-humanidades-ministra-curso-na-area-de-fonetica-na-universidade-de-belgrado\/\">Leia Mais&#8230;<\/a><\/p>\n","protected":false},"author":39,"featured_media":0,"comment_status":"closed","ping_status":"closed","sticky":false,"template":"","format":"standard","meta":{"jetpack_post_was_ever_published":false,"_jetpack_newsletter_access":"","_jetpack_dont_email_post_to_subs":false,"_jetpack_newsletter_tier_id":0,"_jetpack_memberships_contains_paywalled_content":false,"_jetpack_memberships_contains_paid_content":false,"footnotes":""},"categories":[10,3,13,16],"tags":[],"class_list":["post-8845","post","type-post","status-publish","format-standard","hentry","category-ch","category-noticias","category-noticias-professores","category-prpgp"],"jetpack_featured_media_url":"","jetpack_shortlink":"https:\/\/wp.me\/p4NR4N-2iF","jetpack_sharing_enabled":true,"_links":{"self":[{"href":"https:\/\/centros.uepb.edu.br\/ch\/wp-json\/wp\/v2\/posts\/8845","targetHints":{"allow":["GET"]}}],"collection":[{"href":"https:\/\/centros.uepb.edu.br\/ch\/wp-json\/wp\/v2\/posts"}],"about":[{"href":"https:\/\/centros.uepb.edu.br\/ch\/wp-json\/wp\/v2\/types\/post"}],"author":[{"embeddable":true,"href":"https:\/\/centros.uepb.edu.br\/ch\/wp-json\/wp\/v2\/users\/39"}],"replies":[{"embeddable":true,"href":"https:\/\/centros.uepb.edu.br\/ch\/wp-json\/wp\/v2\/comments?post=8845"}],"version-history":[{"count":0,"href":"https:\/\/centros.uepb.edu.br\/ch\/wp-json\/wp\/v2\/posts\/8845\/revisions"}],"wp:attachment":[{"href":"https:\/\/centros.uepb.edu.br\/ch\/wp-json\/wp\/v2\/media?parent=8845"}],"wp:term":[{"taxonomy":"category","embeddable":true,"href":"https:\/\/centros.uepb.edu.br\/ch\/wp-json\/wp\/v2\/categories?post=8845"},{"taxonomy":"post_tag","embeddable":true,"href":"https:\/\/centros.uepb.edu.br\/ch\/wp-json\/wp\/v2\/tags?post=8845"}],"curies":[{"name":"wp","href":"https:\/\/api.w.org\/{rel}","templated":true}]}}