{"id":8825,"date":"2022-05-05T13:58:29","date_gmt":"2022-05-05T13:58:29","guid":{"rendered":"https:\/\/interno.uepb.edu.br\/?p=77018"},"modified":"2022-08-11T14:29:05","modified_gmt":"2022-08-11T14:29:05","slug":"solenidade-do-campus-de-guarabira-finaliza-ciclo-de-cerimonias-de-colacao-de-grau-do-semestre-2021-2","status":"publish","type":"post","link":"https:\/\/centros.uepb.edu.br\/ch\/solenidade-do-campus-de-guarabira-finaliza-ciclo-de-cerimonias-de-colacao-de-grau-do-semestre-2021-2\/","title":{"rendered":"Solenidade do C\u00e2mpus de Guarabira finaliza ciclo de cerim\u00f4nias de Cola\u00e7\u00e3o de Grau do semestre 2021.2"},"content":{"rendered":"<p>A cerim\u00f4nia final de Cola\u00e7\u00e3o de Grau do semestre 2021.2 realizada pela Universidade Estadual da Para\u00edba (UEPB) aconteceu na tarde desta quarta-feira (4), no Centro de Humanidades (CH), C\u00e2mpus de Guarabira. As falas proferidas por representantes da UEPB durante o evento resumiram o que passaram docentes, servidores, estudantes e familiares nos \u00faltimos anos: dores, perdas, saudades, dificuldades, mas tamb\u00e9m realiza\u00e7\u00f5es, sonhos e conquistas.<\/p>\n<p><img loading=\"lazy\" decoding=\"async\" class=\"alignnone size-full wp-image-77016 img-responsive img-responsive\" src=\"https:\/\/i0.wp.com\/interno.uepb.edu.br\/wp-content\/uploads\/2022\/05\/Colacao-de-Grau-Guarabira-02.jpg?resize=1738%2C1390&amp;ssl=1\" alt=\"\" width=\"1738\" height=\"1390\" data-recalc-dims=\"1\" \/>A professora C\u00e9lia Regina Diniz, reitora da UEPB, presidiu a cerim\u00f4nia, que teve mesa composta por Ivonildes Fonseca, vice-reitora; Eli Brand\u00e3o, pr\u00f3-reitor de Gradua\u00e7\u00e3o; Cleoma Toscano e Maria de F\u00e1tima Aquino, diretora e diretora adjunta do CH, respectivamente; e Jossano Mendes de Amorim, coordenador do curso de Direito, representando todos os coordenadores de curso do C\u00e2mpus III.<\/p>\n<p><a href=\"https:\/\/interno.uepb.edu.br\/colacao-de-grau-guarabira-03\/\"><img loading=\"lazy\" decoding=\"async\" class=\"attachment-medium size-medium img-responsive\" src=\"https:\/\/i0.wp.com\/interno.uepb.edu.br\/wp-content\/uploads\/2022\/05\/Colacao-de-Grau-Guarabira-03.jpg?fit=300%2C199&amp;ssl=1\" alt=\"\" width=\"300\" height=\"199\" \/><\/a><br \/>\n<a href=\"https:\/\/interno.uepb.edu.br\/colacao-de-grau-guarabira-04\/\"><img loading=\"lazy\" decoding=\"async\" class=\"attachment-medium size-medium img-responsive\" src=\"https:\/\/i0.wp.com\/interno.uepb.edu.br\/wp-content\/uploads\/2022\/05\/Colacao-de-Grau-Guarabira-04.jpg?fit=300%2C199&amp;ssl=1\" alt=\"\" width=\"300\" height=\"199\" \/><\/a><\/p>\n<p>A cerim\u00f4nia conferiu o grau a concluintes dos cursos de Direito, Geografia, Hist\u00f3ria, Letras e Pedagogia. A formanda do curso de Direito, Priscila Larissa Palmeira, conduziu a leitura do juramento das turmas concluintes. A oradora, Luciana Pereira F\u00e9lix, concluinte de Pedagogia, lembrou que a conclus\u00e3o desta etapa \u00e9 uma conquista de uma caminhada que n\u00e3o foi f\u00e1cil. Afirmou que o dever profissional clama uma \u00e9tica para construir uma sociedade melhor. E citou o educador Paulo Freire: \u201cEduca\u00e7\u00e3o n\u00e3o transforma o mundo. Educa\u00e7\u00e3o muda as pessoas. Pessoas transformam o mundo\u201d.<\/p>\n<p>O evento teve ainda as falas das professoras Cleoma Toscano, Ivonildes Fonseca e do professor Eli Brand\u00e3o. Em comum, a men\u00e7\u00e3o da luta pela universidade p\u00fablica e de qualidade em um pa\u00eds que vive uma democracia amea\u00e7ada e uma pandemia que afeta todos. Ao fim, a reitora C\u00e9lia Regina mencionou os esfor\u00e7os coletivos da UEPB neste per\u00edodo, que continuou funcionando e trabalhando em prol de a\u00e7\u00f5es democr\u00e1ticas e educa\u00e7\u00e3o de excel\u00eancia.<\/p>\n<p><img loading=\"lazy\" decoding=\"async\" class=\"alignnone size-full wp-image-77010 img-responsive img-responsive\" src=\"https:\/\/i0.wp.com\/interno.uepb.edu.br\/wp-content\/uploads\/2022\/05\/Colacao-de-Grau-Guarabira-08.jpg?resize=1608%2C1068&amp;ssl=1\" alt=\"\" width=\"1608\" height=\"1068\" data-recalc-dims=\"1\" \/>Finalizando a cerim\u00f4nia, o professor Jossano Mendes, representando todo o corpo docente do Centro, conferiu o grau acad\u00eamico \u00e0 concluinte Ja\u00edne Almeida dos Santos, do curso de Letras (Ingl\u00eas), que simbolicamente o recebeu em nome de todo o corpo discente concluinte.<\/p>\n<p><a href=\"https:\/\/interno.uepb.edu.br\/colacao-de-grau-guarabira-07\/\"><img loading=\"lazy\" decoding=\"async\" class=\"attachment-medium size-medium img-responsive\" src=\"https:\/\/i0.wp.com\/interno.uepb.edu.br\/wp-content\/uploads\/2022\/05\/Colacao-de-Grau-Guarabira-07.jpg?fit=300%2C199&amp;ssl=1\" alt=\"\" width=\"300\" height=\"199\" \/><\/a><br \/>\n<a href=\"https:\/\/interno.uepb.edu.br\/colacao-de-grau-guarabira-05\/\"><img loading=\"lazy\" decoding=\"async\" class=\"attachment-medium size-medium img-responsive\" src=\"https:\/\/i0.wp.com\/interno.uepb.edu.br\/wp-content\/uploads\/2022\/05\/Colacao-de-Grau-Guarabira-05.jpg?fit=300%2C199&amp;ssl=1\" alt=\"\" width=\"300\" height=\"199\" \/><\/a><br \/>\n<a href=\"https:\/\/interno.uepb.edu.br\/colacao-de-grau-guarabira-06\/\"><img loading=\"lazy\" decoding=\"async\" class=\"attachment-medium size-medium img-responsive\" src=\"https:\/\/i0.wp.com\/interno.uepb.edu.br\/wp-content\/uploads\/2022\/05\/Colacao-de-Grau-Guarabira-06.jpg?fit=300%2C199&amp;ssl=1\" alt=\"\" width=\"300\" height=\"199\" \/><\/a><\/p>\n<p><em><strong>Texto:<\/strong> Juliana Rosas<\/em><br \/>\n<em><strong>Fotos:<\/strong> Paizinha Lemos<\/em><\/p>\n","protected":false},"excerpt":{"rendered":"<p>A cerim\u00f4nia final de Cola\u00e7\u00e3o de Grau do semestre 2021.2 realizada pela Universidade Estadual da Para\u00edba (UEPB) aconteceu na tarde desta quarta-feira (4), no Centro de Humanidades (CH), C\u00e2mpus de Guarabira. As falas proferidas por representantes da UEPB durante o evento resumiram o que passaram docentes, servidores, estudantes e familiares nos \u00faltimos anos: dores, perdas, <a class=\"leiamais\" href=\"https:\/\/interno.uepb.edu.br\/solenidade-do-campus-de-guarabira-finaliza-ciclo-de-cerimonias-de-colacao-de-grau-do-semestre-2021-2\/\">Leia Mais&#8230;<\/a><\/p>\n","protected":false},"author":39,"featured_media":0,"comment_status":"closed","ping_status":"closed","sticky":false,"template":"","format":"standard","meta":{"jetpack_post_was_ever_published":false,"_jetpack_newsletter_access":"","_jetpack_dont_email_post_to_subs":false,"_jetpack_newsletter_tier_id":0,"_jetpack_memberships_contains_paywalled_content":false,"_jetpack_memberships_contains_paid_content":false,"footnotes":""},"categories":[10,44,3,11,32],"tags":[],"class_list":["post-8825","post","type-post","status-publish","format-standard","hentry","category-ch","category-colacao-de-grau","category-noticias","category-noticias-alunos","category-prograd"],"jetpack_featured_media_url":"","jetpack_shortlink":"https:\/\/wp.me\/p4NR4N-2il","jetpack_sharing_enabled":true,"_links":{"self":[{"href":"https:\/\/centros.uepb.edu.br\/ch\/wp-json\/wp\/v2\/posts\/8825","targetHints":{"allow":["GET"]}}],"collection":[{"href":"https:\/\/centros.uepb.edu.br\/ch\/wp-json\/wp\/v2\/posts"}],"about":[{"href":"https:\/\/centros.uepb.edu.br\/ch\/wp-json\/wp\/v2\/types\/post"}],"author":[{"embeddable":true,"href":"https:\/\/centros.uepb.edu.br\/ch\/wp-json\/wp\/v2\/users\/39"}],"replies":[{"embeddable":true,"href":"https:\/\/centros.uepb.edu.br\/ch\/wp-json\/wp\/v2\/comments?post=8825"}],"version-history":[{"count":0,"href":"https:\/\/centros.uepb.edu.br\/ch\/wp-json\/wp\/v2\/posts\/8825\/revisions"}],"wp:attachment":[{"href":"https:\/\/centros.uepb.edu.br\/ch\/wp-json\/wp\/v2\/media?parent=8825"}],"wp:term":[{"taxonomy":"category","embeddable":true,"href":"https:\/\/centros.uepb.edu.br\/ch\/wp-json\/wp\/v2\/categories?post=8825"},{"taxonomy":"post_tag","embeddable":true,"href":"https:\/\/centros.uepb.edu.br\/ch\/wp-json\/wp\/v2\/tags?post=8825"}],"curies":[{"name":"wp","href":"https:\/\/api.w.org\/{rel}","templated":true}]}}