{"id":8820,"date":"2022-04-29T19:17:02","date_gmt":"2022-04-29T19:17:02","guid":{"rendered":"https:\/\/interno.uepb.edu.br\/?p=76869"},"modified":"2022-08-11T14:30:10","modified_gmt":"2022-08-11T14:30:10","slug":"pro-reitoria-de-extensao-divulga-edital-de-bolsas-destinadas-aos-discentes-matriculados-no-centro-de-humanidades","status":"publish","type":"post","link":"https:\/\/centros.uepb.edu.br\/ch\/pro-reitoria-de-extensao-divulga-edital-de-bolsas-destinadas-aos-discentes-matriculados-no-centro-de-humanidades\/","title":{"rendered":"Pr\u00f3-Reitoria de Extens\u00e3o divulga edital de bolsas destinadas aos discentes matriculados no Centro de Humanidades"},"content":{"rendered":"<p>A Pr\u00f3-Reitoria de Extens\u00e3o (PROEX) da Universidade Estadual da Para\u00edba (UEPB) divulgou edital destinado \u00e0 realiza\u00e7\u00e3o de sele\u00e7\u00e3o para concess\u00e3o de 36 bolsas para estudantes matriculados no Centro de Humanidades (CH), C\u00e2mpus III, localizado na cidade de Guarabira. A proposta \u00e9 oferecer 35 bolsas no valor de R$ 400, no per\u00edodo de sete meses, e mais uma bolsa, no mesmo valor, por um per\u00edodo de cinco meses. A oferta dessas bolsas foi poss\u00edvel a partir da emenda parlamentar n\u00ba 21\/2022, no valor de R$ 100 mil, proposta pelo deputado Jullys Roberto.<\/p>\n<p>As propostas que participar\u00e3o dessa sele\u00e7\u00e3o dever\u00e3o estar relacionadas \u00e0s \u00e1reas tem\u00e1ticas e \u00e0s linhas de extens\u00e3o, orientadas pelo FORPROEX e ter clara a\u00e7\u00e3o de extens\u00e3o. Para verificar as \u00e1reas e linhas, basta acessar este <a href=\"https:\/\/proreitorias.uepb.edu.br\/proex\/probex\" rel=\"noopener\"><strong>link<\/strong><\/a>. A submiss\u00e3o das propostas de Projetos de extens\u00e3o ser\u00e1 realizada pelo coordenador, no per\u00edodo de 29 de abril a 9 de maio. O resultado final est\u00e1 programado para ser divulgado no dia 23 de maio. J\u00e1 a vig\u00eancia da cota vai de 16 de junho a 31 de dezembro.<\/p>\n<p>As propostas que n\u00e3o seguirem o modelo sugerido pela PROEX e n\u00e3o envolverem a comunidade externa ser\u00e3o rejeitadas. Todos os detalhes da sele\u00e7\u00e3o como, documentos necess\u00e1rios para inscri\u00e7\u00e3o, cronograma, conte\u00fado de proposta do projeto, crit\u00e9rios de sele\u00e7\u00e3o, sele\u00e7\u00e3o de aluno bolsista, dentre outras, est\u00e3o dispon\u00edveis no edital que pode ser acessado <a href=\"https:\/\/uepb.edu.br\/download\/proex-concessao-de-bolsas-de-extensao-probex-campus-iii-edital\/?wpdmdl=76868&amp;masterkey=JXE1BXzBtWA3qGZfifXQQGcf2w4yVtwBFFlQInnF0YGpPiZnWSF45LC-bbJPvYjzUSF12Qu7d7c5XS8uAvxzSm1RnLO_BbU2vaFD_8GqRPY\" rel=\"noopener\"><strong>AQUI<\/strong><\/a>.<\/p>\n<p><em><strong>Texto:<\/strong> Givaldo Cavalcanti<\/em><\/p>\n","protected":false},"excerpt":{"rendered":"<p>A Pr\u00f3-Reitoria de Extens\u00e3o (PROEX) da Universidade Estadual da Para\u00edba (UEPB) divulgou edital destinado \u00e0 realiza\u00e7\u00e3o de sele\u00e7\u00e3o para concess\u00e3o de 36 bolsas para estudantes matriculados no Centro de Humanidades (CH), C\u00e2mpus III, localizado na cidade de Guarabira. A proposta \u00e9 oferecer 35 bolsas no valor de R$ 400, no per\u00edodo de sete meses, e <a class=\"leiamais\" href=\"https:\/\/interno.uepb.edu.br\/pro-reitoria-de-extensao-divulga-edital-de-bolsas-destinadas-aos-discentes-matriculados-no-centro-de-humanidades\/\">Leia Mais&#8230;<\/a><\/p>\n","protected":false},"author":39,"featured_media":0,"comment_status":"closed","ping_status":"closed","sticky":false,"template":"","format":"standard","meta":{"jetpack_post_was_ever_published":false,"_jetpack_newsletter_access":"","_jetpack_dont_email_post_to_subs":false,"_jetpack_newsletter_tier_id":0,"_jetpack_memberships_contains_paywalled_content":false,"_jetpack_memberships_contains_paid_content":false,"footnotes":""},"categories":[10,3,11,17],"tags":[],"class_list":["post-8820","post","type-post","status-publish","format-standard","hentry","category-ch","category-noticias","category-noticias-alunos","category-proex"],"jetpack_featured_media_url":"","jetpack_shortlink":"https:\/\/wp.me\/p4NR4N-2ig","jetpack_sharing_enabled":true,"_links":{"self":[{"href":"https:\/\/centros.uepb.edu.br\/ch\/wp-json\/wp\/v2\/posts\/8820","targetHints":{"allow":["GET"]}}],"collection":[{"href":"https:\/\/centros.uepb.edu.br\/ch\/wp-json\/wp\/v2\/posts"}],"about":[{"href":"https:\/\/centros.uepb.edu.br\/ch\/wp-json\/wp\/v2\/types\/post"}],"author":[{"embeddable":true,"href":"https:\/\/centros.uepb.edu.br\/ch\/wp-json\/wp\/v2\/users\/39"}],"replies":[{"embeddable":true,"href":"https:\/\/centros.uepb.edu.br\/ch\/wp-json\/wp\/v2\/comments?post=8820"}],"version-history":[{"count":0,"href":"https:\/\/centros.uepb.edu.br\/ch\/wp-json\/wp\/v2\/posts\/8820\/revisions"}],"wp:attachment":[{"href":"https:\/\/centros.uepb.edu.br\/ch\/wp-json\/wp\/v2\/media?parent=8820"}],"wp:term":[{"taxonomy":"category","embeddable":true,"href":"https:\/\/centros.uepb.edu.br\/ch\/wp-json\/wp\/v2\/categories?post=8820"},{"taxonomy":"post_tag","embeddable":true,"href":"https:\/\/centros.uepb.edu.br\/ch\/wp-json\/wp\/v2\/tags?post=8820"}],"curies":[{"name":"wp","href":"https:\/\/api.w.org\/{rel}","templated":true}]}}