{"id":8813,"date":"2021-05-18T13:50:29","date_gmt":"2021-05-18T13:50:29","guid":{"rendered":"https:\/\/interno.uepb.edu.br\/?p=59972"},"modified":"2021-05-18T13:50:29","modified_gmt":"2021-05-18T13:50:29","slug":"uepb-amplia-politica-de-internacionalizacao-atraves-da-universidade-de-sofia-na-bulgaria-2","status":"publish","type":"post","link":"https:\/\/centros.uepb.edu.br\/ch\/uepb-amplia-politica-de-internacionalizacao-atraves-da-universidade-de-sofia-na-bulgaria-2\/","title":{"rendered":"UEPB amplia pol\u00edtica de internacionaliza\u00e7\u00e3o atrav\u00e9s da Universidade de S\u00f3fia na Bulg\u00e1ria"},"content":{"rendered":"<p>A Universidade Estadual da Para\u00edba (UEPB) vai aprofundar um conv\u00eanio de interc\u00e2mbio com a Universidade de S\u00f3fia, na Bulg\u00e1ria, e com isso ampliar a sua pol\u00edtica de internacionaliza\u00e7\u00e3o. Para isso, uma comitiva de professores da Universidade de S\u00f3fia, capitaneada pela professora Yana Andreeva, deve visitar a Institui\u00e7\u00e3o ainda este ano. O coordenador de Rela\u00e7\u00f5es Internacionais da UEPB, professor Cl\u00e1udio Lucena, disse que a visita da professora Yana ser\u00e1 marcante, pois tem a perspectiva de ampliar os conv\u00eanios de interc\u00e2mbio entre as duas institui\u00e7\u00f5es.<br \/>\nEle disse que recebeu a not\u00edcia da nova visita da professora Yana com grande alegria, visto que se trata de um projeto de interc\u00e2mbio que vem se desenhando desde 2019, dentro do programa da Uni\u00e3o Europeia Erasmus Plus+. O professor Cl\u00e1udio Lucena explicou que o Erasmus+ \u00e9 um programa de mobilidade interna da Uni\u00e3o Europeia, sendo que a extens\u00e3o desse programa permite a intera\u00e7\u00e3o e integra\u00e7\u00e3o de universidades europeias com universidades do mundo inteiro.<br \/>\n\u201cNa UEPB esse programa come\u00e7ou a ser desenvolvido em 2019. E um dos pontos de contato \u00e9 a professora Aldinida Medeiros, do C\u00e2mpus de Guarabira\u201d, observou. O professor Cl\u00e1udio destacou que a Universidade de S\u00f3fia tem um n\u00facleo bem desenvolvido de l\u00ednguas estrangeiras. Ele lembrou que alguns professores b\u00falgaros j\u00e1 realizaram visitas t\u00e9cnicas e ministraram palestras na UEPB.<br \/>\nO coordenador destacou que a professora do curso de Letras, Aldinida Medeiros, visitou a Universidade de S\u00f3fia para conhecer as t\u00e9cnicas e as pr\u00e1ticas acad\u00eamicas naquela institui\u00e7\u00e3o e, a partir da\u00ed, come\u00e7arem a pensar no desenvolvimento de atividades tanto para alunos como para professores. Com isso, a perspectiva \u00e9 que com a visita da professora Yana Andreeva estabele\u00e7a uma nova rodada de negocia\u00e7\u00f5es com a assinatura de um conv\u00eanio de interc\u00e2mbio envolvendo professores, t\u00e9cnicos e alunos das duas institui\u00e7\u00f5es, para atividades de pesquisa e extens\u00e3o.<br \/>\n\u201cEsse \u00e9 um t\u00edpico movimento que para a gente hoje faz sentido que gere um acordo mais est\u00e1vel. Esse n\u00e3o \u00e9 um acordo superficial. Ele j\u00e1 incluiu visitas t\u00e9cnicas e troca clara de interesses comuns entre as duas universidades\u201d, observou Cl\u00e1udio Lucena. O professor ainda relatou que a UEPB hoje, por meio da CoRI, tem cerca de 30 acordos de Coopera\u00e7\u00e3o Internacional e busca sempre avan\u00e7ar em qualidade. Ele destacou que como a UEPB integra o projeto Solidaris, essa condi\u00e7\u00e3o permite \u00e0 Institui\u00e7\u00e3o fazer parte do Erasmus+, envolvendo toda a comunidade universit\u00e1ria, al\u00e9m de buscar financiamentos estrangeiros.<br \/>\nA professora Yana Andreeva vir\u00e1 em agosto \u00e0 UEPB. Al\u00e9m de aprofundar o conv\u00eanio internacional via CoRI, ela vai aproveitar a oportunidade para proferir duas palestras sobre a Literatura Portuguesa; uma direcionada ao p\u00fablico da gradua\u00e7\u00e3o, a outra para os alunos da P\u00f3s-Gradua\u00e7\u00e3o. Ela permanecer\u00e1 por 8 dias na Institui\u00e7\u00e3o. Em 2019, ela veio acompanhada com os professores Danail Danov, Madeleine Danov para conhecer a estrutura da UEPB, bem como demonstrar interesse em uma proposta de trabalho conjunto que tenha como objetivo desenvolver atividades que envolvam docentes e estudantes de ambas universidades.<br \/>\nComo ainda estamos em um contexto de pandemia, o professor Cl\u00e1udio Lucena garantiu que a UEPB tomar\u00e1 todos os cuidados em termos de protocolos sanit\u00e1rios, para assegurar que a visita aconte\u00e7a de forma segura e sem risco de contamina\u00e7\u00e3o pela Covid-19.<br \/>\n<em><strong>Texto:<\/strong> Severino Lopes<\/em><\/p>\n","protected":false},"excerpt":{"rendered":"<p>A Universidade Estadual da Para\u00edba (UEPB) vai aprofundar um conv\u00eanio de interc\u00e2mbio com a Universidade de S\u00f3fia, na Bulg\u00e1ria, e com isso ampliar a sua pol\u00edtica de internacionaliza\u00e7\u00e3o. Para isso, uma comitiva de professores da Universidade de S\u00f3fia, capitaneada pela professora Yana Andreeva, deve visitar a Institui\u00e7\u00e3o ainda este ano. O coordenador de Rela\u00e7\u00f5es Internacionais <a class=\"leiamais\" href=\"https:\/\/interno.uepb.edu.br\/uepb-amplia-politica-de-internacionalizacao-atraves-da-universidade-de-sofia-na-bulgaria\/\">Leia Mais&#8230;<\/a><\/p>\n","protected":false},"author":39,"featured_media":0,"comment_status":"closed","ping_status":"closed","sticky":false,"template":"","format":"standard","meta":{"jetpack_post_was_ever_published":false,"_jetpack_newsletter_access":"","_jetpack_dont_email_post_to_subs":false,"_jetpack_newsletter_tier_id":0,"_jetpack_memberships_contains_paywalled_content":false,"_jetpack_memberships_contains_paid_content":false,"footnotes":""},"categories":[10,35,42,3,11,13,18,32,16],"tags":[],"class_list":["post-8813","post","type-post","status-publish","format-standard","hentry","category-ch","category-cori","category-covid-19","category-noticias","category-noticias-alunos","category-noticias-professores","category-noticias-tecnicos","category-prograd","category-prpgp"],"jetpack_featured_media_url":"","jetpack_shortlink":"https:\/\/wp.me\/p4NR4N-2i9","jetpack_sharing_enabled":true,"_links":{"self":[{"href":"https:\/\/centros.uepb.edu.br\/ch\/wp-json\/wp\/v2\/posts\/8813","targetHints":{"allow":["GET"]}}],"collection":[{"href":"https:\/\/centros.uepb.edu.br\/ch\/wp-json\/wp\/v2\/posts"}],"about":[{"href":"https:\/\/centros.uepb.edu.br\/ch\/wp-json\/wp\/v2\/types\/post"}],"author":[{"embeddable":true,"href":"https:\/\/centros.uepb.edu.br\/ch\/wp-json\/wp\/v2\/users\/39"}],"replies":[{"embeddable":true,"href":"https:\/\/centros.uepb.edu.br\/ch\/wp-json\/wp\/v2\/comments?post=8813"}],"version-history":[{"count":0,"href":"https:\/\/centros.uepb.edu.br\/ch\/wp-json\/wp\/v2\/posts\/8813\/revisions"}],"wp:attachment":[{"href":"https:\/\/centros.uepb.edu.br\/ch\/wp-json\/wp\/v2\/media?parent=8813"}],"wp:term":[{"taxonomy":"category","embeddable":true,"href":"https:\/\/centros.uepb.edu.br\/ch\/wp-json\/wp\/v2\/categories?post=8813"},{"taxonomy":"post_tag","embeddable":true,"href":"https:\/\/centros.uepb.edu.br\/ch\/wp-json\/wp\/v2\/tags?post=8813"}],"curies":[{"name":"wp","href":"https:\/\/api.w.org\/{rel}","templated":true}]}}