{"id":8811,"date":"2022-03-07T11:06:48","date_gmt":"2022-03-07T11:06:48","guid":{"rendered":"https:\/\/interno.uepb.edu.br\/?p=75699"},"modified":"2022-03-07T11:06:48","modified_gmt":"2022-03-07T11:06:48","slug":"projeto-de-extensao-do-centro-de-humanidades-utiliza-a-musica-para-o-estudo-de-conteudos-do-direito","status":"publish","type":"post","link":"https:\/\/centros.uepb.edu.br\/ch\/projeto-de-extensao-do-centro-de-humanidades-utiliza-a-musica-para-o-estudo-de-conteudos-do-direito\/","title":{"rendered":"Projeto de extens\u00e3o do Centro de Humanidades utiliza a m\u00fasica para o estudo de conte\u00fados do Direito"},"content":{"rendered":"<p><img loading=\"lazy\" decoding=\"async\" class=\"alignnone size-full wp-image-75701 img-responsive img-responsive\" src=\"https:\/\/i0.wp.com\/interno.uepb.edu.br\/wp-content\/uploads\/2022\/03\/DIREITO-MUSICA.png?resize=1080%2C1080&#038;ssl=1\" alt=\"\" width=\"1080\" height=\"1080\" srcset=\"https:\/\/i0.wp.com\/interno.uepb.edu.br\/wp-content\/uploads\/2022\/03\/DIREITO-MUSICA.png?w=1080&amp;ssl=1 1080w, https:\/\/i0.wp.com\/interno.uepb.edu.br\/wp-content\/uploads\/2022\/03\/DIREITO-MUSICA.png?resize=300%2C300&amp;ssl=1 300w, https:\/\/i0.wp.com\/interno.uepb.edu.br\/wp-content\/uploads\/2022\/03\/DIREITO-MUSICA.png?resize=1024%2C1024&amp;ssl=1 1024w, https:\/\/i0.wp.com\/interno.uepb.edu.br\/wp-content\/uploads\/2022\/03\/DIREITO-MUSICA.png?resize=150%2C150&amp;ssl=1 150w, https:\/\/i0.wp.com\/interno.uepb.edu.br\/wp-content\/uploads\/2022\/03\/DIREITO-MUSICA.png?resize=768%2C768&amp;ssl=1 768w\" sizes=\"auto, (max-width: 1000px) 100vw, 1000px\" data-recalc-dims=\"1\" \/>Desenvolver a criatividade dos alunos extensionistas para pensar em novas interpreta\u00e7\u00f5es de m\u00fasicas a partir das rela\u00e7\u00f5es com o Direito, essa \u00e9 a finalidade do projeto de extens\u00e3o da Universidade Estadual da Para\u00edba \u201cSintonizando &#8211; o Direito atrav\u00e9s da m\u00fasica\u201d, aprovado no Programa de Concess\u00e3o de Bolsas de Extens\u00e3o (PROBEX), cota 2022\/2023, e desenvolvido no Centro de Humanidades da Universidade Estadual da Para\u00edba (UEPB), localizado em Guarabira.<\/p>\n<p>O projeto foi idealizado pela professora Kilma Ma\u00edsa Gondim, a partir de uma conversa com alguns discentes sobre a necessidade que o C\u00e2mpus III teria da realiza\u00e7\u00e3o de projetos de extens\u00e3o e das possibilidades que o campo das artes possui, oferecendo subs\u00eddios para reflex\u00e3o e compreens\u00e3o do fen\u00f4meno jur\u00eddico. De acordo com a docente, na medida que o projeto busca estabelecer uma rela\u00e7\u00e3o entre as letras das m\u00fasicas com o que se aplica no Direito, respeitando o conceito de cada \u00e9poca, h\u00e1 uma aproxima\u00e7\u00e3o com um movimento interdisciplinar que pode trazer implica\u00e7\u00f5es nos m\u00e9todos de ensino e na interpreta\u00e7\u00e3o dos textos jur\u00eddicos.<\/p>\n<p>\u201cO Direito e a m\u00fasica fazem parte de um grande movimento chamado Direito e Literatura, que tem como objetivo formar uma nova vis\u00e3o acerca do Direito e do todo que nele est\u00e1 envolvido\u201d, explica a professora Kilma Gondim .<\/p>\n<p>Segundo a coordenadora do projeto, o grande diferencial do \u201cSintonizando\u201d \u00e9 que poucos s\u00e3o os projetos de Direito no Brasil que s\u00e3o relacionados \u00e0 m\u00fasica, o que torna essa iniciativa uma oportunidade para que os estudantes do C\u00e2mpus III possam expandir horizontes, conhecer uma nova did\u00e1tica e sair da zona de conforto. \u201cA m\u00fasica \u00e9 um meio de comunica\u00e7\u00e3o e, atrav\u00e9s dela, os indiv\u00edduos costumam transmitir mensagens, emo\u00e7\u00f5es, ideias que representam perspectivas jur\u00eddicas que podem servir como objeto de an\u00e1lise e de pesquisa. O Direito \u00e9 algo que est\u00e1 muito al\u00e9m dos manuais. \u00c9 uma for\u00e7a viva, uma experi\u00eancia sociocultural e, como tal, se faz presente nas artes\u201d, acrescentou a professor.<\/p>\n<p>A perspectiva do projeto \u00e9 que a partir das a\u00e7\u00f5es realizadas haja uma melhora no racioc\u00ednio l\u00f3gico e na qualidade do discurso. A iniciativa tamb\u00e9m acompanha uma proposta de interdisciplinaridade, uma vez que busca realizar uma intersec\u00e7\u00e3o de conhecimentos de diversas \u00e1reas, para visualizar o Direito atrav\u00e9s de um olhar mais amplo. O estudante do 9\u00ba per\u00edodo e extensionista do projeto, Anderson Miller, disse que sua percep\u00e7\u00e3o sobre a \u00e1rea mudou de forma expressiva ap\u00f3s perceber que a m\u00fasica pode ser relacionada ao curso.<\/p>\n<p>\u201cQuando a gente come\u00e7a a viajar pelo mundo da m\u00fasica \u00e9 poss\u00edvel nos identificarmos e at\u00e9 mesmo nos moldarmos. A vis\u00e3o que se tinha antes dessa intersec\u00e7\u00e3o entre Direito e m\u00fasica aos poucos vai dando vez e ouvido para uma outra realidade, mais viva, mais realista e at\u00e9 mesmo, em algumas ocasi\u00f5es, mais ut\u00f3pica. \u00c9 como se no nosso ouvido as notas fossem se transformando, lentamente, em considera\u00e7\u00f5es jur\u00eddicas, assim como o processo de forma\u00e7\u00e3o de uma sinfonia, que come\u00e7a com o prel\u00fadio e se segue com os movimentos mais avan\u00e7ados, at\u00e9 que, no final, encerra-se, em uma incr\u00edvel e perfeita sintonia. Isso \u00e9 o Sintonizando para mim\u201d, avaliou.<\/p>\n<p>Atualmente, participam do projeto de extens\u00e3o 10 estudantes, todos do curso de Direito. No fim de janeiro foi realizada uma sele\u00e7\u00e3o para admiss\u00e3o de alunos extensionistas, com a publica\u00e7\u00e3o de Edital de Processo Seletivo. Ao longo do ano ser\u00e3o realizadas oficinas e a\u00e7\u00f5es. Todas as atividades s\u00e3o divulgadas pelo Instagram do projeto (<strong>@sintonizandodireitomusica<\/strong>).<\/p>\n<p><em><strong>Texto:<\/strong> Maryana Teles (Estagi\u00e1ria)<\/em><\/p>\n","protected":false},"excerpt":{"rendered":"<p>Desenvolver a criatividade dos alunos extensionistas para pensar em novas interpreta\u00e7\u00f5es de m\u00fasicas a partir das rela\u00e7\u00f5es com o Direito, essa \u00e9 a finalidade do projeto de extens\u00e3o da Universidade Estadual da Para\u00edba \u201cSintonizando \u2013 o Direito atrav\u00e9s da m\u00fasica\u201d, aprovado no Programa de Concess\u00e3o de Bolsas de Extens\u00e3o (PROBEX), cota 2022\/2023, e desenvolvido no <a class=\"leiamais\" href=\"https:\/\/interno.uepb.edu.br\/projeto-de-extensao-do-centro-de-humanidades-utiliza-a-musica-para-o-estudo-de-conteudos-do-direito\/\">Leia Mais&#8230;<\/a><\/p>\n","protected":false},"author":39,"featured_media":0,"comment_status":"closed","ping_status":"closed","sticky":false,"template":"","format":"standard","meta":{"jetpack_post_was_ever_published":false,"_jetpack_newsletter_access":"","_jetpack_dont_email_post_to_subs":false,"_jetpack_newsletter_tier_id":0,"_jetpack_memberships_contains_paywalled_content":false,"_jetpack_memberships_contains_paid_content":false,"footnotes":""},"categories":[10,42,3,11,17],"tags":[],"class_list":["post-8811","post","type-post","status-publish","format-standard","hentry","category-ch","category-covid-19","category-noticias","category-noticias-alunos","category-proex"],"jetpack_featured_media_url":"","jetpack_shortlink":"https:\/\/wp.me\/p4NR4N-2i7","jetpack_sharing_enabled":true,"_links":{"self":[{"href":"https:\/\/centros.uepb.edu.br\/ch\/wp-json\/wp\/v2\/posts\/8811","targetHints":{"allow":["GET"]}}],"collection":[{"href":"https:\/\/centros.uepb.edu.br\/ch\/wp-json\/wp\/v2\/posts"}],"about":[{"href":"https:\/\/centros.uepb.edu.br\/ch\/wp-json\/wp\/v2\/types\/post"}],"author":[{"embeddable":true,"href":"https:\/\/centros.uepb.edu.br\/ch\/wp-json\/wp\/v2\/users\/39"}],"replies":[{"embeddable":true,"href":"https:\/\/centros.uepb.edu.br\/ch\/wp-json\/wp\/v2\/comments?post=8811"}],"version-history":[{"count":0,"href":"https:\/\/centros.uepb.edu.br\/ch\/wp-json\/wp\/v2\/posts\/8811\/revisions"}],"wp:attachment":[{"href":"https:\/\/centros.uepb.edu.br\/ch\/wp-json\/wp\/v2\/media?parent=8811"}],"wp:term":[{"taxonomy":"category","embeddable":true,"href":"https:\/\/centros.uepb.edu.br\/ch\/wp-json\/wp\/v2\/categories?post=8811"},{"taxonomy":"post_tag","embeddable":true,"href":"https:\/\/centros.uepb.edu.br\/ch\/wp-json\/wp\/v2\/tags?post=8811"}],"curies":[{"name":"wp","href":"https:\/\/api.w.org\/{rel}","templated":true}]}}