{"id":8809,"date":"2022-03-18T16:50:18","date_gmt":"2022-03-18T16:50:18","guid":{"rendered":"https:\/\/interno.uepb.edu.br\/?p=75943"},"modified":"2022-03-18T16:50:18","modified_gmt":"2022-03-18T16:50:18","slug":"projeto-de-pesquisa-estuda-inovacoes-pedagogicas-em-municipios-da-microrregiao-da-cidade-de-guarabira","status":"publish","type":"post","link":"https:\/\/centros.uepb.edu.br\/ch\/projeto-de-pesquisa-estuda-inovacoes-pedagogicas-em-municipios-da-microrregiao-da-cidade-de-guarabira\/","title":{"rendered":"Projeto de pesquisa estuda inova\u00e7\u00f5es pedag\u00f3gicas em munic\u00edpios da microrregi\u00e3o da cidade de Guarabira"},"content":{"rendered":"<p>No contexto de pandemia, que tem afetado de sobremaneira o cen\u00e1rio educacional brasileiro, uma iniciativa desenvolvida no C\u00e2mpus III da Universidade Estadual da Para\u00edba (UEPB), busca tra\u00e7ar um panorama sobre as inova\u00e7\u00f5es pedag\u00f3gicas desenvolvidas nas escolas localizadas no entorno ao Centro de Humanidades (CH) da institui\u00e7\u00e3o. O projeto \u201cInova\u00e7\u00f5es pedag\u00f3gicas e a pandemia de covid-19: um olhar a partir da Educa\u00e7\u00e3o B\u00e1sica em munic\u00edpios da microrregi\u00e3o de Guarabira-PB\u201d, foi aprovado na cota 2021\/2022 do Programa Institucional de Bolsas de Inicia\u00e7\u00e3o Cient\u00edfica (PIBIC) da UEPB.<\/p>\n<p>A coordenadora, professora Luciana Silva, explica que estudos que envolvem a escola e todo o sistema educacional de Educa\u00e7\u00e3o B\u00e1sica s\u00e3o muito importantes, e diante do cen\u00e1rio de pandemia estas pesquisas se tornam ainda mais prop\u00edcias. \u201cHaja vista que n\u00f3s tivemos toda uma mudan\u00e7a no nosso cotidiano escolar, em rela\u00e7\u00e3o \u00e0 quest\u00e3o pedag\u00f3gica, ao ensino e aprendizagem e \u00e0 pr\u00f3pria gest\u00e3o da escola e administra\u00e7\u00e3o dos processos educacionais que acontecem ali\u201d, declara a docente.<\/p>\n<p>De acordo com o projeto, ser\u00e1 executada uma pesquisa bibliogr\u00e1fica e a pesquisa de campo ser\u00e1 realizada nos 24 munic\u00edpios de atua\u00e7\u00e3o da 2\u00b0 Ger\u00eancia Regional de Ensino (GRE), onde ser\u00e1 escolhida uma escola de Ensino Fundamental e M\u00e9dio por cidade, com exce\u00e7\u00e3o do munic\u00edpio de Guarabira, na qual ser\u00e3o atendidas quatro escolas, uma de Ensino Fundamental e M\u00e9dio e as outras tr\u00eas de Ensino M\u00e9dio integral e t\u00e9cnico. Al\u00e9m disso, a pesquisa ser\u00e1 realizada atrav\u00e9s de formul\u00e1rio eletr\u00f4nico e entrevistas com os gestores e professores e incluir\u00e1 documenta\u00e7\u00e3o e registro dispon\u00edvel das experi\u00eancias na 2\u00aa GRE.<\/p>\n<p>De acordo com a pedagoga especialista em Psicopedagogia, Flaviana Barbosa, esse per\u00edodo pand\u00eamico pode ser definido como muito desafiador e, por diversas vezes, assustador, por\u00e9m, esse tipo de pesquisa poder\u00e1 aproximar as pessoas que trabalham com a educa\u00e7\u00e3o b\u00e1sica das verdadeiras condi\u00e7\u00f5es oferecidas para o uso motivacional dessas inova\u00e7\u00f5es que vem surgindo durante esse per\u00edodo pand\u00eamico. \u201cAcredito que, com paci\u00eancia e esfor\u00e7o, os docentes tiveram que se fortalecer para aceitar essa nova condi\u00e7\u00e3o pedag\u00f3gica\u201d, avalia.<\/p>\n<p>A coordenadora do projeto ainda refor\u00e7a que espera que essa pesquisa consiga trazer uma contribui\u00e7\u00e3o de deixar p\u00fablico esse processo que vem sendo vivenciado na gest\u00e3o das escolas da microrregi\u00e3o durante esse per\u00edodo. \u201cEspero que essa pesquisa leve a uma reflex\u00e3o, a uma a\u00e7\u00e3o intencionada no sentido de refletir sobre o processo de educa\u00e7\u00e3o que acontece dentro das escolas, principalmente, nesse momento de influ\u00eancia de uma pandemia em n\u00edvel mundial. Ent\u00e3o \u00e9 isso que a gente espera, que talvez a partir desse processo de conhecimento e de reflex\u00e3o, possamos colaborar com a a\u00e7\u00e3o pedag\u00f3gica e administrativa da gest\u00e3o do sistema de ensino do munic\u00edpio e microrregi\u00e3o de Guarabira\u201d, enfatiza.<\/p>\n<p>A perspectiva do projeto \u00e9 que no fim das pesquisas possam ser apresentadas as inova\u00e7\u00f5es pedag\u00f3gicas nos locais estudados o que se soma ao levantamento em andamento pela GRE realizado com os professores desde o ano de 2020. Os resultados da pesquisa ser\u00e3o apresentados atrav\u00e9s da publica\u00e7\u00e3o de artigos cient\u00edficos.<\/p>\n<p><em><strong>Texto:<\/strong> Hallana Barbosa (Estagi\u00e1ria)<\/em><\/p>\n","protected":false},"excerpt":{"rendered":"<p>No contexto de pandemia, que tem afetado de sobremaneira o cen\u00e1rio educacional brasileiro, uma iniciativa desenvolvida no C\u00e2mpus III da Universidade Estadual da Para\u00edba (UEPB), busca tra\u00e7ar um panorama sobre as inova\u00e7\u00f5es pedag\u00f3gicas desenvolvidas nas escolas localizadas no entorno ao Centro de Humanidades (CH) da institui\u00e7\u00e3o. O projeto \u201cInova\u00e7\u00f5es pedag\u00f3gicas e a pandemia de covid-19: <a class=\"leiamais\" href=\"https:\/\/interno.uepb.edu.br\/projeto-de-pesquisa-estuda-inovacoes-pedagogicas-em-municipios-da-microrregiao-da-cidade-de-guarabira\/\">Leia Mais&#8230;<\/a><\/p>\n","protected":false},"author":39,"featured_media":0,"comment_status":"closed","ping_status":"closed","sticky":false,"template":"","format":"standard","meta":{"jetpack_post_was_ever_published":false,"_jetpack_newsletter_access":"","_jetpack_dont_email_post_to_subs":false,"_jetpack_newsletter_tier_id":0,"_jetpack_memberships_contains_paywalled_content":false,"_jetpack_memberships_contains_paid_content":false,"footnotes":""},"categories":[10,42,3,11,17],"tags":[],"class_list":["post-8809","post","type-post","status-publish","format-standard","hentry","category-ch","category-covid-19","category-noticias","category-noticias-alunos","category-proex"],"jetpack_featured_media_url":"","jetpack_shortlink":"https:\/\/wp.me\/p4NR4N-2i5","jetpack_sharing_enabled":true,"_links":{"self":[{"href":"https:\/\/centros.uepb.edu.br\/ch\/wp-json\/wp\/v2\/posts\/8809","targetHints":{"allow":["GET"]}}],"collection":[{"href":"https:\/\/centros.uepb.edu.br\/ch\/wp-json\/wp\/v2\/posts"}],"about":[{"href":"https:\/\/centros.uepb.edu.br\/ch\/wp-json\/wp\/v2\/types\/post"}],"author":[{"embeddable":true,"href":"https:\/\/centros.uepb.edu.br\/ch\/wp-json\/wp\/v2\/users\/39"}],"replies":[{"embeddable":true,"href":"https:\/\/centros.uepb.edu.br\/ch\/wp-json\/wp\/v2\/comments?post=8809"}],"version-history":[{"count":0,"href":"https:\/\/centros.uepb.edu.br\/ch\/wp-json\/wp\/v2\/posts\/8809\/revisions"}],"wp:attachment":[{"href":"https:\/\/centros.uepb.edu.br\/ch\/wp-json\/wp\/v2\/media?parent=8809"}],"wp:term":[{"taxonomy":"category","embeddable":true,"href":"https:\/\/centros.uepb.edu.br\/ch\/wp-json\/wp\/v2\/categories?post=8809"},{"taxonomy":"post_tag","embeddable":true,"href":"https:\/\/centros.uepb.edu.br\/ch\/wp-json\/wp\/v2\/tags?post=8809"}],"curies":[{"name":"wp","href":"https:\/\/api.w.org\/{rel}","templated":true}]}}