{"id":8807,"date":"2022-03-21T12:18:47","date_gmt":"2022-03-21T12:18:47","guid":{"rendered":"https:\/\/interno.uepb.edu.br\/?p=75970"},"modified":"2022-03-21T12:18:47","modified_gmt":"2022-03-21T12:18:47","slug":"projeto-de-extensao-aborda-obras-literarias-como-forma-de-aprofundamento-em-temas-do-direito","status":"publish","type":"post","link":"https:\/\/centros.uepb.edu.br\/ch\/projeto-de-extensao-aborda-obras-literarias-como-forma-de-aprofundamento-em-temas-do-direito\/","title":{"rendered":"Projeto de extens\u00e3o aborda obras liter\u00e1rias como forma de aprofundamento em temas do Direito"},"content":{"rendered":"<p><img loading=\"lazy\" decoding=\"async\" class=\"alignnone size-full wp-image-75972 img-responsive img-responsive\" src=\"https:\/\/i0.wp.com\/interno.uepb.edu.br\/wp-content\/uploads\/2022\/03\/PAPO-DIREITOO.jpg?resize=1800%2C1080&#038;ssl=1\" alt=\"\" width=\"1800\" height=\"1080\" srcset=\"https:\/\/i0.wp.com\/interno.uepb.edu.br\/wp-content\/uploads\/2022\/03\/PAPO-DIREITOO.jpg?w=1800&amp;ssl=1 1800w, https:\/\/i0.wp.com\/interno.uepb.edu.br\/wp-content\/uploads\/2022\/03\/PAPO-DIREITOO.jpg?resize=300%2C180&amp;ssl=1 300w, https:\/\/i0.wp.com\/interno.uepb.edu.br\/wp-content\/uploads\/2022\/03\/PAPO-DIREITOO.jpg?resize=1024%2C614&amp;ssl=1 1024w, https:\/\/i0.wp.com\/interno.uepb.edu.br\/wp-content\/uploads\/2022\/03\/PAPO-DIREITOO.jpg?resize=768%2C461&amp;ssl=1 768w, https:\/\/i0.wp.com\/interno.uepb.edu.br\/wp-content\/uploads\/2022\/03\/PAPO-DIREITOO.jpg?resize=1536%2C922&amp;ssl=1 1536w\" sizes=\"auto, (max-width: 1000px) 100vw, 1000px\" data-recalc-dims=\"1\" \/>O \u201cPapo Dire(i)to com a Literatura\u201d \u00e9 um projeto de extens\u00e3o do curso de Direito do C\u00e2mpus III da Universidade Estadual da Para\u00edba (UEPB) localizado na cidade de Guarabira. Ele \u00e9 coordenado pela professora Luciana Maria Moreira Souto de Oliveira e se encontra em sua segunda edi\u00e7\u00e3o.<\/p>\n<p>\u201cO objetivo do projeto, al\u00e9m de incentivar a leitura, \u00e9 tornar a compreens\u00e3o do Direito mais acess\u00edvel, com explica\u00e7\u00f5es de institutos a ele referente em obras liter\u00e1rias, tornando a discuss\u00e3o mais interessante e pr\u00f3xima de todos\u201d, conta a coordenadora, que teve a ideia de criar o projeto por causa de sua aproxima\u00e7\u00e3o com a Literatura.<\/p>\n<p>Para ela, o projeto contribui diretamente para o desenvolvimento acad\u00eamico dos alunos extensionistas, uma vez que eles se envolvem nas discuss\u00f5es mensais sobre as obras liter\u00e1rias e organizam palestras, al\u00e9m de ajud\u00e1-los a melhorar a orat\u00f3ria e suas habilidades com a escrita. A ideia \u00e9 que a cada m\u00eas um(a) convidado(a) escolhe uma obra liter\u00e1ria para ser trabalhada e debatida, sempre abordando-a com um olhar jur\u00eddico.<\/p>\n<p>No ano passado foram abordados temas como: a discrimina\u00e7\u00e3o dos trabalhadores dom\u00e9sticos e a obra liter\u00e1ria A Resposta, de Katryn Stockett; o ass\u00e9dio moral trabalhista \u00e0 luz da obra liter\u00e1ria O Primo Bas\u00edlio\u201d, de E\u00e7a de Queir\u00f3z; e a estigmatiza\u00e7\u00e3o da ad\u00faltera na obra A Letra Escarlate, de Nathaniel Hawthorne. Os encontros aconteceram de maneira remota, por meio da plataforma Google Meet,<\/p>\n<p>O primeiro encontro de 2022 acontecer\u00e1 nesta quarta-feira (23), trazendo o tema: a perspectiva dos Direitos Humanos na saga de Harry Potter. A palestra ser\u00e1 ministrada pelo professor Jos\u00e9 Baptista de Mello Neto. O evento \u00e9 gratuito e toda a comunidade acad\u00eamica pode participar. Cada encontro conta com um certificado de 3 horas emitido pela PROEX.<\/p>\n<p>Para ficar por dentro de todas informa\u00e7\u00f5es, incluindo os dias dos pr\u00f3ximos debates, basta ir para o perfil do projeto no Instagram (<strong>@papodireitocomaliteratura<\/strong>).<\/p>\n<p><em><strong><img loading=\"lazy\" decoding=\"async\" class=\"alignnone size-full wp-image-75971 img-responsive img-responsive\" src=\"https:\/\/i0.wp.com\/interno.uepb.edu.br\/wp-content\/uploads\/2022\/03\/Tela-Papo-de-Direito.jpeg?resize=1080%2C552&#038;ssl=1\" alt=\"\" width=\"1080\" height=\"552\" srcset=\"https:\/\/i0.wp.com\/interno.uepb.edu.br\/wp-content\/uploads\/2022\/03\/Tela-Papo-de-Direito.jpeg?w=1080&amp;ssl=1 1080w, https:\/\/i0.wp.com\/interno.uepb.edu.br\/wp-content\/uploads\/2022\/03\/Tela-Papo-de-Direito.jpeg?resize=300%2C153&amp;ssl=1 300w, https:\/\/i0.wp.com\/interno.uepb.edu.br\/wp-content\/uploads\/2022\/03\/Tela-Papo-de-Direito.jpeg?resize=1024%2C523&amp;ssl=1 1024w, https:\/\/i0.wp.com\/interno.uepb.edu.br\/wp-content\/uploads\/2022\/03\/Tela-Papo-de-Direito.jpeg?resize=768%2C393&amp;ssl=1 768w\" sizes=\"auto, (max-width: 1000px) 100vw, 1000px\" data-recalc-dims=\"1\" \/>Texto:<\/strong> Teresa Lima (Estagi\u00e1ria)<\/em><\/p>\n","protected":false},"excerpt":{"rendered":"<p>O \u201cPapo Dire(i)to com a Literatura\u201d \u00e9 um projeto de extens\u00e3o do curso de Direito do C\u00e2mpus III da Universidade Estadual da Para\u00edba (UEPB) localizado na cidade de Guarabira. Ele \u00e9 coordenado pela professora Luciana Maria Moreira Souto de Oliveira e se encontra em sua segunda edi\u00e7\u00e3o. \u201cO objetivo do projeto, al\u00e9m de incentivar a <a class=\"leiamais\" href=\"https:\/\/interno.uepb.edu.br\/projeto-de-extensao-aborda-obras-literarias-como-forma-de-aprofundamento-em-temas-do-direito\/\">Leia Mais&#8230;<\/a><\/p>\n","protected":false},"author":39,"featured_media":0,"comment_status":"closed","ping_status":"closed","sticky":false,"template":"","format":"standard","meta":{"jetpack_post_was_ever_published":false,"_jetpack_newsletter_access":"","_jetpack_dont_email_post_to_subs":false,"_jetpack_newsletter_tier_id":0,"_jetpack_memberships_contains_paywalled_content":false,"_jetpack_memberships_contains_paid_content":false,"footnotes":""},"categories":[10,42,3,11,17],"tags":[],"class_list":["post-8807","post","type-post","status-publish","format-standard","hentry","category-ch","category-covid-19","category-noticias","category-noticias-alunos","category-proex"],"jetpack_featured_media_url":"","jetpack_shortlink":"https:\/\/wp.me\/p4NR4N-2i3","jetpack_sharing_enabled":true,"_links":{"self":[{"href":"https:\/\/centros.uepb.edu.br\/ch\/wp-json\/wp\/v2\/posts\/8807","targetHints":{"allow":["GET"]}}],"collection":[{"href":"https:\/\/centros.uepb.edu.br\/ch\/wp-json\/wp\/v2\/posts"}],"about":[{"href":"https:\/\/centros.uepb.edu.br\/ch\/wp-json\/wp\/v2\/types\/post"}],"author":[{"embeddable":true,"href":"https:\/\/centros.uepb.edu.br\/ch\/wp-json\/wp\/v2\/users\/39"}],"replies":[{"embeddable":true,"href":"https:\/\/centros.uepb.edu.br\/ch\/wp-json\/wp\/v2\/comments?post=8807"}],"version-history":[{"count":0,"href":"https:\/\/centros.uepb.edu.br\/ch\/wp-json\/wp\/v2\/posts\/8807\/revisions"}],"wp:attachment":[{"href":"https:\/\/centros.uepb.edu.br\/ch\/wp-json\/wp\/v2\/media?parent=8807"}],"wp:term":[{"taxonomy":"category","embeddable":true,"href":"https:\/\/centros.uepb.edu.br\/ch\/wp-json\/wp\/v2\/categories?post=8807"},{"taxonomy":"post_tag","embeddable":true,"href":"https:\/\/centros.uepb.edu.br\/ch\/wp-json\/wp\/v2\/tags?post=8807"}],"curies":[{"name":"wp","href":"https:\/\/api.w.org\/{rel}","templated":true}]}}