{"id":8802,"date":"2022-04-23T19:40:12","date_gmt":"2022-04-23T19:40:12","guid":{"rendered":"https:\/\/centros.uepb.edu.br\/ch\/?p=8802"},"modified":"2022-08-11T14:35:04","modified_gmt":"2022-08-11T14:35:04","slug":"o-centro-de-humanidades-uepb-sauda-a-comunidade-academica-no-retorno-das-atividades-presenciais","status":"publish","type":"post","link":"https:\/\/centros.uepb.edu.br\/ch\/o-centro-de-humanidades-uepb-sauda-a-comunidade-academica-no-retorno-das-atividades-presenciais\/","title":{"rendered":"O Centro de Humanidades \u2013 UEPB sa\u00fada a comunidade acad\u00eamica no retorno das atividades presenciais."},"content":{"rendered":"<p style=\"text-align: justify\">O Centro de Humanidades (CH) da Universidade Estadual da Para\u00edba (UEPB) d\u00e1 as boas-vindas \u00e0 comunidade acad\u00eamica para o in\u00edcio do semestre letivo 2022.1, no pr\u00f3ximo dia 25 de abril, com a retomada das atividades totalmente presenciais. Aproveita o momento para lembrar a todas e todos da import\u00e2ncia de se manter os cuidados de seguran\u00e7a sanit\u00e1ria, com a higieniza\u00e7\u00e3o constante das m\u00e3os com sab\u00e3o ou \u00e1lcool 70%, dispon\u00edveis em diversos espa\u00e7os do CH; o uso de m\u00e1scara; e, principalmente, o esquema vacinal completo, para que toda a comunidade possa desfrutar de um retorno presencial com seguran\u00e7a e tranquilidade.<\/p>\n<p style=\"text-align: justify\">Deseja um semestre de muito conhecimento e aprendizado nas trocas de experi\u00eancias e de cuidados individuais e coletivos t\u00e3o caros e necess\u00e1rios \u00e0 sa\u00fade de todas e todos!<\/p>\n","protected":false},"excerpt":{"rendered":"<p>O Centro de Humanidades (CH) da Universidade Estadual da Para\u00edba (UEPB) d\u00e1 as boas-vindas \u00e0 comunidade acad\u00eamica para o in\u00edcio do semestre letivo 2022.1, no pr\u00f3ximo dia 25 de abril, com a retomada das atividades totalmente presenciais. Aproveita o momento para lembrar a todas e todos da import\u00e2ncia de se manter os cuidados de seguran\u00e7a <a class=\"leiamais\" href=\"https:\/\/centros.uepb.edu.br\/ch\/o-centro-de-humanidades-uepb-sauda-a-comunidade-academica-no-retorno-das-atividades-presenciais\/\">Leia Mais&#8230;<\/a><\/p>\n","protected":false},"author":49,"featured_media":0,"comment_status":"closed","ping_status":"closed","sticky":false,"template":"","format":"standard","meta":{"jetpack_post_was_ever_published":false,"_jetpack_newsletter_access":"","_jetpack_dont_email_post_to_subs":false,"_jetpack_newsletter_tier_id":0,"_jetpack_memberships_contains_paywalled_content":false,"_jetpack_memberships_contains_paid_content":false,"footnotes":""},"categories":[37,10,42,3,11,13,18],"tags":[],"class_list":["post-8802","post","type-post","status-publish","format-standard","hentry","category-biblioteca","category-ch","category-covid-19","category-noticias","category-noticias-alunos","category-noticias-professores","category-noticias-tecnicos"],"jetpack_featured_media_url":"","jetpack_shortlink":"https:\/\/wp.me\/p4NR4N-2hY","jetpack_sharing_enabled":true,"_links":{"self":[{"href":"https:\/\/centros.uepb.edu.br\/ch\/wp-json\/wp\/v2\/posts\/8802","targetHints":{"allow":["GET"]}}],"collection":[{"href":"https:\/\/centros.uepb.edu.br\/ch\/wp-json\/wp\/v2\/posts"}],"about":[{"href":"https:\/\/centros.uepb.edu.br\/ch\/wp-json\/wp\/v2\/types\/post"}],"author":[{"embeddable":true,"href":"https:\/\/centros.uepb.edu.br\/ch\/wp-json\/wp\/v2\/users\/49"}],"replies":[{"embeddable":true,"href":"https:\/\/centros.uepb.edu.br\/ch\/wp-json\/wp\/v2\/comments?post=8802"}],"version-history":[{"count":0,"href":"https:\/\/centros.uepb.edu.br\/ch\/wp-json\/wp\/v2\/posts\/8802\/revisions"}],"wp:attachment":[{"href":"https:\/\/centros.uepb.edu.br\/ch\/wp-json\/wp\/v2\/media?parent=8802"}],"wp:term":[{"taxonomy":"category","embeddable":true,"href":"https:\/\/centros.uepb.edu.br\/ch\/wp-json\/wp\/v2\/categories?post=8802"},{"taxonomy":"post_tag","embeddable":true,"href":"https:\/\/centros.uepb.edu.br\/ch\/wp-json\/wp\/v2\/tags?post=8802"}],"curies":[{"name":"wp","href":"https:\/\/api.w.org\/{rel}","templated":true}]}}