{"id":8758,"date":"2021-12-23T11:48:30","date_gmt":"2021-12-23T11:48:30","guid":{"rendered":"https:\/\/interno.uepb.edu.br\/?p=74949"},"modified":"2022-08-11T14:37:45","modified_gmt":"2022-08-11T14:37:45","slug":"direcao-do-centro-de-humanidades-inicia-planejamento-para-construcao-de-rampa-de-acesso-no-campus-iii","status":"publish","type":"post","link":"https:\/\/centros.uepb.edu.br\/ch\/direcao-do-centro-de-humanidades-inicia-planejamento-para-construcao-de-rampa-de-acesso-no-campus-iii\/","title":{"rendered":"Dire\u00e7\u00e3o do Centro de Humanidades inicia planejamento para constru\u00e7\u00e3o de rampa de acesso no C\u00e2mpus III"},"content":{"rendered":"<p>O Centro de Humanidades (CH) da Universidade Estadual da Para\u00edba (UEPB), C\u00e2mpus III, localizado em Guarabira, vai passar por uma adequa\u00e7\u00e3o no bloco anexo com a constru\u00e7\u00e3o de uma rampa para facilitar a mobilidade da comunidade universit\u00e1ria. De acordo com a diretora do CH, professora Cleoma Maria Toscano Henriques, a obra est\u00e1 prevista para come\u00e7ar em janeiro, e ser\u00e3o executadas pela equipe da Pr\u00f3-Reitoria de Infraestrutura da Institui\u00e7\u00e3o.<\/p>\n<p>Com o prazo de conclus\u00e3o de quatro meses, a obra dever\u00e1 ser entregue em maio e ter\u00e1 como fun\u00e7\u00e3o principal a adequa\u00e7\u00e3o da edifica\u00e7\u00e3o do Bloco Anexo aos padr\u00f5es regulamentares que oferecer\u00e3o uma facilidade de acesso aos cadeirantes ou de pessoas com mobilidade reduzida. Como forma de agilizar o in\u00edcio da obra, na segunda-feira (20) foi realizada uma reuni\u00e3o de partida que definiu os detalhes a serem seguidos durante a constru\u00e7\u00e3o da rampa de acessibilidade no local.<\/p>\n<p><img loading=\"lazy\" decoding=\"async\" class=\"alignnone size-full wp-image-74937 img-responsive img-responsive\" src=\"https:\/\/i1.wp.com\/interno.uepb.edu.br\/wp-content\/uploads\/2021\/12\/Reforma-no-Centro-de-Humanidades-2.jpeg?resize=1600%2C1200&amp;ssl=1\" alt=\"\" width=\"1600\" height=\"1200\" data-recalc-dims=\"1\" \/>A reuni\u00e3o contou com a presen\u00e7a dos engenheiros Carlos Andr\u00e9 e Francisco Luiz, e do tecn\u00f3logo em edifica\u00e7\u00f5es Alisson L\u00edvio, que comp\u00f5em o quadro do setor de Engenharia e Arquitetura da PROINFRA. Tamb\u00e9m participaram do encontro o professor Amarildo Henrique de Lucena, e os representantes da empresa ARKETON Construtora e Incorporadora, que executar\u00e1 a obra, Ant\u00f4nio Wilker Pereira Camboim, diretor de opera\u00e7\u00f5es, e Eulajose Lord\u00e3o Rocha, diretor t\u00e9cnico da empresa.<\/p>\n<p>Conforme observou a professora Cleoma Maria, essa obra faz parte de uma das a\u00e7\u00f5es planejadas que a Reitoria da Universidade, juntamente a Dire\u00e7\u00e3o de Centro est\u00e3o realizando no C\u00e2mpus III. A obra ser\u00e1 executada com recursos pr\u00f3prios da UEPB. A diretora do CH ainda destacou que a constru\u00e7\u00e3o da rampa de acessibilidade \u00e9 um sonho antigo da comunidade universit\u00e1ria, principalmente das pessoas que t\u00eam dificuldades de locomo\u00e7\u00e3o. \u201cEssa obra facilitar\u00e1 o acesso ao local porque o segundo andar do pr\u00e9dio funciona a Biblioteca, e o \u00fanico acesso \u00e9 via escadaria. A rampa vai facilitar o deslocamento para todos\u201d, destacou a professor Cleoma.<\/p>\n<p><em><strong>Texto:<\/strong> Severino Lopes<\/em><br \/>\n<em><strong>Fotos:<\/strong> Divulga\u00e7\u00e3o<\/em><\/p>\n","protected":false},"excerpt":{"rendered":"<p>O Centro de Humanidades (CH) da Universidade Estadual da Para\u00edba (UEPB), C\u00e2mpus III, localizado em Guarabira, vai passar por uma adequa\u00e7\u00e3o no bloco anexo com a constru\u00e7\u00e3o de uma rampa para facilitar a mobilidade da comunidade universit\u00e1ria. De acordo com a diretora do CH, professora Cleoma Maria Toscano Henriques, a obra est\u00e1 prevista para come\u00e7ar <a class=\"leiamais\" href=\"https:\/\/interno.uepb.edu.br\/direcao-do-centro-de-humanidades-inicia-planejamento-para-construcao-de-rampa-de-acesso-no-campus-iii\/\">Leia Mais&#8230;<\/a><\/p>\n","protected":false},"author":39,"featured_media":0,"comment_status":"closed","ping_status":"closed","sticky":false,"template":"","format":"standard","meta":{"jetpack_post_was_ever_published":false,"_jetpack_newsletter_access":"","_jetpack_dont_email_post_to_subs":false,"_jetpack_newsletter_tier_id":0,"_jetpack_memberships_contains_paywalled_content":false,"_jetpack_memberships_contains_paid_content":false,"footnotes":""},"categories":[10,42,3,11,13,18,19],"tags":[],"class_list":["post-8758","post","type-post","status-publish","format-standard","hentry","category-ch","category-covid-19","category-noticias","category-noticias-alunos","category-noticias-professores","category-noticias-tecnicos","category-proinfra"],"jetpack_featured_media_url":"","jetpack_shortlink":"https:\/\/wp.me\/p4NR4N-2hg","jetpack_sharing_enabled":true,"_links":{"self":[{"href":"https:\/\/centros.uepb.edu.br\/ch\/wp-json\/wp\/v2\/posts\/8758","targetHints":{"allow":["GET"]}}],"collection":[{"href":"https:\/\/centros.uepb.edu.br\/ch\/wp-json\/wp\/v2\/posts"}],"about":[{"href":"https:\/\/centros.uepb.edu.br\/ch\/wp-json\/wp\/v2\/types\/post"}],"author":[{"embeddable":true,"href":"https:\/\/centros.uepb.edu.br\/ch\/wp-json\/wp\/v2\/users\/39"}],"replies":[{"embeddable":true,"href":"https:\/\/centros.uepb.edu.br\/ch\/wp-json\/wp\/v2\/comments?post=8758"}],"version-history":[{"count":0,"href":"https:\/\/centros.uepb.edu.br\/ch\/wp-json\/wp\/v2\/posts\/8758\/revisions"}],"wp:attachment":[{"href":"https:\/\/centros.uepb.edu.br\/ch\/wp-json\/wp\/v2\/media?parent=8758"}],"wp:term":[{"taxonomy":"category","embeddable":true,"href":"https:\/\/centros.uepb.edu.br\/ch\/wp-json\/wp\/v2\/categories?post=8758"},{"taxonomy":"post_tag","embeddable":true,"href":"https:\/\/centros.uepb.edu.br\/ch\/wp-json\/wp\/v2\/tags?post=8758"}],"curies":[{"name":"wp","href":"https:\/\/api.w.org\/{rel}","templated":true}]}}