{"id":8756,"date":"2021-12-21T15:03:26","date_gmt":"2021-12-21T15:03:26","guid":{"rendered":"https:\/\/interno.uepb.edu.br\/?p=74916"},"modified":"2022-02-18T18:14:40","modified_gmt":"2022-02-18T18:14:40","slug":"centro-de-humanidades-realiza-1o-edicao-da-jornada-do-nucleo-de-documentacao-historica","status":"publish","type":"post","link":"https:\/\/centros.uepb.edu.br\/ch\/centro-de-humanidades-realiza-1o-edicao-da-jornada-do-nucleo-de-documentacao-historica\/","title":{"rendered":"Centro de Humanidades realiza 1\u00ba edi\u00e7\u00e3o da Jornada do N\u00facleo de Documenta\u00e7\u00e3o Hist\u00f3rica"},"content":{"rendered":"<p>O Centro de Humanidades (CH) da Universidade Estadual da Para\u00edba (UEPB), C\u00e2mpus III, localizado em Guarabira, realiza nos dias 14 e 16 de fevereiro, a 1\u00aa edi\u00e7\u00e3o da Jornada do N\u00facleo de Documenta\u00e7\u00e3o Hist\u00f3rica (NDH). O evento, realizado de forma on-line com transmiss\u00e3o ao vivo pelo YouTube, canal Rede UEPB, \u00e9 destinado para todos os graduandos do CH, especialmente os estudantes de Hist\u00f3ria.<\/p>\n<p>A Jornada ser\u00e1 aberta \u00e0s 8h30 com uma mesa formada pela diretora do Centro de Humanidades, professora Cl\u00e9oma Maria Toscano Henriques; a chefe de Departamento de Hist\u00f3ria, professora Edna Maria N\u00f3brega de Ara\u00fajo; a coordenadora de Departamento de Hist\u00f3ria, professora Joedna Reis de Meneses; e os coordenadores do NDH, professora Luciana Calissi e o professor Jo\u00e3o Batista Gon\u00e7alves Bueno. Eles dar\u00e3o as boas-vindas aos participantes e detalhar\u00e3o a programa\u00e7\u00e3o do primeiro evento do CH do ano.<\/p>\n<p>Ap\u00f3s a acolhida, acontece a palestra de abertura, \u201cCentros de Documenta\u00e7\u00e3o da Hist\u00f3ria do Trabalho\u201d, que ter\u00e1 como palestrante a ju\u00edza do Tribunal Regional do Trabalho (TRT- 4) Anita L\u00fcbbe, presidente do MEMOJUTRA e F\u00f3rum Nacional Permanente em Defesa da Mem\u00f3ria da Justi\u00e7a do Trabalho. Essa atividade ter\u00e1 como debatedora a professora Luciana Calissi.<\/p>\n<p>A Jornada segue com a palestra \u201cPesquisa em Ambiente Digital de Acervos Documentais\u201d, a ser ministrada pelo professor Vanderlei Batista dos Santos, e que ter\u00e1 como debatedor o professor Jo\u00e3o Batista Gon\u00e7alves Bueno. O evento ser\u00e1 retomado no dia 16 com a palestra \u201cA Import\u00e2ncia da Organiza\u00e7\u00e3o dos Documentos Arquiv\u00edsticos\u201d, que ter\u00e1 como palestrante o professor Josemar Henrique de Melo, do o curso de Arquivologia da UEPB. O debatedor ser\u00e1 o professor Jo\u00e3o Batista Gon\u00e7alves Bueno.<\/p>\n<p>A Jornada ser\u00e1 encerrada com a palestra \u201cA Justi\u00e7a do Trabalho na Historiografia Brasileira\u201d, a ser ministrada pelo professor Tiago Bernardon de Oliveira e que ter\u00e1 como debatedora a professora Luciana Calissi.<\/p>\n<p><em><strong>Texto:<\/strong> Severino Lopes<\/em><\/p>\n","protected":false},"excerpt":{"rendered":"<p>O Centro de Humanidades (CH) da Universidade Estadual da Para\u00edba (UEPB), C\u00e2mpus III, localizado em Guarabira, realiza nos dias 14 e 16 de fevereiro, a 1\u00aa edi\u00e7\u00e3o da Jornada do N\u00facleo de Documenta\u00e7\u00e3o Hist\u00f3rica (NDH). O evento, realizado de forma on-line com transmiss\u00e3o ao vivo pelo YouTube, canal Rede UEPB, \u00e9 destinado para todos os <a class=\"leiamais\" href=\"https:\/\/interno.uepb.edu.br\/centro-de-humanidades-realiza-1o-edicao-da-jornada-do-nucleo-de-documentacao-historica\/\">Leia Mais&#8230;<\/a><\/p>\n","protected":false},"author":39,"featured_media":0,"comment_status":"closed","ping_status":"closed","sticky":false,"template":"","format":"standard","meta":{"jetpack_post_was_ever_published":false,"_jetpack_newsletter_access":"","_jetpack_dont_email_post_to_subs":false,"_jetpack_newsletter_tier_id":0,"_jetpack_memberships_contains_paywalled_content":false,"_jetpack_memberships_contains_paid_content":false,"footnotes":""},"categories":[10,42,3,11],"tags":[],"class_list":["post-8756","post","type-post","status-publish","format-standard","hentry","category-ch","category-covid-19","category-noticias","category-noticias-alunos"],"jetpack_featured_media_url":"","jetpack_shortlink":"https:\/\/wp.me\/p4NR4N-2he","jetpack_sharing_enabled":true,"_links":{"self":[{"href":"https:\/\/centros.uepb.edu.br\/ch\/wp-json\/wp\/v2\/posts\/8756","targetHints":{"allow":["GET"]}}],"collection":[{"href":"https:\/\/centros.uepb.edu.br\/ch\/wp-json\/wp\/v2\/posts"}],"about":[{"href":"https:\/\/centros.uepb.edu.br\/ch\/wp-json\/wp\/v2\/types\/post"}],"author":[{"embeddable":true,"href":"https:\/\/centros.uepb.edu.br\/ch\/wp-json\/wp\/v2\/users\/39"}],"replies":[{"embeddable":true,"href":"https:\/\/centros.uepb.edu.br\/ch\/wp-json\/wp\/v2\/comments?post=8756"}],"version-history":[{"count":0,"href":"https:\/\/centros.uepb.edu.br\/ch\/wp-json\/wp\/v2\/posts\/8756\/revisions"}],"wp:attachment":[{"href":"https:\/\/centros.uepb.edu.br\/ch\/wp-json\/wp\/v2\/media?parent=8756"}],"wp:term":[{"taxonomy":"category","embeddable":true,"href":"https:\/\/centros.uepb.edu.br\/ch\/wp-json\/wp\/v2\/categories?post=8756"},{"taxonomy":"post_tag","embeddable":true,"href":"https:\/\/centros.uepb.edu.br\/ch\/wp-json\/wp\/v2\/tags?post=8756"}],"curies":[{"name":"wp","href":"https:\/\/api.w.org\/{rel}","templated":true}]}}