{"id":8718,"date":"2021-10-08T12:41:28","date_gmt":"2021-10-08T12:41:28","guid":{"rendered":"https:\/\/interno.uepb.edu.br\/?p=73779"},"modified":"2021-11-24T00:09:38","modified_gmt":"2021-11-24T00:09:38","slug":"centro-de-humanidades-oferece-curso-sobre-pesquisa-com-adolescentes-no-contexto-do-ensino-remoto","status":"publish","type":"post","link":"https:\/\/centros.uepb.edu.br\/ch\/centro-de-humanidades-oferece-curso-sobre-pesquisa-com-adolescentes-no-contexto-do-ensino-remoto\/","title":{"rendered":"Centro de Humanidades oferece curso sobre pesquisa com adolescentes no contexto do ensino remoto"},"content":{"rendered":"<p>O Departamento de Educa\u00e7\u00e3o do C\u00e2mpus III da Universidade Estadual da Para\u00edba (UEPB) realizar\u00e1 o curso \u201cDesafios da pesquisa com adolescentes\/jovens no contexto do ensino remoto\u201d, promovido pelo grupo de pesquisa \u201cJuventude e educa\u00e7\u00e3o no contexto de ensino remoto\u201d. As inscri\u00e7\u00f5es est\u00e3o abertas e se estendem at\u00e9 as 20h do dia 12 de outubro, pelo endere\u00e7o <a href=\"https:\/\/forms.gle\/8V9PDwn7pzJ987JJ6\" rel=\"noopener\"><strong>https:\/\/forms.gle\/8V9PDwn7pzJ987JJ6<\/strong><\/a>.<\/p>\n<p>O grupo de pesquisa \u00e9 coordenado pelo professor Marcelo Saturnino da Silva, do Departamento de Educa\u00e7\u00e3o, do C\u00e2mpus de Guarabira, e tem como p\u00fablico-alvo estudantes e pesquisadores do Centro de Humanidades, outras institui\u00e7\u00f5es e demais interessados. O curso est\u00e1 estruturado em quatro partes: a pandemia enquanto evento cr\u00edtico e a descotidianiza\u00e7\u00e3o do mundo; adolesc\u00eancia\/juventude; ensino remoto: breve passeio pela literatura; metodologia da pesquisa qualitativa em contexto remoto.<\/p>\n<p>O curso oferece 80 vagas e as aulas ocorrer\u00e3o \u00e0s quartas-feiras, das 17h \u00e0s 19h, de 13 de outubro a 17 de novembro, via Google Meet.<\/p>\n<p><em><strong><img loading=\"lazy\" decoding=\"async\" class=\"alignnone size-full wp-image-73781 img-responsive img-responsive\" src=\"https:\/\/i2.wp.com\/interno.uepb.edu.br\/wp-content\/uploads\/2021\/10\/CARTAZ-CURSO-DE-FERIAS.jpeg?resize=904%2C1280&amp;ssl=1\" alt=\"\" width=\"904\" height=\"1280\" data-recalc-dims=\"1\" \/>Texto:<\/strong> Juliana Rosas<\/em><\/p>\n","protected":false},"excerpt":{"rendered":"<p>O Departamento de Educa\u00e7\u00e3o do C\u00e2mpus III da Universidade Estadual da Para\u00edba (UEPB) realizar\u00e1 o curso \u201cDesafios da pesquisa com adolescentes\/jovens no contexto do ensino remoto\u201d, promovido pelo grupo de pesquisa \u201cJuventude e educa\u00e7\u00e3o no contexto de ensino remoto\u201d. As inscri\u00e7\u00f5es est\u00e3o abertas e se estendem at\u00e9 as 20h do dia 12 de outubro, pelo <a class=\"leiamais\" href=\"https:\/\/interno.uepb.edu.br\/centro-de-humanidades-oferece-curso-sobre-pesquisa-com-adolescentes-no-contexto-do-ensino-remoto\/\">Leia Mais&#8230;<\/a><\/p>\n","protected":false},"author":39,"featured_media":0,"comment_status":"closed","ping_status":"closed","sticky":false,"template":"","format":"standard","meta":{"jetpack_post_was_ever_published":false,"_jetpack_newsletter_access":"","_jetpack_dont_email_post_to_subs":false,"_jetpack_newsletter_tier_id":0,"_jetpack_memberships_contains_paywalled_content":false,"_jetpack_memberships_contains_paid_content":false,"footnotes":""},"categories":[10,42,3,11],"tags":[],"class_list":["post-8718","post","type-post","status-publish","format-standard","hentry","category-ch","category-covid-19","category-noticias","category-noticias-alunos"],"jetpack_featured_media_url":"","jetpack_shortlink":"https:\/\/wp.me\/p4NR4N-2gC","jetpack_sharing_enabled":true,"_links":{"self":[{"href":"https:\/\/centros.uepb.edu.br\/ch\/wp-json\/wp\/v2\/posts\/8718","targetHints":{"allow":["GET"]}}],"collection":[{"href":"https:\/\/centros.uepb.edu.br\/ch\/wp-json\/wp\/v2\/posts"}],"about":[{"href":"https:\/\/centros.uepb.edu.br\/ch\/wp-json\/wp\/v2\/types\/post"}],"author":[{"embeddable":true,"href":"https:\/\/centros.uepb.edu.br\/ch\/wp-json\/wp\/v2\/users\/39"}],"replies":[{"embeddable":true,"href":"https:\/\/centros.uepb.edu.br\/ch\/wp-json\/wp\/v2\/comments?post=8718"}],"version-history":[{"count":0,"href":"https:\/\/centros.uepb.edu.br\/ch\/wp-json\/wp\/v2\/posts\/8718\/revisions"}],"wp:attachment":[{"href":"https:\/\/centros.uepb.edu.br\/ch\/wp-json\/wp\/v2\/media?parent=8718"}],"wp:term":[{"taxonomy":"category","embeddable":true,"href":"https:\/\/centros.uepb.edu.br\/ch\/wp-json\/wp\/v2\/categories?post=8718"},{"taxonomy":"post_tag","embeddable":true,"href":"https:\/\/centros.uepb.edu.br\/ch\/wp-json\/wp\/v2\/tags?post=8718"}],"curies":[{"name":"wp","href":"https:\/\/api.w.org\/{rel}","templated":true}]}}