{"id":8709,"date":"2021-08-30T14:33:23","date_gmt":"2021-08-30T14:33:23","guid":{"rendered":"https:\/\/interno.uepb.edu.br\/?p=72867"},"modified":"2021-10-21T18:31:56","modified_gmt":"2021-10-21T18:31:56","slug":"centro-de-humanidades-inicia-ciclo-de-atividades-do-centenario-paulo-freire-nesta-quinta-feira-2","status":"publish","type":"post","link":"https:\/\/centros.uepb.edu.br\/ch\/centro-de-humanidades-inicia-ciclo-de-atividades-do-centenario-paulo-freire-nesta-quinta-feira-2\/","title":{"rendered":"Centro de Humanidades inicia ciclo de atividades do Centen\u00e1rio Paulo Freire nesta quinta-feira (2)"},"content":{"rendered":"<p><img loading=\"lazy\" decoding=\"async\" class=\"alignnone size-full wp-image-72861 img-responsive img-responsive\" src=\"https:\/\/i0.wp.com\/interno.uepb.edu.br\/wp-content\/uploads\/2021\/08\/Palestra-02-09-21-as-09h.png?resize=1080%2C1080&amp;ssl=1\" alt=\"\" width=\"1080\" height=\"1080\" data-recalc-dims=\"1\" \/>\u201c\u00c9 Imposs\u00edvel existir sem sonhos \u2013 o que Paulo Freire poderia dizer aos Professores em Forma\u00e7\u00e3o?\u201d \u00e9 o t\u00edtulo da palestra que abre o evento do Centro de Humanidades (CH), C\u00e2mpus III da Universidade Estadual da Para\u00edba (UEPB), em comemora\u00e7\u00e3o ao Centen\u00e1rio de Paulo Freire. As atividades come\u00e7am nesta quinta-feira (2) e seguem nos dias 3, 8, 9 e 10 de setembro, com palestras, mesa-redonda, minicursos e rodas de di\u00e1logo. Os encontros ocorrer\u00e3o de forma virtual, com transmiss\u00e3o das palestras pelo canal Rede UEPB no YouTube e demais atividades pela plataforma Google Meet.<\/p>\n<p>A palestra de abertura das atividades do Centen\u00e1rio de Paulo Freire e do in\u00edcio do C\u00e2mpus de Guarabira da UEPB e tamb\u00e9m do segundo semestre letivo do Programa de Mestrado come\u00e7a \u00e0s 9h, com as professoras Elzanir dos Santos, da Universidade Federal da Para\u00edba (UFPB) e Andr\u00e9a Bezerra Cordeiro, da Universidade Federal do Paran\u00e1 (UFPR) como convidadas; e a professora Ros\u00e2ngela Neres, da UEPB, como mediadora.<\/p>\n<p>As atividades da sexta-feira (3), palestras, minicursos e mesa-redonda, est\u00e3o com inscri\u00e7\u00f5es abertas at\u00e9 esta ter\u00e7a-feira (31) e os participantes inscritos ter\u00e3o direito a certificado. Os links para a inscri\u00e7\u00e3o e a programa\u00e7\u00e3o completa podem ser acessados <a href=\"https:\/\/uepb.edu.br\/download\/atividades-centenario-de-paulo-freire-no-ch-uepb\/?wpdmdl=72858&amp;masterkey=612cd9b84021f\" rel=\"noopener\"><strong>aqui<\/strong><\/a>.<\/p>\n<p><a href=\"https:\/\/interno.uepb.edu.br\/palestra-08-09-21-as-18h\/\"><img loading=\"lazy\" decoding=\"async\" class=\"attachment-medium size-medium img-responsive\" src=\"https:\/\/i0.wp.com\/interno.uepb.edu.br\/wp-content\/uploads\/2021\/08\/Palestra-08-09-21-as-18h.jpeg?fit=300%2C300&amp;ssl=1\" alt=\"\" width=\"300\" height=\"300\" \/><\/a><br \/>\n<a href=\"https:\/\/interno.uepb.edu.br\/palestra-10-09-as-15h\/\"><img loading=\"lazy\" decoding=\"async\" class=\"attachment-medium size-medium img-responsive\" src=\"https:\/\/i0.wp.com\/interno.uepb.edu.br\/wp-content\/uploads\/2021\/08\/Palestra-10-09-as-15h.jpeg?fit=300%2C300&amp;ssl=1\" alt=\"\" width=\"300\" height=\"300\" \/><\/a><\/p>\n<p>Texto: Juliana Rosas<\/p>\n","protected":false},"excerpt":{"rendered":"<p>\u201c\u00c9 Imposs\u00edvel existir sem sonhos \u2013 o que Paulo Freire poderia dizer aos Professores em Forma\u00e7\u00e3o?\u201d \u00e9 o t\u00edtulo da palestra que abre o evento do Centro de Humanidades (CH), C\u00e2mpus III da Universidade Estadual da Para\u00edba (UEPB), em comemora\u00e7\u00e3o ao Centen\u00e1rio de Paulo Freire. As atividades come\u00e7am nesta quinta-feira (2) e seguem nos dias <a class=\"leiamais\" href=\"https:\/\/interno.uepb.edu.br\/centro-de-humanidades-inicia-ciclo-de-atividades-do-centenario-paulo-freire-nesta-quinta-feira-2\/\">Leia Mais&#8230;<\/a><\/p>\n","protected":false},"author":39,"featured_media":0,"comment_status":"closed","ping_status":"closed","sticky":false,"template":"","format":"standard","meta":{"jetpack_post_was_ever_published":false,"_jetpack_newsletter_access":"","_jetpack_dont_email_post_to_subs":false,"_jetpack_newsletter_tier_id":0,"_jetpack_memberships_contains_paywalled_content":false,"_jetpack_memberships_contains_paid_content":false,"footnotes":""},"categories":[10,42,3,11],"tags":[],"class_list":["post-8709","post","type-post","status-publish","format-standard","hentry","category-ch","category-covid-19","category-noticias","category-noticias-alunos"],"jetpack_featured_media_url":"","jetpack_shortlink":"https:\/\/wp.me\/p4NR4N-2gt","jetpack_sharing_enabled":true,"_links":{"self":[{"href":"https:\/\/centros.uepb.edu.br\/ch\/wp-json\/wp\/v2\/posts\/8709","targetHints":{"allow":["GET"]}}],"collection":[{"href":"https:\/\/centros.uepb.edu.br\/ch\/wp-json\/wp\/v2\/posts"}],"about":[{"href":"https:\/\/centros.uepb.edu.br\/ch\/wp-json\/wp\/v2\/types\/post"}],"author":[{"embeddable":true,"href":"https:\/\/centros.uepb.edu.br\/ch\/wp-json\/wp\/v2\/users\/39"}],"replies":[{"embeddable":true,"href":"https:\/\/centros.uepb.edu.br\/ch\/wp-json\/wp\/v2\/comments?post=8709"}],"version-history":[{"count":0,"href":"https:\/\/centros.uepb.edu.br\/ch\/wp-json\/wp\/v2\/posts\/8709\/revisions"}],"wp:attachment":[{"href":"https:\/\/centros.uepb.edu.br\/ch\/wp-json\/wp\/v2\/media?parent=8709"}],"wp:term":[{"taxonomy":"category","embeddable":true,"href":"https:\/\/centros.uepb.edu.br\/ch\/wp-json\/wp\/v2\/categories?post=8709"},{"taxonomy":"post_tag","embeddable":true,"href":"https:\/\/centros.uepb.edu.br\/ch\/wp-json\/wp\/v2\/tags?post=8709"}],"curies":[{"name":"wp","href":"https:\/\/api.w.org\/{rel}","templated":true}]}}