{"id":8701,"date":"2021-06-08T18:53:20","date_gmt":"2021-06-08T18:53:20","guid":{"rendered":"https:\/\/interno.uepb.edu.br\/?p=60245"},"modified":"2021-06-08T18:53:20","modified_gmt":"2021-06-08T18:53:20","slug":"projeto-de-extensao-saberes-e-poderes-promove-ciclo-de-debates-on-line-sobre-cultura-e-meio-ambiente-2","status":"publish","type":"post","link":"https:\/\/centros.uepb.edu.br\/ch\/projeto-de-extensao-saberes-e-poderes-promove-ciclo-de-debates-on-line-sobre-cultura-e-meio-ambiente-2\/","title":{"rendered":"Projeto de Extens\u00e3o Saberes e Poderes promove ciclo de debates on-line sobre cultura e meio ambiente"},"content":{"rendered":"<p>O Projeto de Extens\u00e3o Saberes e Poderes da Universidade Estadual da Para\u00edba (UEPB) est\u00e1 promovendo um ciclo de debates com o tema \u201cCultura, saberes e meio ambiente\u201d, sempre aos s\u00e1bados, das 14h \u00e0s 16h, via plataforma Google Meet. No pr\u00f3ximo dia 19 de junho, a programa\u00e7\u00e3o ter\u00e1 o webin\u00e1rio \u201cDa Flor do Mandacaru ao Lun\u00e1rio Perp\u00e9tuo: Introdu\u00e7\u00e3o aos saberes e pr\u00e1ticas dos profetas da chuva do Nordeste\u201d.<br \/>\nSaberes e Poderes: A forma\u00e7\u00e3o de professores e a constru\u00e7\u00e3o do empoderamento social nos cursos de licenciaturas da UEPB\/Guarabira \u00e9 um projeto do C\u00e2mpus III, coordenado pelos docentes Luciana Silva do Nascimento, Estevam Dedalus P. de Aguiar Mendes e Jo\u00e3o Matias de Oliveira Neto. O ciclo de debates 2021 do projeto come\u00e7ou em maio e segue at\u00e9 agosto.<br \/>\nO webin\u00e1rio de encerramento tamb\u00e9m ser\u00e1 transmitido pelos canais oficiais da UEPB. As inscri\u00e7\u00f5es est\u00e3o sendo feitas via <a href=\"https:\/\/docs.google.com\/forms\/d\/e\/1FAIpQLSe6EcuMC5-8BNDDVLIt4ebp-1tR12ZTXIDGNsvswnWkSQx_HQ\/viewform?usp=sf_link\"  rel=\"noopener\"><strong>formul\u00e1rio eletr\u00f4nico<\/strong><\/a>.<br \/>\nO convidado para o webin\u00e1rio de 19 de junho \u00e9 o professor da Universidade Federal de Campina Grande (UFCG), Valdenio Freitas Meneses. A media\u00e7\u00e3o ser\u00e1 feita por um dos coordenadores do projeto de extens\u00e3o e professor do Centro de Humanidades da UEPB, Jo\u00e3o Matias de Oliveira Neto. As duas primeiras atividades foram realizadas nos dias 15 e 22 de maio. Os webin\u00e1rios foram ministrados pelo professor da UFPB, Francisco Jos\u00e9 Garcia e coordenador do N\u00facleo de Justi\u00e7a Animal (NEJA\/UFPB); e o segundo pela jornalista e fil\u00f3sofa Anette Leal, pesquisadora do Centro de Estudos e Pesquisas Psicobiof\u00edsicas (CEPP\/JP).<br \/>\nConfira os pr\u00f3ximos webin\u00e1rios do Ciclo de Debates 2021 do projeto de extens\u00e3o Saberes e Poderes:<br \/>\n<strong>26\/06 \u2013<\/strong> Culturas Juvenis e M\u00eddias Digitais. Convidados: professora Tereza da N\u00f3brega Queiroz, da Universidade Federal da Para\u00edba (UFPB) e Adeilson da Silva Tavares, professor do C\u00e2mpus VI da UEPB.<br \/>\n<strong>17\/07 \u2013<\/strong> \u00d3cio, Capitalismo e Educa\u00e7\u00e3o. Convidados: Estevam Dedalus, coordenador do projeto de extens\u00e3o Saberes e Poderes, professor da UEPB e articulista do caderno de cultura do jornal A Uni\u00e3o; F\u00e1bio de Souza Dantas, professor da UFPB; Jos\u00e9 Waldeyr Santos Adelino, mestrando da Universidade Federal do Rio Grande do Norte (UFRN).<br \/>\n<strong>24\/07 \u2013<\/strong> Mapeamento e educa\u00e7\u00e3o intercultural: relato de experi\u00eancias com povos ind\u00edgenas. Convidados: Maurice Seiji Tomioka Nilsson, doutor em Humanidades Direitos e outras legitimidades pela Universidade de S\u00e3o Paulo (USP).<br \/>\n<strong>31\/07 \u2013<\/strong> Meio Ambiente e Universidade: reflex\u00f5es e experi\u00eancias. Convidados: Ana Maria Meira de Lello, educadora ambiental da USP; Antonio Vitor Rosa, membro ativo das redes Paulista e Brasileira de Educa\u00e7\u00e3o Ambiental.<br \/>\n<strong>07\/08 \u2013<\/strong> Estado Laico e Ensino Religioso. Convidados: Orivaldo Pimentel Lopes J\u00fanior, professor da UFRN; Emilayne Souto, professora de Sociologia e Ensino Religioso no Governo do Estado da Para\u00edba.<br \/>\n<strong>14\/08 \u2013<\/strong> Encerramento: Desenvolvimento Sustent\u00e1vel e Educa\u00e7\u00e3o. Com: Elias Jabbour, professor da Universidade do Estado do Rio de Janeiro (UERJ); Ladislau Dowbor, professor da Pontif\u00edcia Universidade Cat\u00f3lica de S\u00e3o Paulo (PUC-SP); Luciano Albino Barbosa, professor da UEPB.<br \/>\n<em><strong>Texto:<\/strong> Juliana Rosas<\/em><\/p>\n","protected":false},"excerpt":{"rendered":"<p>O Projeto de Extens\u00e3o Saberes e Poderes da Universidade Estadual da Para\u00edba (UEPB) est\u00e1 promovendo um ciclo de debates com o tema \u201cCultura, saberes e meio ambiente\u201d, sempre aos s\u00e1bados, das 14h \u00e0s 16h, via plataforma Google Meet. No pr\u00f3ximo dia 19 de junho, a programa\u00e7\u00e3o ter\u00e1 o webin\u00e1rio \u201cDa Flor do Mandacaru ao Lun\u00e1rio <a class=\"leiamais\" href=\"https:\/\/interno.uepb.edu.br\/projeto-de-extensao-saberes-e-poderes-promove-ciclo-de-debates-on-line-sobre-cultura-e-meio-ambiente\/\">Leia Mais&#8230;<\/a><\/p>\n","protected":false},"author":39,"featured_media":0,"comment_status":"closed","ping_status":"closed","sticky":false,"template":"","format":"standard","meta":{"jetpack_post_was_ever_published":false,"_jetpack_newsletter_access":"","_jetpack_dont_email_post_to_subs":false,"_jetpack_newsletter_tier_id":0,"_jetpack_memberships_contains_paywalled_content":false,"_jetpack_memberships_contains_paid_content":false,"footnotes":""},"categories":[10,42,3,11,17],"tags":[],"class_list":["post-8701","post","type-post","status-publish","format-standard","hentry","category-ch","category-covid-19","category-noticias","category-noticias-alunos","category-proex"],"jetpack_featured_media_url":"","jetpack_shortlink":"https:\/\/wp.me\/p4NR4N-2gl","jetpack_sharing_enabled":true,"_links":{"self":[{"href":"https:\/\/centros.uepb.edu.br\/ch\/wp-json\/wp\/v2\/posts\/8701","targetHints":{"allow":["GET"]}}],"collection":[{"href":"https:\/\/centros.uepb.edu.br\/ch\/wp-json\/wp\/v2\/posts"}],"about":[{"href":"https:\/\/centros.uepb.edu.br\/ch\/wp-json\/wp\/v2\/types\/post"}],"author":[{"embeddable":true,"href":"https:\/\/centros.uepb.edu.br\/ch\/wp-json\/wp\/v2\/users\/39"}],"replies":[{"embeddable":true,"href":"https:\/\/centros.uepb.edu.br\/ch\/wp-json\/wp\/v2\/comments?post=8701"}],"version-history":[{"count":0,"href":"https:\/\/centros.uepb.edu.br\/ch\/wp-json\/wp\/v2\/posts\/8701\/revisions"}],"wp:attachment":[{"href":"https:\/\/centros.uepb.edu.br\/ch\/wp-json\/wp\/v2\/media?parent=8701"}],"wp:term":[{"taxonomy":"category","embeddable":true,"href":"https:\/\/centros.uepb.edu.br\/ch\/wp-json\/wp\/v2\/categories?post=8701"},{"taxonomy":"post_tag","embeddable":true,"href":"https:\/\/centros.uepb.edu.br\/ch\/wp-json\/wp\/v2\/tags?post=8701"}],"curies":[{"name":"wp","href":"https:\/\/api.w.org\/{rel}","templated":true}]}}