{"id":8697,"date":"2021-06-16T12:18:52","date_gmt":"2021-06-16T12:18:52","guid":{"rendered":"https:\/\/interno.uepb.edu.br\/?p=60309"},"modified":"2021-06-16T12:18:52","modified_gmt":"2021-06-16T12:18:52","slug":"projeto-humaniza-bosque-do-campus-iii-recebe-nome-do-professor-carlos-antonio-belarmino-alves-2","status":"publish","type":"post","link":"https:\/\/centros.uepb.edu.br\/ch\/projeto-humaniza-bosque-do-campus-iii-recebe-nome-do-professor-carlos-antonio-belarmino-alves-2\/","title":{"rendered":"Projeto Humaniza Bosque do C\u00e2mpus III recebe nome do professor Carlos Ant\u00f4nio Belarmino Alves"},"content":{"rendered":"<p><a href=\"https:\/\/interno.uepb.edu.br\/wp-content\/uploads\/2021\/06\/Humaniza-Bosque-Professor-Carlos-Belarmino-1.jpg\"><img decoding=\"async\" loading=\"lazy\" class=\"alignleft size-full wp-image-60312 img-responsive img-responsive\" src=\"https:\/\/interno.uepb.edu.br\/wp-content\/uploads\/2021\/06\/Humaniza-Bosque-Professor-Carlos-Belarmino-1.jpg\" alt=\"\" width=\"1040\" height=\"780\" \/><\/a>Um lugar de contempla\u00e7\u00e3o da paisagem, pr\u00e1ticas de lazer, relaxamento e ao mesmo tempo um espa\u00e7o de aprendizagem sobre as quest\u00f5es ambientais e ecol\u00f3gicas. Esta \u00e9 a proposta do Humaniza Bosque Carlos Ant\u00f4nio Belarmino Alves, constru\u00eddo no Centro de Humanidades (CH) da Universidade Estadual da Para\u00edba (UEPB), C\u00e2mpus III, localizado na cidade de Guarabira. O espa\u00e7o \u00e9 fruto do projeto de extens\u00e3o \u201cPlanejamento e Gest\u00e3o Ambiental&#8221;, implantado em 2019, pela professora da Especializa\u00e7\u00e3o em Geografia e Territ\u00f3rio Planejamento Urbano, Rural e Ambiental, Luciene Arruda e pelo professor Carlos Belarmino, falecido em 22 de junho do ano passado em decorr\u00eancia de complica\u00e7\u00f5es pela Covid-19.<br \/>\nA ideia de homenagear o professor Belarmino e batizar com o nome dele o local foi do grupo de professores que conviveram com o docente e conheceram a luta e empenho do docente em prol da educa\u00e7\u00e3o. Conforme descreveu a professora Luciene Arruda, Carlos Belarmino foi um amante da natureza e da educa\u00e7\u00e3o, e usou dos seus conhecimentos para dar vida ao \u201cHumaniza Bosque\u201d.<br \/>\nComo forma de homenagear o professor no primeiro anivers\u00e1rio de sua morte, o grupo de docentes do C\u00e2mpus III realizar\u00e1 uma a\u00e7\u00e3o no pr\u00f3ximo dia 22 de junho. Um painel foi confeccionado contando um pouco da hist\u00f3ria e do legado dele. A a\u00e7\u00e3o ser\u00e1 realizada com presen\u00e7a dos familiares do professor Carlos, em um dos locais preferidos dele, seguindo os protocolos de seguran\u00e7a em preven\u00e7\u00e3o \u00e0 Covid-19. A professora Luciene Arruda lembrou que a iniciativa que o professor Belarmino sonhou e ajudou a idealizar, hoje conta com quatro mini-projetos desenvolvidos em um espa\u00e7o de mais de um hectare, voltados para o desenvolvimento sustent\u00e1vel, como a prepara\u00e7\u00e3o do bosque com cultivo de mudas para recebimento de visitas.<br \/>\nO projeto tamb\u00e9m tem uma a\u00e7\u00e3o voltada para recebimento de escolas, como forma de incentivar a constru\u00e7\u00e3o de espa\u00e7os verdes, al\u00e9m do reaproveitamento de materiais do c\u00e2mpus, al\u00e9m da constru\u00e7\u00e3o de um orquid\u00e1rio com plantas doadas pelo professor Carlos Belarmino. Ela contou que o professor conhecia todo o tipo de plantas e por isso, deu grande contribui\u00e7\u00e3o para a implanta\u00e7\u00e3o do bosque. Em pouco mais de ano de funcionamento, o \u201cHumaniza Bosque\u201d conseguiu arborizar parte da \u00e1rea no entorno do Centro.<br \/>\n<a href=\"https:\/\/interno.uepb.edu.br\/wp-content\/uploads\/2021\/06\/Humaniza-Bosque-Professor-Carlos-Belarmino-2.jpg\"><img decoding=\"async\" loading=\"lazy\" class=\"alignleft size-full wp-image-60311 img-responsive img-responsive\" src=\"https:\/\/interno.uepb.edu.br\/wp-content\/uploads\/2021\/06\/Humaniza-Bosque-Professor-Carlos-Belarmino-2.jpg\" alt=\"\" width=\"960\" height=\"720\" \/><\/a>Ao todo, 150 mudas j\u00e1 foram plantadas nas esp\u00e9cies de caj\u00e1, aroeiras, mangueira, jenipapo, cuit\u00e9, angico, jaca, pitomba, sucupira, coqueiro, palmeiras, cajazeiras, ip\u00eas, entre outras previstas no projeto. A ideia era fazer o bosque com plantas nativas. Ao lado do bosque, ainda existe o pomar no local. O projeto j\u00e1 tem tornado esse espa\u00e7o do c\u00e2mpus um ambiente mais agrad\u00e1vel e convidativo, minimizando o estresse do dia a dia da vida universit\u00e1ria, acrescentou a professora<br \/>\nAo longos dos \u00faltimos meses v\u00e1rias a\u00e7\u00f5es j\u00e1 foram realizadas no C\u00e2mpus III e fora dele. Por conta da pandemia, algumas atividades como as visitas das escolas foram suspensas, mas o projeto continuou. Recentemente a professora Lucene submeteu a proposta a um edital PROBEX com o t\u00edtulo \u201cAplica\u00e7\u00e3o e Socializa\u00e7\u00e3o da Metodologia da Economia Criativa e da Produ\u00e7\u00e3o mais limpa na infraestrutura do Humaniza Bosque\u201d.<br \/>\nAl\u00e9m da professora Luciene Vieira de Arruda e do professor Ant\u00f4nio Belarmino Alves, participaram da cria\u00e7\u00e3o do projeto as professoras Ivonildes da Silva Fonseca, atual vice-reitora da UEPB, e Cl\u00e9oma Maria Toscano Henriques, bem como, os professores Amarildo Henrique de Lucena, Belarmino Mariano Neto, Ivanildo Costa da Silva, Ramon Santos Souza e Leandro Paiva do Monte Rodrigues.<br \/>\n<strong><a href=\"https:\/\/interno.uepb.edu.br\/wp-content\/uploads\/2021\/06\/Carlos-Belarmino-Homenagem.jpg\"><img decoding=\"async\" loading=\"lazy\" class=\"alignleft size-full wp-image-60313 img-responsive img-responsive\" src=\"https:\/\/interno.uepb.edu.br\/wp-content\/uploads\/2021\/06\/Carlos-Belarmino-Homenagem.jpg\" alt=\"\" width=\"696\" height=\"392\" \/><\/a><\/strong><br \/>\n&nbsp;<br \/>\n&nbsp;<br \/>\n&nbsp;<br \/>\n&nbsp;<br \/>\n&nbsp;<br \/>\n&nbsp;<br \/>\n&nbsp;<br \/>\n&nbsp;<br \/>\n&nbsp;<br \/>\n&nbsp;<br \/>\n&nbsp;<br \/>\n<strong>O homenageado<\/strong><br \/>\nO professor Carlos Belarmino Alves era casado com a professora Auric\u00e9lia Alustau e deixou quatro filhas que dever\u00e3o estar presentes na homenagem. Natural de Natal (RN), Belarmino desempenhava suas fun\u00e7\u00f5es docentes no C\u00e2mpus III h\u00e1 mais de 30 anos, como profissional dedicado, al\u00e9m de uma pessoa extremamente positiva e que tinha como marca registrada o zelo com sua atividade docente.<br \/>\nFormado em Tecn\u00f3logo de N\u00edvel Superior em Cooperativismo pela Universidade Federal da Para\u00edba (UFPB) e em Licenciatura Plena em Geografia pela UEPB, ele deixou um legado de busca pela constru\u00e7\u00e3o de um mundo melhor, acreditando que a boa ci\u00eancia deve ser utilizada para o bem, respeitando as tradi\u00e7\u00f5es dos povos.<br \/>\n<em><strong>Texto:<\/strong> Severino Lopes<\/em><br \/>\n<em><strong>Fotos:<\/strong> Divulga\u00e7\u00e3o<\/em><\/p>\n","protected":false},"excerpt":{"rendered":"<p>Um lugar de contempla\u00e7\u00e3o da paisagem, pr\u00e1ticas de lazer, relaxamento e ao mesmo tempo um espa\u00e7o de aprendizagem sobre as quest\u00f5es ambientais e ecol\u00f3gicas. Esta \u00e9 a proposta do Humaniza Bosque Carlos Ant\u00f4nio Belarmino Alves, constru\u00eddo no Centro de Humanidades (CH) da Universidade Estadual da Para\u00edba (UEPB), C\u00e2mpus III, localizado na cidade de Guarabira. O <a class=\"leiamais\" href=\"https:\/\/interno.uepb.edu.br\/projeto-humaniza-bosque-do-campus-iii-recebe-nome-do-professor-carlos-antonio-belarmino-alves\/\">Leia Mais&#8230;<\/a><\/p>\n","protected":false},"author":39,"featured_media":0,"comment_status":"closed","ping_status":"closed","sticky":false,"template":"","format":"standard","meta":{"jetpack_post_was_ever_published":false,"_jetpack_newsletter_access":"","_jetpack_dont_email_post_to_subs":false,"_jetpack_newsletter_tier_id":0,"_jetpack_memberships_contains_paywalled_content":false,"_jetpack_memberships_contains_paid_content":false,"footnotes":""},"categories":[10,42,3,13,17],"tags":[],"class_list":["post-8697","post","type-post","status-publish","format-standard","hentry","category-ch","category-covid-19","category-noticias","category-noticias-professores","category-proex"],"jetpack_featured_media_url":"","jetpack_shortlink":"https:\/\/wp.me\/p4NR4N-2gh","jetpack_sharing_enabled":true,"_links":{"self":[{"href":"https:\/\/centros.uepb.edu.br\/ch\/wp-json\/wp\/v2\/posts\/8697","targetHints":{"allow":["GET"]}}],"collection":[{"href":"https:\/\/centros.uepb.edu.br\/ch\/wp-json\/wp\/v2\/posts"}],"about":[{"href":"https:\/\/centros.uepb.edu.br\/ch\/wp-json\/wp\/v2\/types\/post"}],"author":[{"embeddable":true,"href":"https:\/\/centros.uepb.edu.br\/ch\/wp-json\/wp\/v2\/users\/39"}],"replies":[{"embeddable":true,"href":"https:\/\/centros.uepb.edu.br\/ch\/wp-json\/wp\/v2\/comments?post=8697"}],"version-history":[{"count":0,"href":"https:\/\/centros.uepb.edu.br\/ch\/wp-json\/wp\/v2\/posts\/8697\/revisions"}],"wp:attachment":[{"href":"https:\/\/centros.uepb.edu.br\/ch\/wp-json\/wp\/v2\/media?parent=8697"}],"wp:term":[{"taxonomy":"category","embeddable":true,"href":"https:\/\/centros.uepb.edu.br\/ch\/wp-json\/wp\/v2\/categories?post=8697"},{"taxonomy":"post_tag","embeddable":true,"href":"https:\/\/centros.uepb.edu.br\/ch\/wp-json\/wp\/v2\/tags?post=8697"}],"curies":[{"name":"wp","href":"https:\/\/api.w.org\/{rel}","templated":true}]}}