{"id":8635,"date":"2021-05-10T10:32:02","date_gmt":"2021-05-10T10:32:02","guid":{"rendered":"https:\/\/www.interno.uepb.edu.br\/?p=59882"},"modified":"2022-08-11T14:47:00","modified_gmt":"2022-08-11T14:47:00","slug":"programa-tutoria-especial-auxilia-estudantes-a-superarem-dificuldades-impostas-pelo-ensino-remoto","status":"publish","type":"post","link":"https:\/\/centros.uepb.edu.br\/ch\/programa-tutoria-especial-auxilia-estudantes-a-superarem-dificuldades-impostas-pelo-ensino-remoto\/","title":{"rendered":"Programa Tutoria Especial auxilia estudantes a superarem dificuldades impostas pelo ensino remoto"},"content":{"rendered":"<p><a href=\"https:\/\/www.interno.uepb.edu.br\/wp-content\/uploads\/2021\/05\/Materia-Tutoria-Especial.jpg\"><img loading=\"lazy\" decoding=\"async\" class=\"alignleft size-full wp-image-59880 img-responsive img-responsive\" src=\"https:\/\/www.interno.uepb.edu.br\/wp-content\/uploads\/2021\/05\/Materia-Tutoria-Especial.jpg\" alt=\"\" width=\"2560\" height=\"1244\" \/><\/a>Desde 2020, em virtude da pandemia do novo Coronav\u00edrus, a Universidade Estadual da Para\u00edba (UEPB) tem adotado a modalidade de ensino remoto. Para isso, foi preciso se reinventar e procurar alternativas para auxiliar no aprendizado dos estudantes. Com o distanciamento social, alunos e professores tiveram que se adaptar a essa nova realidade, recorrendo ao formato on-line que requer outra metodologia de forma\u00e7\u00e3o para os graduandos.<\/p>\n<p>E para os estudantes com defici\u00eancia esse cen\u00e1rio n\u00e3o tem sido diferente. Um exemplo disso \u00e9 o caso da estudante do 6\u00ba per\u00edodo do curso de Licenciatura em Geografia, Thays Domingos, deficiente visual, que contou um pouco de como tem sido sua experi\u00eancia com as aulas remotas. \u201cTenho sentido muita dificuldade, principalmente pelo fato dos professores estarem passando muitas leituras, at\u00e9 mais do que presencialmente. \u00c9 cansativo\u201d, afirmou.<\/p>\n<p>J\u00e1 para o estudante do Curso de Licenciatura em Hist\u00f3ria, no C\u00e2mpus III, em Guarabira, Jos\u00e9 Erinaldo Oliveira, deficiente auditivo, o formato on-line tem contribu\u00eddo de forma positiva. \u201cEu t\u00f4 gostando, porque tenho conseguido assimilar com mais facilidade os conte\u00fados, pois, como sou deficiente auditivo, e estarmos passando por esse momento de pandemia, se fosse presencialmente, o uso da m\u00e1scara dificultaria muito na hora da compreens\u00e3o\u201d, contou.<\/p>\n<p>Jos\u00e9 ainda fala que na hora das aulas, uma das maiores dificuldades que encontra est\u00e1 relacionada aos \u00e1udios dos colegas. \u201cA maior dificuldade que eu encontro \u00e9 em rela\u00e7\u00e3o aos \u00e1udios dos colegas, que \u00e0s vezes est\u00e3o com volume baixo, e \u00e9 chato ficar pedindo para eles aumentarem, mas os professores t\u00eam me ajudado\u201d, acrescentou.<\/p>\n<p>Os estudantes da UEPB com defici\u00eancia podem contar com o aux\u00edlio do Programa Tutoria Especial, ofertado a cada semestre pela Pr\u00f3-Reitoria Estudantil (PROEST), atrav\u00e9s de edital de sele\u00e7\u00e3o. O programa visa ajudar alunos com algum tipo de defici\u00eancia de forma que possam ter condi\u00e7\u00f5es de acompanhar todo o processo de forma\u00e7\u00e3o. A psic\u00f3loga da PROEST, Luiza Porcaro, uma das respons\u00e1veis pelo acompanhamento do programa, conta que o papel da Pr\u00f3-Reitoria vai muito al\u00e9m do programa da tutoria. A inten\u00e7\u00e3o \u00e9 fazer uma ponte entre tutores e tutorandos, al\u00e9m de professores e colegas dos estudantes com defici\u00eancia para que eles sempre sejam assistidos.<\/p>\n<p>\u201cEu, enquanto psic\u00f3loga, tenho tentado acompanhar o rendimento dos alunos pelo controle acad\u00eamico, e quando percebo que h\u00e1 uma queda, entro em contato para saber o que est\u00e1 acontecendo. Al\u00e9m disso, converso com professores e colegas dos estudantes que fazem parte do Programa Tutoria Especial. Tudo isso tem sido feito de forma on-line\u201d, disse ela.<\/p>\n<p>O programa de tutoria segue acompanhando 11 estudantes com algum tipo de defici\u00eancia na Universidade, seja ela visual, auditiva ou cognitiva, entre o C\u00e2mpus de Campina Grande e os demais c\u00e2mpus da UEPB.<\/p>\n<p><em><strong>Texto:<\/strong> Aryanne Fel\u00edcia (Estagi\u00e1ria)<\/em><br \/>\n<em><strong>Foto:<\/strong> Arquivo pessoal<\/em><\/p>\n","protected":false},"excerpt":{"rendered":"<p>Desde 2020, em virtude da pandemia do novo Coronav\u00edrus, a Universidade Estadual da Para\u00edba (UEPB) tem adotado a modalidade de ensino remoto. Para isso, foi preciso se reinventar e procurar alternativas para auxiliar no aprendizado dos estudantes. Com o distanciamento social, alunos e professores tiveram que se adaptar a essa nova realidade, recorrendo ao formato <a class=\"leiamais\" href=\"https:\/\/www.interno.uepb.edu.br\/programa-tutoria-especial-auxilia-estudantes-a-superarem-dificuldades-impostas-pelo-ensino-remoto\/\">Leia Mais&#8230;<\/a><\/p>\n","protected":false},"author":39,"featured_media":0,"comment_status":"closed","ping_status":"closed","sticky":false,"template":"","format":"standard","meta":{"jetpack_post_was_ever_published":false,"_jetpack_newsletter_access":"","_jetpack_dont_email_post_to_subs":false,"_jetpack_newsletter_tier_id":0,"_jetpack_memberships_contains_paywalled_content":false,"_jetpack_memberships_contains_paid_content":false,"footnotes":""},"categories":[31,10,42,3,11,40,32],"tags":[],"class_list":["post-8635","post","type-post","status-publish","format-standard","hentry","category-ceduc","category-ch","category-covid-19","category-noticias","category-noticias-alunos","category-proest","category-prograd"],"jetpack_featured_media_url":"","jetpack_shortlink":"https:\/\/wp.me\/p4NR4N-2fh","jetpack_sharing_enabled":true,"_links":{"self":[{"href":"https:\/\/centros.uepb.edu.br\/ch\/wp-json\/wp\/v2\/posts\/8635","targetHints":{"allow":["GET"]}}],"collection":[{"href":"https:\/\/centros.uepb.edu.br\/ch\/wp-json\/wp\/v2\/posts"}],"about":[{"href":"https:\/\/centros.uepb.edu.br\/ch\/wp-json\/wp\/v2\/types\/post"}],"author":[{"embeddable":true,"href":"https:\/\/centros.uepb.edu.br\/ch\/wp-json\/wp\/v2\/users\/39"}],"replies":[{"embeddable":true,"href":"https:\/\/centros.uepb.edu.br\/ch\/wp-json\/wp\/v2\/comments?post=8635"}],"version-history":[{"count":0,"href":"https:\/\/centros.uepb.edu.br\/ch\/wp-json\/wp\/v2\/posts\/8635\/revisions"}],"wp:attachment":[{"href":"https:\/\/centros.uepb.edu.br\/ch\/wp-json\/wp\/v2\/media?parent=8635"}],"wp:term":[{"taxonomy":"category","embeddable":true,"href":"https:\/\/centros.uepb.edu.br\/ch\/wp-json\/wp\/v2\/categories?post=8635"},{"taxonomy":"post_tag","embeddable":true,"href":"https:\/\/centros.uepb.edu.br\/ch\/wp-json\/wp\/v2\/tags?post=8635"}],"curies":[{"name":"wp","href":"https:\/\/api.w.org\/{rel}","templated":true}]}}