{"id":8623,"date":"2020-05-28T12:56:37","date_gmt":"2020-05-28T12:56:37","guid":{"rendered":"https:\/\/www.interno.uepb.edu.br\/?p=55802"},"modified":"2020-05-28T12:56:37","modified_gmt":"2020-05-28T12:56:37","slug":"centro-de-humanidades-da-uepb-lanca-campanha-pela-vida-na-pandemia-no-municipio-de-guarabira-2","status":"publish","type":"post","link":"https:\/\/centros.uepb.edu.br\/ch\/centro-de-humanidades-da-uepb-lanca-campanha-pela-vida-na-pandemia-no-municipio-de-guarabira-2\/","title":{"rendered":"Centro de Humanidades da UEPB lan\u00e7a campanha \u201cPela vida na pandemia\u201d no munic\u00edpio de Guarabira"},"content":{"rendered":"<div class=\"wp-block-jetpack-slideshow aligncenter\" data-effect=\"slide\">\n<div class=\"wp-block-jetpack-slideshow_container swiper-container\">\n<ul class=\"wp-block-jetpack-slideshow_swiper-wrapper swiper-wrapper\">\n<li class=\"wp-block-jetpack-slideshow_slide swiper-slide\">\n<figure><img decoding=\"async\" loading=\"lazy\" width=\"1024\" height=\"768\" alt=\"\" class=\"wp-block-jetpack-slideshow_image wp-image-55803 img-responsive img-responsive\" data-id=\"55803\" src=\"https:\/\/www.interno.uepb.edu.br\/wp-content\/uploads\/2020\/05\/Campanha-pela-vida-CH-4-1024x768.jpeg\" srcset=\"https:\/\/www.interno.uepb.edu.br\/wp-content\/uploads\/2020\/05\/Campanha-pela-vida-CH-4-1024x768.jpeg 1024w, https:\/\/www.interno.uepb.edu.br\/wp-content\/uploads\/2020\/05\/Campanha-pela-vida-CH-4-300x225.jpeg 300w, https:\/\/www.interno.uepb.edu.br\/wp-content\/uploads\/2020\/05\/Campanha-pela-vida-CH-4-768x576.jpeg 768w, https:\/\/www.interno.uepb.edu.br\/wp-content\/uploads\/2020\/05\/Campanha-pela-vida-CH-4-370x278.jpeg 370w, https:\/\/www.interno.uepb.edu.br\/wp-content\/uploads\/2020\/05\/Campanha-pela-vida-CH-4-840x630.jpeg 840w, https:\/\/www.interno.uepb.edu.br\/wp-content\/uploads\/2020\/05\/Campanha-pela-vida-CH-4.jpeg 1152w\" sizes=\"auto, (max-width: 1024px) 100vw, 1024px\" \/><\/figure>\n<\/li>\n<li class=\"wp-block-jetpack-slideshow_slide swiper-slide\">\n<figure><img decoding=\"async\" loading=\"lazy\" width=\"1024\" height=\"768\" alt=\"\" class=\"wp-block-jetpack-slideshow_image wp-image-55805 img-responsive img-responsive\" data-id=\"55805\" src=\"https:\/\/www.interno.uepb.edu.br\/wp-content\/uploads\/2020\/05\/Campanha-pela-vida-CH-2-1024x768.jpeg\" srcset=\"https:\/\/www.interno.uepb.edu.br\/wp-content\/uploads\/2020\/05\/Campanha-pela-vida-CH-2-1024x768.jpeg 1024w, https:\/\/www.interno.uepb.edu.br\/wp-content\/uploads\/2020\/05\/Campanha-pela-vida-CH-2-300x225.jpeg 300w, https:\/\/www.interno.uepb.edu.br\/wp-content\/uploads\/2020\/05\/Campanha-pela-vida-CH-2-768x576.jpeg 768w, https:\/\/www.interno.uepb.edu.br\/wp-content\/uploads\/2020\/05\/Campanha-pela-vida-CH-2-370x278.jpeg 370w, https:\/\/www.interno.uepb.edu.br\/wp-content\/uploads\/2020\/05\/Campanha-pela-vida-CH-2-840x630.jpeg 840w, https:\/\/www.interno.uepb.edu.br\/wp-content\/uploads\/2020\/05\/Campanha-pela-vida-CH-2.jpeg 1152w\" sizes=\"auto, (max-width: 1024px) 100vw, 1024px\" \/><\/figure>\n<\/li>\n<li class=\"wp-block-jetpack-slideshow_slide swiper-slide\">\n<figure><img decoding=\"async\" loading=\"lazy\" width=\"1024\" height=\"768\" alt=\"\" class=\"wp-block-jetpack-slideshow_image wp-image-55804 img-responsive img-responsive\" data-id=\"55804\" src=\"https:\/\/www.interno.uepb.edu.br\/wp-content\/uploads\/2020\/05\/Campanha-pela-vida-CH-3-1024x768.jpeg\" srcset=\"https:\/\/www.interno.uepb.edu.br\/wp-content\/uploads\/2020\/05\/Campanha-pela-vida-CH-3-1024x768.jpeg 1024w, https:\/\/www.interno.uepb.edu.br\/wp-content\/uploads\/2020\/05\/Campanha-pela-vida-CH-3-300x225.jpeg 300w, https:\/\/www.interno.uepb.edu.br\/wp-content\/uploads\/2020\/05\/Campanha-pela-vida-CH-3-768x576.jpeg 768w, https:\/\/www.interno.uepb.edu.br\/wp-content\/uploads\/2020\/05\/Campanha-pela-vida-CH-3-370x278.jpeg 370w, https:\/\/www.interno.uepb.edu.br\/wp-content\/uploads\/2020\/05\/Campanha-pela-vida-CH-3-840x630.jpeg 840w, https:\/\/www.interno.uepb.edu.br\/wp-content\/uploads\/2020\/05\/Campanha-pela-vida-CH-3.jpeg 1152w\" sizes=\"auto, (max-width: 1024px) 100vw, 1024px\" \/><\/figure>\n<\/li>\n<li class=\"wp-block-jetpack-slideshow_slide swiper-slide\">\n<figure><img decoding=\"async\" loading=\"lazy\" width=\"1024\" height=\"768\" alt=\"\" class=\"wp-block-jetpack-slideshow_image wp-image-55806 img-responsive img-responsive\" data-id=\"55806\" src=\"https:\/\/www.interno.uepb.edu.br\/wp-content\/uploads\/2020\/05\/Campanha-pela-vida-CH-1-1024x768.jpeg\" srcset=\"https:\/\/www.interno.uepb.edu.br\/wp-content\/uploads\/2020\/05\/Campanha-pela-vida-CH-1-1024x768.jpeg 1024w, https:\/\/www.interno.uepb.edu.br\/wp-content\/uploads\/2020\/05\/Campanha-pela-vida-CH-1-300x225.jpeg 300w, https:\/\/www.interno.uepb.edu.br\/wp-content\/uploads\/2020\/05\/Campanha-pela-vida-CH-1-768x576.jpeg 768w, https:\/\/www.interno.uepb.edu.br\/wp-content\/uploads\/2020\/05\/Campanha-pela-vida-CH-1-370x278.jpeg 370w, https:\/\/www.interno.uepb.edu.br\/wp-content\/uploads\/2020\/05\/Campanha-pela-vida-CH-1-840x630.jpeg 840w, https:\/\/www.interno.uepb.edu.br\/wp-content\/uploads\/2020\/05\/Campanha-pela-vida-CH-1.jpeg 1152w\" sizes=\"auto, (max-width: 1024px) 100vw, 1024px\" \/><\/figure>\n<\/li>\n<\/ul>\n<p><a class=\"wp-block-jetpack-slideshow_button-prev swiper-button-prev swiper-button-white\" role=\"button\"><\/a><a class=\"wp-block-jetpack-slideshow_button-next swiper-button-next swiper-button-white\" role=\"button\"><\/a><a aria-label=\"Pause Slideshow\" class=\"wp-block-jetpack-slideshow_button-pause\" role=\"button\"><\/a><\/p>\n<div class=\"wp-block-jetpack-slideshow_pagination swiper-pagination swiper-pagination-white\"><\/div>\n<\/div>\n<\/div>\n<p>Com o objetivo de conscientizar as pessoas sobre os riscos do novo coronav\u00edrus e a necessidade de ado\u00e7\u00e3o de medidas de preven\u00e7\u00e3o, o Centro de Humanidades (CH) da Universidade Estadual da Para\u00edba (UEPB), em Guarabira, lan\u00e7ou uma campanha que visa mostrar para as pessoas a import\u00e2ncia do isolamento social e do uso de m\u00e1scaras nesses tempos de pandemia.<\/p>\n<p>A iniciativa &#8220;UEPB Guarabira pela vida na pandemia&#8221; est\u00e1 sendo veiculada nas redes sociais e nas emissoras locais de r\u00e1dio no munic\u00edpio e destaca a import\u00e2ncia das pessoas permanecerem em casa durante o tempo de quarentena, para evitar contamina\u00e7\u00e3o da doen\u00e7a e, consequentemente, a superlota\u00e7\u00e3o da rede hospitalar, apelando para as pessoas preservarem o sistema p\u00fablico de sa\u00fade.<\/p>\n<p>Os produtos da campanha, como as vinhetas e entrevistas, s\u00e3o veiculados nas r\u00e1dios locais, enquanto os cards s\u00e3o publicados nas redes sociais. A campanha tamb\u00e9m tem um lado social, com a coleta e distribui\u00e7\u00e3o de cestas b\u00e1sicas em abrigos da cidade. A iniciativa come\u00e7ou no in\u00edcio da pandemia e envolve docentes, alunos e t\u00e9cnicos administrativos, al\u00e9m lideran\u00e7as locais diversas.<\/p>\n<p>De forma enf\u00e1tica, a campanha apela aos paraibanos para respeitarem o isolamento social e escutarem os profissionais de sa\u00fade que est\u00e3o na linha de frente de combate ao novo coronav\u00edrus, bem como usarem m\u00e1scaras, caso necessitem sair de casa. A professora Ivonildes Fonseca, diretora do CH e uma das respons\u00e1veis pela iniciativa, enfatiza que o isolamento social ainda \u00e9 a medida mais eficaz apontada pelas autoridades sanit\u00e1rias e epidemiol\u00f3gicas para achatar a curva do v\u00edrus que tem crescido de forma preocupante.<\/p>\n<p><em><strong>Texto:<\/strong> Severino Lopes<\/em><\/p>\n","protected":false},"excerpt":{"rendered":"<p>Com o objetivo de conscientizar as pessoas sobre os riscos do novo coronav\u00edrus e a necessidade de ado\u00e7\u00e3o de medidas de preven\u00e7\u00e3o, o Centro de Humanidades (CH) da Universidade Estadual da Para\u00edba (UEPB), em Guarabira, lan\u00e7ou uma campanha que visa mostrar para as pessoas a import\u00e2ncia do isolamento social e do uso de m\u00e1scaras nesses <a class=\"leiamais\" href=\"https:\/\/www.interno.uepb.edu.br\/centro-de-humanidades-da-uepb-lanca-campanha-pela-vida-na-pandemia-no-municipio-de-guarabira\/\">Leia Mais&#8230;<\/a><\/p>\n","protected":false},"author":25,"featured_media":0,"comment_status":"closed","ping_status":"closed","sticky":false,"template":"","format":"standard","meta":{"jetpack_post_was_ever_published":false,"_jetpack_newsletter_access":"","_jetpack_dont_email_post_to_subs":false,"_jetpack_newsletter_tier_id":0,"_jetpack_memberships_contains_paywalled_content":false,"_jetpack_memberships_contains_paid_content":false,"footnotes":""},"categories":[10,42,3],"tags":[],"class_list":["post-8623","post","type-post","status-publish","format-standard","hentry","category-ch","category-covid-19","category-noticias"],"jetpack_featured_media_url":"","jetpack_shortlink":"https:\/\/wp.me\/p4NR4N-2f5","jetpack_sharing_enabled":true,"_links":{"self":[{"href":"https:\/\/centros.uepb.edu.br\/ch\/wp-json\/wp\/v2\/posts\/8623","targetHints":{"allow":["GET"]}}],"collection":[{"href":"https:\/\/centros.uepb.edu.br\/ch\/wp-json\/wp\/v2\/posts"}],"about":[{"href":"https:\/\/centros.uepb.edu.br\/ch\/wp-json\/wp\/v2\/types\/post"}],"author":[{"embeddable":true,"href":"https:\/\/centros.uepb.edu.br\/ch\/wp-json\/wp\/v2\/users\/25"}],"replies":[{"embeddable":true,"href":"https:\/\/centros.uepb.edu.br\/ch\/wp-json\/wp\/v2\/comments?post=8623"}],"version-history":[{"count":0,"href":"https:\/\/centros.uepb.edu.br\/ch\/wp-json\/wp\/v2\/posts\/8623\/revisions"}],"wp:attachment":[{"href":"https:\/\/centros.uepb.edu.br\/ch\/wp-json\/wp\/v2\/media?parent=8623"}],"wp:term":[{"taxonomy":"category","embeddable":true,"href":"https:\/\/centros.uepb.edu.br\/ch\/wp-json\/wp\/v2\/categories?post=8623"},{"taxonomy":"post_tag","embeddable":true,"href":"https:\/\/centros.uepb.edu.br\/ch\/wp-json\/wp\/v2\/tags?post=8623"}],"curies":[{"name":"wp","href":"https:\/\/api.w.org\/{rel}","templated":true}]}}