{"id":8606,"date":"2020-12-24T09:47:55","date_gmt":"2020-12-24T09:47:55","guid":{"rendered":"https:\/\/www.interno.uepb.edu.br\/?p=58217"},"modified":"2020-12-24T09:47:55","modified_gmt":"2020-12-24T09:47:55","slug":"4a-turma-da-especializacao-em-geografia-e-territorio-e-encerrada-com-apresentacao-de-monografias-2","status":"publish","type":"post","link":"https:\/\/centros.uepb.edu.br\/ch\/4a-turma-da-especializacao-em-geografia-e-territorio-e-encerrada-com-apresentacao-de-monografias-2\/","title":{"rendered":"4\u00aa turma da Especializa\u00e7\u00e3o em Geografia e Territ\u00f3rio \u00e9 encerrada com apresenta\u00e7\u00e3o de Monografias"},"content":{"rendered":"<figure class=\"wp-block-image size-large\"><img decoding=\"async\" loading=\"lazy\" width=\"1024\" height=\"444\" src=\"https:\/\/www.interno.uepb.edu.br\/wp-content\/uploads\/2020\/12\/Especializacao-em-Geografia-e-Territorio-1-1024x444.jpeg\" alt=\"\" class=\"wp-image-58216 img-responsive img-responsive\" srcset=\"https:\/\/www.interno.uepb.edu.br\/wp-content\/uploads\/2020\/12\/Especializacao-em-Geografia-e-Territorio-1-1024x444.jpeg 1024w, https:\/\/www.interno.uepb.edu.br\/wp-content\/uploads\/2020\/12\/Especializacao-em-Geografia-e-Territorio-1-300x130.jpeg 300w, https:\/\/www.interno.uepb.edu.br\/wp-content\/uploads\/2020\/12\/Especializacao-em-Geografia-e-Territorio-1-768x333.jpeg 768w, https:\/\/www.interno.uepb.edu.br\/wp-content\/uploads\/2020\/12\/Especializacao-em-Geografia-e-Territorio-1-370x160.jpeg 370w, https:\/\/www.interno.uepb.edu.br\/wp-content\/uploads\/2020\/12\/Especializacao-em-Geografia-e-Territorio-1-840x364.jpeg 840w, https:\/\/www.interno.uepb.edu.br\/wp-content\/uploads\/2020\/12\/Especializacao-em-Geografia-e-Territorio-1.jpeg 1276w\" sizes=\"auto, (max-width: 1024px) 100vw, 1024px\" \/><\/figure>\n<p>Os alunos da 4\u00aa turma do curso de Especializa\u00e7\u00e3o em Geografia e Territ\u00f3rio: planejamento urbano, rural e ambiental, da Universidade Estadual da Para\u00edba (UEPB), apresentaram seus trabalhos monogr\u00e1ficos encerrando os trabalhos no final do semestre 2020\/1. O curso, que \u00e9 oferecido pelo Centro de Humanidades (CH), C\u00e2mpus III da UEPB, tem como coordenadores o professor Belarmino Mariano, e a professora Luciene Vieira de Arruda. A 4\u00aa turma foi composta por 30 estudantes, dos quais, quatro desistiram ainda na fase das disciplinas, tr\u00eas n\u00e3o conseguiram apresentar seus Trabalhos de Conclus\u00e3o de Curso (TCC) e 23, conseguiram cumprir todas as disciplinas, e defender suas monografias, aprovados com m\u00e9dias entre 8,0 e 10,0.<\/p>\n<p>Segundo os coordenadores, foi organizado um Semin\u00e1rio de Defesas de TCC, aberto ao p\u00fablico, entre os dias 24 de novembro e 5 de dezembro, nos turnos da manh\u00e3, tarde e noite, sempre com o revezamento de bancas examinadoras que mobilizaram mais de 20 professores, entre os orientadores, examinadores internos e externos. Foi uma verdadeira maratona acad\u00eamica em n\u00edvel de p\u00f3s-gradua\u00e7\u00e3o e o resultado foi muito positivo, pois em m\u00e9dia, as salas do classroom e googlemeet da turma, sempre estavam com mais de 30 participantes por defesa, al\u00e9m de familiares dos alunos.<\/p>\n<figure class=\"wp-block-image size-large\"><img decoding=\"async\" loading=\"lazy\" width=\"1024\" height=\"470\" src=\"https:\/\/www.interno.uepb.edu.br\/wp-content\/uploads\/2020\/12\/Especializacao-em-Geografia-e-Territorio-2-1024x470.jpeg\" alt=\"\" class=\"wp-image-58215 img-responsive img-responsive\" srcset=\"https:\/\/www.interno.uepb.edu.br\/wp-content\/uploads\/2020\/12\/Especializacao-em-Geografia-e-Territorio-2-1024x470.jpeg 1024w, https:\/\/www.interno.uepb.edu.br\/wp-content\/uploads\/2020\/12\/Especializacao-em-Geografia-e-Territorio-2-300x138.jpeg 300w, https:\/\/www.interno.uepb.edu.br\/wp-content\/uploads\/2020\/12\/Especializacao-em-Geografia-e-Territorio-2-768x353.jpeg 768w, https:\/\/www.interno.uepb.edu.br\/wp-content\/uploads\/2020\/12\/Especializacao-em-Geografia-e-Territorio-2-370x170.jpeg 370w, https:\/\/www.interno.uepb.edu.br\/wp-content\/uploads\/2020\/12\/Especializacao-em-Geografia-e-Territorio-2-840x386.jpeg 840w, https:\/\/www.interno.uepb.edu.br\/wp-content\/uploads\/2020\/12\/Especializacao-em-Geografia-e-Territorio-2.jpeg 1276w\" sizes=\"auto, (max-width: 1024px) 100vw, 1024px\" \/><\/figure>\n<p>Todas as defesas ocorreram de maneira remota, atrav\u00e9s das plataformas do G suite, seguindo as recomenda\u00e7\u00f5es dos \u00f3rg\u00e3os de sa\u00fade, Governo do Estado e as orienta\u00e7\u00f5es da Administra\u00e7\u00e3o Central da UEPB. Atrav\u00e9s da Sala Virtual do Classroom e googlemeet, todas as apresenta\u00e7\u00f5es foram realizadas. Vale registrar que nossos alunos moram em cidades do entorno de Guarabira e alguns, na zona rural. Mesmo assim, todas as defesas de TCC foram realizadas com sucesso.<\/p>\n<p>Todas as linhas de pesquisa do curso foram tocadas pelos trabalhos monogr\u00e1ficos, pois foram realizadas pesquisas sobre: Geografia e Territ\u00f3rio; Geografia e Planejamento Territorial Urbano, Rural e Ambiental; al\u00e9m de Geografia Cultural, Ensino de Geografia, Assentamentos Rurais, Biogeografia, Geografia Econ\u00f4mica; entre outros. Os estudantes est\u00e3o fazendo suas corre\u00e7\u00f5es para que os trabalhos sejam finalmente depositados no Reposit\u00f3rio da Biblioteca da UEPB, com o encaminhamento do Relat\u00f3rio Final para a Secretaria das Especializa\u00e7\u00f5es da Pr\u00f3-Reitoria de P\u00f3s-Gradua\u00e7\u00e3o (PRPGP\/UEPB).<\/p>\n<p>Confira o cronograma de defesas clicando <strong><a href=\"https:\/\/www.interno.uepb.edu.br\/download\/documentos\/documentos_2020\/Cronograma-de-Defesas-da-Especializacao.pdf\"  rel=\"noreferrer noopener\">AQUI<\/a><\/strong>, e o relat\u00f3rio final da especializa\u00e7\u00e3o <strong><a href=\"https:\/\/www.interno.uepb.edu.br\/download\/documentos\/documentos_2020\/Relatorio-Final-Especializacao-em-Geografia-e-Territorio.pdf\"  rel=\"noreferrer noopener\">AQUI<\/a><\/strong>.<\/p>\n","protected":false},"excerpt":{"rendered":"<p>Os alunos da 4\u00aa turma do curso de Especializa\u00e7\u00e3o em Geografia e Territ\u00f3rio: planejamento urbano, rural e ambiental, da Universidade Estadual da Para\u00edba (UEPB), apresentaram seus trabalhos monogr\u00e1ficos encerrando os trabalhos no final do semestre 2020\/1. O curso, que \u00e9 oferecido pelo Centro de Humanidades (CH), C\u00e2mpus III da UEPB, tem como coordenadores o professor <a class=\"leiamais\" href=\"https:\/\/www.interno.uepb.edu.br\/4-turma-da-especializacao-em-geografia-e-territorio-e-encerrada-com-apresentacao-de-monografias\/\">Leia Mais&#8230;<\/a><\/p>\n","protected":false},"author":39,"featured_media":0,"comment_status":"closed","ping_status":"closed","sticky":false,"template":"","format":"standard","meta":{"jetpack_post_was_ever_published":false,"_jetpack_newsletter_access":"","_jetpack_dont_email_post_to_subs":false,"_jetpack_newsletter_tier_id":0,"_jetpack_memberships_contains_paywalled_content":false,"_jetpack_memberships_contains_paid_content":false,"footnotes":""},"categories":[10,3,11,16],"tags":[],"class_list":["post-8606","post","type-post","status-publish","format-standard","hentry","category-ch","category-noticias","category-noticias-alunos","category-prpgp"],"jetpack_featured_media_url":"","jetpack_shortlink":"https:\/\/wp.me\/p4NR4N-2eO","jetpack_sharing_enabled":true,"_links":{"self":[{"href":"https:\/\/centros.uepb.edu.br\/ch\/wp-json\/wp\/v2\/posts\/8606","targetHints":{"allow":["GET"]}}],"collection":[{"href":"https:\/\/centros.uepb.edu.br\/ch\/wp-json\/wp\/v2\/posts"}],"about":[{"href":"https:\/\/centros.uepb.edu.br\/ch\/wp-json\/wp\/v2\/types\/post"}],"author":[{"embeddable":true,"href":"https:\/\/centros.uepb.edu.br\/ch\/wp-json\/wp\/v2\/users\/39"}],"replies":[{"embeddable":true,"href":"https:\/\/centros.uepb.edu.br\/ch\/wp-json\/wp\/v2\/comments?post=8606"}],"version-history":[{"count":0,"href":"https:\/\/centros.uepb.edu.br\/ch\/wp-json\/wp\/v2\/posts\/8606\/revisions"}],"wp:attachment":[{"href":"https:\/\/centros.uepb.edu.br\/ch\/wp-json\/wp\/v2\/media?parent=8606"}],"wp:term":[{"taxonomy":"category","embeddable":true,"href":"https:\/\/centros.uepb.edu.br\/ch\/wp-json\/wp\/v2\/categories?post=8606"},{"taxonomy":"post_tag","embeddable":true,"href":"https:\/\/centros.uepb.edu.br\/ch\/wp-json\/wp\/v2\/tags?post=8606"}],"curies":[{"name":"wp","href":"https:\/\/api.w.org\/{rel}","templated":true}]}}