{"id":8570,"date":"2021-03-04T10:33:10","date_gmt":"2021-03-04T10:33:10","guid":{"rendered":"http:\/\/www.uepb.edu.br\/?p=58915"},"modified":"2021-03-04T10:33:10","modified_gmt":"2021-03-04T10:33:10","slug":"proex-promove-curso-de-extensao-sobre-padroes-de-pos-verdade-e-o-falseamento-da-pandemia-de-covid-19","status":"publish","type":"post","link":"https:\/\/centros.uepb.edu.br\/ch\/proex-promove-curso-de-extensao-sobre-padroes-de-pos-verdade-e-o-falseamento-da-pandemia-de-covid-19\/","title":{"rendered":"PROEX promove curso de extens\u00e3o sobre padr\u00f5es de p\u00f3s-verdade e o falseamento da pandemia de Covid-19"},"content":{"rendered":"<p>A Pr\u00f3-Reitoria de Extens\u00e3o (PROEX) da Universidade Estadual da Para\u00edba (UEPB), atrav\u00e9s do Departamento de Hist\u00f3ria, do Centro de Humanidades (CH), promover\u00e1 o curso de extens\u00e3o \u201cA pandemia no plural: reconhecendo padr\u00f5es de p\u00f3s-verdade, falseamento e mentira sobre a Covid-19 e a infodemia\u201d. A atividade ser\u00e1 ministrada pelo professor Carlos Adriano F. de Lima, do C\u00e2mpus III. O objetivo do curso \u00e9 discutir o problema da pandemia de Covid-19 e a infodemia, apresentando formas de reconhecer de maneira cr\u00edtica as informa\u00e7\u00f5es sobre a doen\u00e7a.<\/p>\n<p>As inscri\u00e7\u00f5es poder\u00e3o ser feitas de 3 a 19 de mar\u00e7o, atrav\u00e9s deste <strong><a href=\"https:\/\/forms.gle\/mJDb4dNnEZq5vd7SA\"  rel=\"noreferrer noopener\">LINK<\/a><\/strong>. As aulas iniciar\u00e3o na quarta-feira (24), e ser\u00e3o realizadas das 19h \u00e0s 21h. Est\u00e3o sendo oferecidas 100 vagas. O curso tem um total de 120 horas\/aula. Todas as aulas ser\u00e3o realizadas atrav\u00e9s da plataforma Google Meet.<\/p>\n<p><em><strong>Texto:<\/strong> Givaldo Cavalcanti<\/em><\/p>\n<p>O post <a rel=\"nofollow\" href=\"http:\/\/www.uepb.edu.br\/proex-promove-curso-de-extensao-sobre-padroes-de-pos-verdade-e-o-falseamento-da-pandemia-de-covid-19\/\">PROEX promove curso de extens\u00e3o sobre padr\u00f5es de p\u00f3s-verdade e o falseamento da pandemia de Covid-19<\/a> apareceu primeiro em <a rel=\"nofollow\" href=\"http:\/\/www.uepb.edu.br\/\">UEPB<\/a>.<\/p>\n","protected":false},"excerpt":{"rendered":"<p>A Pr\u00f3-Reitoria de Extens\u00e3o (PROEX) da Universidade Estadual da Para\u00edba (UEPB), atrav\u00e9s do Departamento de Hist\u00f3ria, do Centro de Humanidades (CH), promover\u00e1 o curso de extens\u00e3o \u201cA pandemia no plural: reconhecendo padr\u00f5es de p\u00f3s-verdade, falseamento e mentira sobre a Covid-19 e a infodemia\u201d. A atividade ser\u00e1 ministrada pelo professor Carlos Adriano F. de Lima, do <a class=\"leiamais\" href=\"http:\/\/www.uepb.edu.br\/proex-promove-curso-de-extensao-sobre-padroes-de-pos-verdade-e-o-falseamento-da-pandemia-de-covid-19\/\">Leia Mais&#8230;<\/a><\/p>\n<p>O post <a rel=\"nofollow\" href=\"http:\/\/www.uepb.edu.br\/proex-promove-curso-de-extensao-sobre-padroes-de-pos-verdade-e-o-falseamento-da-pandemia-de-covid-19\/\">PROEX promove curso de extens\u00e3o sobre padr\u00f5es de p\u00f3s-verdade e o falseamento da pandemia de Covid-19<\/a> apareceu primeiro em <a rel=\"nofollow\" href=\"http:\/\/www.uepb.edu.br\/\">UEPB<\/a>.<\/p>\n","protected":false},"author":39,"featured_media":0,"comment_status":"closed","ping_status":"closed","sticky":false,"template":"","format":"standard","meta":{"jetpack_post_was_ever_published":false,"_jetpack_newsletter_access":"","_jetpack_dont_email_post_to_subs":false,"_jetpack_newsletter_tier_id":0,"_jetpack_memberships_contains_paywalled_content":false,"_jetpack_memberships_contains_paid_content":false,"footnotes":""},"categories":[10,3,11,12,17],"tags":[],"class_list":["post-8570","post","type-post","status-publish","format-standard","hentry","category-ch","category-noticias","category-noticias-alunos","category-noticias-destaque","category-proex"],"jetpack_featured_media_url":"","jetpack_shortlink":"https:\/\/wp.me\/p4NR4N-2ee","jetpack_sharing_enabled":true,"_links":{"self":[{"href":"https:\/\/centros.uepb.edu.br\/ch\/wp-json\/wp\/v2\/posts\/8570","targetHints":{"allow":["GET"]}}],"collection":[{"href":"https:\/\/centros.uepb.edu.br\/ch\/wp-json\/wp\/v2\/posts"}],"about":[{"href":"https:\/\/centros.uepb.edu.br\/ch\/wp-json\/wp\/v2\/types\/post"}],"author":[{"embeddable":true,"href":"https:\/\/centros.uepb.edu.br\/ch\/wp-json\/wp\/v2\/users\/39"}],"replies":[{"embeddable":true,"href":"https:\/\/centros.uepb.edu.br\/ch\/wp-json\/wp\/v2\/comments?post=8570"}],"version-history":[{"count":0,"href":"https:\/\/centros.uepb.edu.br\/ch\/wp-json\/wp\/v2\/posts\/8570\/revisions"}],"wp:attachment":[{"href":"https:\/\/centros.uepb.edu.br\/ch\/wp-json\/wp\/v2\/media?parent=8570"}],"wp:term":[{"taxonomy":"category","embeddable":true,"href":"https:\/\/centros.uepb.edu.br\/ch\/wp-json\/wp\/v2\/categories?post=8570"},{"taxonomy":"post_tag","embeddable":true,"href":"https:\/\/centros.uepb.edu.br\/ch\/wp-json\/wp\/v2\/tags?post=8570"}],"curies":[{"name":"wp","href":"https:\/\/api.w.org\/{rel}","templated":true}]}}