{"id":8566,"date":"2020-12-24T09:47:55","date_gmt":"2020-12-24T09:47:55","guid":{"rendered":"http:\/\/www.uepb.edu.br\/?p=58217"},"modified":"2020-12-24T09:47:55","modified_gmt":"2020-12-24T09:47:55","slug":"4a-turma-da-especializacao-em-geografia-e-territorio-e-encerrada-com-apresentacao-de-monografias","status":"publish","type":"post","link":"https:\/\/centros.uepb.edu.br\/ch\/4a-turma-da-especializacao-em-geografia-e-territorio-e-encerrada-com-apresentacao-de-monografias\/","title":{"rendered":"4\u00aa turma da Especializa\u00e7\u00e3o em Geografia e Territ\u00f3rio \u00e9 encerrada com apresenta\u00e7\u00e3o de Monografias"},"content":{"rendered":"<figure class=\"wp-block-image size-large\"><img decoding=\"async\" data-attachment-id=\"58216\" data-permalink=\"http:\/\/www.uepb.edu.br\/especializacao-em-geografia-e-territorio-1\/\" data-orig-file=\"https:\/\/i1.wp.com\/www.uepb.edu.br\/wp-content\/uploads\/2020\/12\/Especializacao-em-Geografia-e-Territorio-1.jpeg?fit=1276%2C553\" data-orig-size=\"1276,553\" data-comments-opened=\"1\" data-image-meta=\"{&quot;aperture&quot;:&quot;0&quot;,&quot;credit&quot;:&quot;&quot;,&quot;camera&quot;:&quot;&quot;,&quot;caption&quot;:&quot;&quot;,&quot;created_timestamp&quot;:&quot;1608219135&quot;,&quot;copyright&quot;:&quot;&quot;,&quot;focal_length&quot;:&quot;0&quot;,&quot;iso&quot;:&quot;0&quot;,&quot;shutter_speed&quot;:&quot;0&quot;,&quot;title&quot;:&quot;&quot;,&quot;orientation&quot;:&quot;1&quot;}\" data-image-title=\"Especializa\u00e7\u00e3o em Geografia e Territ\u00f3rio (1)\" data-image-description=\"\" data-medium-file=\"https:\/\/i1.wp.com\/www.uepb.edu.br\/wp-content\/uploads\/2020\/12\/Especializacao-em-Geografia-e-Territorio-1.jpeg?fit=300%2C130\" data-large-file=\"https:\/\/i1.wp.com\/www.uepb.edu.br\/wp-content\/uploads\/2020\/12\/Especializacao-em-Geografia-e-Territorio-1.jpeg?fit=1024%2C444\" loading=\"lazy\" width=\"1024\" height=\"444\" src=\"https:\/\/i1.wp.com\/www.uepb.edu.br\/wp-content\/uploads\/2020\/12\/Especializacao-em-Geografia-e-Territorio-1.jpeg?resize=1024%2C444\" alt=\"\" class=\"wp-image-58216 img-responsive img-responsive\" srcset=\"https:\/\/i1.wp.com\/www.uepb.edu.br\/wp-content\/uploads\/2020\/12\/Especializacao-em-Geografia-e-Territorio-1.jpeg?resize=1024%2C444 1024w, https:\/\/i1.wp.com\/www.uepb.edu.br\/wp-content\/uploads\/2020\/12\/Especializacao-em-Geografia-e-Territorio-1.jpeg?resize=300%2C130 300w, https:\/\/i1.wp.com\/www.uepb.edu.br\/wp-content\/uploads\/2020\/12\/Especializacao-em-Geografia-e-Territorio-1.jpeg?resize=768%2C333 768w, https:\/\/i1.wp.com\/www.uepb.edu.br\/wp-content\/uploads\/2020\/12\/Especializacao-em-Geografia-e-Territorio-1.jpeg?resize=370%2C160 370w, https:\/\/i1.wp.com\/www.uepb.edu.br\/wp-content\/uploads\/2020\/12\/Especializacao-em-Geografia-e-Territorio-1.jpeg?resize=840%2C364 840w, https:\/\/i1.wp.com\/www.uepb.edu.br\/wp-content\/uploads\/2020\/12\/Especializacao-em-Geografia-e-Territorio-1.jpeg?w=1276 1276w\" sizes=\"auto, (max-width: 1000px) 100vw, 1000px\" data-recalc-dims=\"1\" \/><\/figure>\n<p>Os alunos da 4\u00aa turma do curso de Especializa\u00e7\u00e3o em Geografia e Territ\u00f3rio: planejamento urbano, rural e ambiental, da Universidade Estadual da Para\u00edba (UEPB), apresentaram seus trabalhos monogr\u00e1ficos encerrando os trabalhos no final do semestre 2020\/1. O curso, que \u00e9 oferecido pelo Centro de Humanidades (CH), C\u00e2mpus III da UEPB, tem como coordenadores o professor Belarmino Mariano, e a professora Luciene Vieira de Arruda. A 4\u00aa turma foi composta por 30 estudantes, dos quais, quatro desistiram ainda na fase das disciplinas, tr\u00eas n\u00e3o conseguiram apresentar seus Trabalhos de Conclus\u00e3o de Curso (TCC) e 23, conseguiram cumprir todas as disciplinas, e defender suas monografias, aprovados com m\u00e9dias entre 8,0 e 10,0.<\/p>\n<p>Segundo os coordenadores, foi organizado um Semin\u00e1rio de Defesas de TCC, aberto ao p\u00fablico, entre os dias 24 de novembro e 5 de dezembro, nos turnos da manh\u00e3, tarde e noite, sempre com o revezamento de bancas examinadoras que mobilizaram mais de 20 professores, entre os orientadores, examinadores internos e externos. Foi uma verdadeira maratona acad\u00eamica em n\u00edvel de p\u00f3s-gradua\u00e7\u00e3o e o resultado foi muito positivo, pois em m\u00e9dia, as salas do classroom e googlemeet da turma, sempre estavam com mais de 30 participantes por defesa, al\u00e9m de familiares dos alunos.<\/p>\n<figure class=\"wp-block-image size-large\"><img decoding=\"async\" data-attachment-id=\"58215\" data-permalink=\"http:\/\/www.uepb.edu.br\/especializacao-em-geografia-e-territorio-2\/\" data-orig-file=\"https:\/\/i0.wp.com\/www.uepb.edu.br\/wp-content\/uploads\/2020\/12\/Especializacao-em-Geografia-e-Territorio-2.jpeg?fit=1276%2C586\" data-orig-size=\"1276,586\" data-comments-opened=\"1\" data-image-meta=\"{&quot;aperture&quot;:&quot;0&quot;,&quot;credit&quot;:&quot;&quot;,&quot;camera&quot;:&quot;&quot;,&quot;caption&quot;:&quot;&quot;,&quot;created_timestamp&quot;:&quot;1608217724&quot;,&quot;copyright&quot;:&quot;&quot;,&quot;focal_length&quot;:&quot;0&quot;,&quot;iso&quot;:&quot;0&quot;,&quot;shutter_speed&quot;:&quot;0&quot;,&quot;title&quot;:&quot;&quot;,&quot;orientation&quot;:&quot;1&quot;}\" data-image-title=\"Especializa\u00e7\u00e3o em Geografia e Territ\u00f3rio (2)\" data-image-description=\"\" data-medium-file=\"https:\/\/i0.wp.com\/www.uepb.edu.br\/wp-content\/uploads\/2020\/12\/Especializacao-em-Geografia-e-Territorio-2.jpeg?fit=300%2C138\" data-large-file=\"https:\/\/i0.wp.com\/www.uepb.edu.br\/wp-content\/uploads\/2020\/12\/Especializacao-em-Geografia-e-Territorio-2.jpeg?fit=1024%2C470\" loading=\"lazy\" width=\"1024\" height=\"470\" src=\"https:\/\/i0.wp.com\/www.uepb.edu.br\/wp-content\/uploads\/2020\/12\/Especializacao-em-Geografia-e-Territorio-2.jpeg?resize=1024%2C470\" alt=\"\" class=\"wp-image-58215 img-responsive img-responsive\" srcset=\"https:\/\/i0.wp.com\/www.uepb.edu.br\/wp-content\/uploads\/2020\/12\/Especializacao-em-Geografia-e-Territorio-2.jpeg?resize=1024%2C470 1024w, https:\/\/i0.wp.com\/www.uepb.edu.br\/wp-content\/uploads\/2020\/12\/Especializacao-em-Geografia-e-Territorio-2.jpeg?resize=300%2C138 300w, https:\/\/i0.wp.com\/www.uepb.edu.br\/wp-content\/uploads\/2020\/12\/Especializacao-em-Geografia-e-Territorio-2.jpeg?resize=768%2C353 768w, https:\/\/i0.wp.com\/www.uepb.edu.br\/wp-content\/uploads\/2020\/12\/Especializacao-em-Geografia-e-Territorio-2.jpeg?resize=370%2C170 370w, https:\/\/i0.wp.com\/www.uepb.edu.br\/wp-content\/uploads\/2020\/12\/Especializacao-em-Geografia-e-Territorio-2.jpeg?resize=840%2C386 840w, https:\/\/i0.wp.com\/www.uepb.edu.br\/wp-content\/uploads\/2020\/12\/Especializacao-em-Geografia-e-Territorio-2.jpeg?w=1276 1276w\" sizes=\"auto, (max-width: 1000px) 100vw, 1000px\" data-recalc-dims=\"1\" \/><\/figure>\n<p>Todas as defesas ocorreram de maneira remota, atrav\u00e9s das plataformas do G suite, seguindo as recomenda\u00e7\u00f5es dos \u00f3rg\u00e3os de sa\u00fade, Governo do Estado e as orienta\u00e7\u00f5es da Administra\u00e7\u00e3o Central da UEPB. Atrav\u00e9s da Sala Virtual do Classroom e googlemeet, todas as apresenta\u00e7\u00f5es foram realizadas. Vale registrar que nossos alunos moram em cidades do entorno de Guarabira e alguns, na zona rural. Mesmo assim, todas as defesas de TCC foram realizadas com sucesso.<\/p>\n<p>Todas as linhas de pesquisa do curso foram tocadas pelos trabalhos monogr\u00e1ficos, pois foram realizadas pesquisas sobre: Geografia e Territ\u00f3rio; Geografia e Planejamento Territorial Urbano, Rural e Ambiental; al\u00e9m de Geografia Cultural, Ensino de Geografia, Assentamentos Rurais, Biogeografia, Geografia Econ\u00f4mica; entre outros. Os estudantes est\u00e3o fazendo suas corre\u00e7\u00f5es para que os trabalhos sejam finalmente depositados no Reposit\u00f3rio da Biblioteca da UEPB, com o encaminhamento do Relat\u00f3rio Final para a Secretaria das Especializa\u00e7\u00f5es da Pr\u00f3-Reitoria de P\u00f3s-Gradua\u00e7\u00e3o (PRPGP\/UEPB).<\/p>\n<p>Confira o cronograma de defesas clicando <strong><a href=\"http:\/\/www.uepb.edu.br\/download\/documentos\/documentos_2020\/Cronograma-de-Defesas-da-Especializacao.pdf\"  rel=\"noreferrer noopener\">AQUI<\/a><\/strong>, e o relat\u00f3rio final da especializa\u00e7\u00e3o <strong><a href=\"http:\/\/www.uepb.edu.br\/download\/documentos\/documentos_2020\/Relatorio-Final-Especializacao-em-Geografia-e-Territorio.pdf\"  rel=\"noreferrer noopener\">AQUI<\/a><\/strong>.<\/p>\n<p>O post <a rel=\"nofollow\" href=\"http:\/\/www.uepb.edu.br\/4-turma-da-especializacao-em-geografia-e-territorio-e-encerrada-com-apresentacao-de-monografias\/\">4\u00aa turma da Especializa\u00e7\u00e3o em Geografia e Territ\u00f3rio \u00e9 encerrada com apresenta\u00e7\u00e3o de Monografias<\/a> apareceu primeiro em <a rel=\"nofollow\" href=\"http:\/\/www.uepb.edu.br\/\">UEPB<\/a>.<\/p>\n","protected":false},"excerpt":{"rendered":"<p>Os alunos da 4\u00aa turma do curso de Especializa\u00e7\u00e3o em Geografia e Territ\u00f3rio: planejamento urbano, rural e ambiental, da Universidade Estadual da Para\u00edba (UEPB), apresentaram seus trabalhos monogr\u00e1ficos encerrando os trabalhos no final do semestre 2020\/1. O curso, que \u00e9 oferecido pelo Centro de Humanidades (CH), C\u00e2mpus III da UEPB, tem como coordenadores o professor <a class=\"leiamais\" href=\"http:\/\/www.uepb.edu.br\/4-turma-da-especializacao-em-geografia-e-territorio-e-encerrada-com-apresentacao-de-monografias\/\">Leia Mais&#8230;<\/a><\/p>\n<p>O post <a rel=\"nofollow\" href=\"http:\/\/www.uepb.edu.br\/4-turma-da-especializacao-em-geografia-e-territorio-e-encerrada-com-apresentacao-de-monografias\/\">4\u00aa turma da Especializa\u00e7\u00e3o em Geografia e Territ\u00f3rio \u00e9 encerrada com apresenta\u00e7\u00e3o de Monografias<\/a> apareceu primeiro em <a rel=\"nofollow\" href=\"http:\/\/www.uepb.edu.br\/\">UEPB<\/a>.<\/p>\n","protected":false},"author":39,"featured_media":0,"comment_status":"closed","ping_status":"closed","sticky":false,"template":"","format":"standard","meta":{"jetpack_post_was_ever_published":false,"_jetpack_newsletter_access":"","_jetpack_dont_email_post_to_subs":false,"_jetpack_newsletter_tier_id":0,"_jetpack_memberships_contains_paywalled_content":false,"_jetpack_memberships_contains_paid_content":false,"footnotes":""},"categories":[10,3,11,16],"tags":[],"class_list":["post-8566","post","type-post","status-publish","format-standard","hentry","category-ch","category-noticias","category-noticias-alunos","category-prpgp"],"jetpack_featured_media_url":"","jetpack_shortlink":"https:\/\/wp.me\/p4NR4N-2ea","jetpack_sharing_enabled":true,"_links":{"self":[{"href":"https:\/\/centros.uepb.edu.br\/ch\/wp-json\/wp\/v2\/posts\/8566","targetHints":{"allow":["GET"]}}],"collection":[{"href":"https:\/\/centros.uepb.edu.br\/ch\/wp-json\/wp\/v2\/posts"}],"about":[{"href":"https:\/\/centros.uepb.edu.br\/ch\/wp-json\/wp\/v2\/types\/post"}],"author":[{"embeddable":true,"href":"https:\/\/centros.uepb.edu.br\/ch\/wp-json\/wp\/v2\/users\/39"}],"replies":[{"embeddable":true,"href":"https:\/\/centros.uepb.edu.br\/ch\/wp-json\/wp\/v2\/comments?post=8566"}],"version-history":[{"count":0,"href":"https:\/\/centros.uepb.edu.br\/ch\/wp-json\/wp\/v2\/posts\/8566\/revisions"}],"wp:attachment":[{"href":"https:\/\/centros.uepb.edu.br\/ch\/wp-json\/wp\/v2\/media?parent=8566"}],"wp:term":[{"taxonomy":"category","embeddable":true,"href":"https:\/\/centros.uepb.edu.br\/ch\/wp-json\/wp\/v2\/categories?post=8566"},{"taxonomy":"post_tag","embeddable":true,"href":"https:\/\/centros.uepb.edu.br\/ch\/wp-json\/wp\/v2\/tags?post=8566"}],"curies":[{"name":"wp","href":"https:\/\/api.w.org\/{rel}","templated":true}]}}