{"id":8494,"date":"2020-03-05T15:54:44","date_gmt":"2020-03-05T15:54:44","guid":{"rendered":"http:\/\/www.uepb.edu.br\/?p=54954"},"modified":"2020-03-05T15:54:44","modified_gmt":"2020-03-05T15:54:44","slug":"curso-de-extensao-saberes-e-fazeres-afro-brasileiros-e-indigenas-na-sala-de-aula-inicia-atividades-no-dia-2-de-abril","status":"publish","type":"post","link":"https:\/\/centros.uepb.edu.br\/ch\/curso-de-extensao-saberes-e-fazeres-afro-brasileiros-e-indigenas-na-sala-de-aula-inicia-atividades-no-dia-2-de-abril\/","title":{"rendered":"Curso de extens\u00e3o \u201cSaberes e Fazeres Afro-brasileiros e Ind\u00edgenas na Sala de Aula\u201d inicia atividades no dia 2 de abril"},"content":{"rendered":"<p>O curso de extens\u00e3o \u201cSaberes e Fazeres Afro-brasileiros e Ind\u00edgenas na Sala de Aula\u201d retornar\u00e1 suas atividades no pr\u00f3ximo dia 2 de abril, \u00e0s 8h, no Centro de Humanidades (CH) da Universidade Estadual da Para\u00edba (UEPB), em Guarabira. Para participar, basta se inscrever entre os dias 9 e 31 de mar\u00e7o, mediante entrega da ficha de inscri\u00e7\u00e3o devidamente preenchida, das 13h \u00e0s 21h, na Coordena\u00e7\u00e3o do Curso de Hist\u00f3ria, no C\u00e2mpus III. As atividades s\u00e3o quinzenais.<\/p>\n<p>Coordenado pelo professor Wladeci Ferreira Chagas, o curso de extens\u00e3o tem como objetivo desenvolver junto aos professores de Hist\u00f3ria da Educa\u00e7\u00e3o B\u00e1sica, bem como junto a alunos do CH e a sociedade em geral, metodologias que possibilitem a desconstru\u00e7\u00e3o de imagens negativas acerca das pr\u00e1ticas culturais de pessoas negras e ind\u00edgenas, de modo a tornar a sala de aula e a escola espa\u00e7os pluricultural, de inclus\u00e3o. A carga do curso \u00e9 de 100 horas\/aula. Mais informa\u00e7\u00f5es podem ser obtidas na Coordena\u00e7\u00e3o do Curso de Hist\u00f3ria do Centro de Humanidade, C\u00e2mpus III da UEPB.<\/p>\n<p>Baixe a ficha de inscri\u00e7\u00e3o clicando <strong><a href=\"http:\/\/www.uepb.edu.br\/download\/documentos\/documentos_2020\/Saberes-e-fazeres-afro-brasileiros-Ficha-de-Inscricao.pdf\"  rel=\"noreferrer noopener\" aria-label=\"AQUI (opens in a new tab)\">AQUI<\/a><\/strong>.<\/p>\n<p><em><strong>Texto:<\/strong> Givaldo Cavalcanti<\/em><\/p>\n<p>O post <a rel=\"nofollow\" href=\"http:\/\/www.uepb.edu.br\/curso-de-extensao-saberes-e-fazeres-afro-brasileiros-e-indigenas-na-sala-de-aula-inicia-atividades-no-dia-2-de-abril\/\">Curso de extens\u00e3o \u201cSaberes e Fazeres Afro-brasileiros e Ind\u00edgenas na Sala de Aula\u201d inicia atividades no dia 2 de abril<\/a> apareceu primeiro em <a rel=\"nofollow\" href=\"http:\/\/www.uepb.edu.br\/\">UEPB<\/a>.<\/p>\n","protected":false},"excerpt":{"rendered":"<p>O curso de extens&atilde;o &ldquo;Saberes e Fazeres Afro-brasileiros e Ind&iacute;genas na Sala de Aula&rdquo; retornar&aacute; suas atividades no pr&oacute;ximo dia 2 de abril, &agrave;s 8h, no Centro de Humanidades (CH) da Universidade Estadual da Para&iacute;ba (UEPB), em Guarabira. Para participar, basta se inscrever entre os dias 9 e 31 de mar&ccedil;o, mediante entrega da ficha <a href=\"http:\/\/www.uepb.edu.br\/curso-de-extensao-saberes-e-fazeres-afro-brasileiros-e-indigenas-na-sala-de-aula-inicia-atividades-no-dia-2-de-abril\/\">Leia Mais&#8230;<\/a><\/p>\n<p>O post <a rel=\"nofollow\" href=\"http:\/\/www.uepb.edu.br\/curso-de-extensao-saberes-e-fazeres-afro-brasileiros-e-indigenas-na-sala-de-aula-inicia-atividades-no-dia-2-de-abril\/\">Curso de extens&atilde;o &ldquo;Saberes e Fazeres Afro-brasileiros e Ind&iacute;genas na Sala de Aula&rdquo; inicia atividades no dia 2 de abril<\/a> apareceu primeiro em <a rel=\"nofollow\" href=\"http:\/\/www.uepb.edu.br\/\">UEPB<\/a>.<\/p>\n","protected":false},"author":25,"featured_media":0,"comment_status":"closed","ping_status":"closed","sticky":false,"template":"","format":"standard","meta":{"jetpack_post_was_ever_published":false,"_jetpack_newsletter_access":"","_jetpack_dont_email_post_to_subs":false,"_jetpack_newsletter_tier_id":0,"_jetpack_memberships_contains_paywalled_content":false,"_jetpack_memberships_contains_paid_content":false,"footnotes":""},"categories":[10,3,12,17],"tags":[],"class_list":["post-8494","post","type-post","status-publish","format-standard","hentry","category-ch","category-noticias","category-noticias-destaque","category-proex"],"jetpack_featured_media_url":"","jetpack_shortlink":"https:\/\/wp.me\/p4NR4N-2d0","jetpack_sharing_enabled":true,"_links":{"self":[{"href":"https:\/\/centros.uepb.edu.br\/ch\/wp-json\/wp\/v2\/posts\/8494","targetHints":{"allow":["GET"]}}],"collection":[{"href":"https:\/\/centros.uepb.edu.br\/ch\/wp-json\/wp\/v2\/posts"}],"about":[{"href":"https:\/\/centros.uepb.edu.br\/ch\/wp-json\/wp\/v2\/types\/post"}],"author":[{"embeddable":true,"href":"https:\/\/centros.uepb.edu.br\/ch\/wp-json\/wp\/v2\/users\/25"}],"replies":[{"embeddable":true,"href":"https:\/\/centros.uepb.edu.br\/ch\/wp-json\/wp\/v2\/comments?post=8494"}],"version-history":[{"count":0,"href":"https:\/\/centros.uepb.edu.br\/ch\/wp-json\/wp\/v2\/posts\/8494\/revisions"}],"wp:attachment":[{"href":"https:\/\/centros.uepb.edu.br\/ch\/wp-json\/wp\/v2\/media?parent=8494"}],"wp:term":[{"taxonomy":"category","embeddable":true,"href":"https:\/\/centros.uepb.edu.br\/ch\/wp-json\/wp\/v2\/categories?post=8494"},{"taxonomy":"post_tag","embeddable":true,"href":"https:\/\/centros.uepb.edu.br\/ch\/wp-json\/wp\/v2\/tags?post=8494"}],"curies":[{"name":"wp","href":"https:\/\/api.w.org\/{rel}","templated":true}]}}