{"id":8421,"date":"2019-10-31T18:23:00","date_gmt":"2019-10-31T18:23:00","guid":{"rendered":"http:\/\/www.uepb.edu.br\/?p=52488"},"modified":"2019-10-31T18:23:00","modified_gmt":"2019-10-31T18:23:00","slug":"campus-iii-realiza-simposio-para-debater-conhecimentos-tradicionais-e-praticas-compartilhadas-da-pedagogia","status":"publish","type":"post","link":"https:\/\/centros.uepb.edu.br\/ch\/campus-iii-realiza-simposio-para-debater-conhecimentos-tradicionais-e-praticas-compartilhadas-da-pedagogia\/","title":{"rendered":"C\u00e2mpus III realiza simp\u00f3sio para debater conhecimentos tradicionais e pr\u00e1ticas compartilhadas da Pedagogia"},"content":{"rendered":"<p>O Centro de Humanidades (CH) da Universidade Estadual da Para\u00edba (UEPB), localizado em Guarabira, promove, no pr\u00f3ximo dia 6 de novembro, o \u201cSimp\u00f3sio Ecologia de Saberes: conhecimentos tradicionais e pr\u00e1ticas compartilhadas\u201d. Trata-se de uma iniciativa do projeto de extens\u00e3o \u201cSaberes e Poderes: a forma\u00e7\u00e3o de professores e a constru\u00e7\u00e3o do empoderamento social no curso de Pedagogia da UEPB\/Guarabira\u201d. O objetivo \u00e9 discutir os eixos tem\u00e1ticos voltados para a forma\u00e7\u00e3o dos professores, abordando temas como pol\u00edticas p\u00fablicas educacionais, meio ambiente, saberes tradicionais e conhecimento cient\u00edfico. <\/p>\n<p>Destinado a alunos e professores do C\u00e2mpus III, o simp\u00f3sio visa ampliar a forma\u00e7\u00e3o de professores oferecida pela UEPB nas licenciaturas, contribuindo com os educandos atrav\u00e9s da perspectiva da Ecologia de Saberes, conceito desenvolvido por Boaventura de Sousa Santos, coordenador do Centro de Estudos Sociais da Universidade de Coimbra.<\/p>\n<p>No total, ser\u00e3o realizados quatro minicursos. S\u00e3o eles: \u201cA Amaz\u00f4nia frente ao cen\u00e1rio de destrui\u00e7\u00e3o dos recursos naturais: O que devemos\/podemos aprender com as popula\u00e7\u00f5es tradicionais\u201d, \u201cRacismo Ambiental com \u00eanfase nos Candombl\u00e9s\u201d, \u201cRebirthing \u2013 terapia do renascimento\u201d e \u201cA explora\u00e7\u00e3o animal segundo Peter Singer\u201d. Para cada minicurso est\u00e3o sendo ofertadas 30 vagas. O evento ter\u00e1 ainda exibi\u00e7\u00e3o de v\u00eddeos e ser\u00e1 encerrado com a palestra \u201cResist\u00eancia, pol\u00edtica animal e codifica\u00e7\u00e3o da prote\u00e7\u00e3o animal\u201d.<\/p>\n<p>Como resultado do simp\u00f3sio, a organiza\u00e7\u00e3o do evento pretende realizar a sistematiza\u00e7\u00e3o da experi\u00eancia atrav\u00e9s de um e-book e promover um segundo simp\u00f3sio, no pr\u00f3ximo ano, al\u00e9m de publica\u00e7\u00f5es em eventos cient\u00edficos. Confira a programa\u00e7\u00e3o completa do simp\u00f3sio clicando <strong><a href=\"http:\/\/www.uepb.edu.br\/download\/documentos\/documentos_2019\/Ecologia-de-Saberes-Programacao.pdf\"  rel=\"noreferrer noopener\" aria-label=\"AQUI (opens in a new tab)\">AQUI<\/a><\/strong>.<\/p>\n<p><em><strong>Texto:<\/strong> Severino Lopes<\/em><\/p>\n<p>O post <a rel=\"nofollow\" href=\"http:\/\/www.uepb.edu.br\/campus-iii-realiza-simposio-para-debater-conhecimentos-tradicionais-e-praticas-compartilhadas-da-pedagogia\/\">C\u00e2mpus III realiza simp\u00f3sio para debater conhecimentos tradicionais e pr\u00e1ticas compartilhadas da Pedagogia<\/a> apareceu primeiro em <a rel=\"nofollow\" href=\"http:\/\/www.uepb.edu.br\/\">UEPB<\/a>.<\/p>\n","protected":false},"excerpt":{"rendered":"<p>O Centro de Humanidades (CH) da Universidade Estadual da Para&iacute;ba (UEPB), localizado em Guarabira, promove, no pr&oacute;ximo dia 6 de novembro, o &ldquo;Simp&oacute;sio Ecologia de Saberes: conhecimentos tradicionais e pr&aacute;ticas compartilhadas&rdquo;. Trata-se de uma iniciativa do projeto de extens&atilde;o &ldquo;Saberes e Poderes: a forma&ccedil;&atilde;o de professores e a constru&ccedil;&atilde;o do empoderamento social no curso de <a href=\"http:\/\/www.uepb.edu.br\/campus-iii-realiza-simposio-para-debater-conhecimentos-tradicionais-e-praticas-compartilhadas-da-pedagogia\/\">Leia Mais&#8230;<\/a><\/p>\n<p>O post <a rel=\"nofollow\" href=\"http:\/\/www.uepb.edu.br\/campus-iii-realiza-simposio-para-debater-conhecimentos-tradicionais-e-praticas-compartilhadas-da-pedagogia\/\">C&acirc;mpus III realiza simp&oacute;sio para debater conhecimentos tradicionais e pr&aacute;ticas compartilhadas da Pedagogia<\/a> apareceu primeiro em <a rel=\"nofollow\" href=\"http:\/\/www.uepb.edu.br\/\">UEPB<\/a>.<\/p>\n","protected":false},"author":25,"featured_media":0,"comment_status":"closed","ping_status":"closed","sticky":false,"template":"","format":"standard","meta":{"jetpack_post_was_ever_published":false,"_jetpack_newsletter_access":"","_jetpack_dont_email_post_to_subs":false,"_jetpack_newsletter_tier_id":0,"_jetpack_memberships_contains_paywalled_content":false,"_jetpack_memberships_contains_paid_content":false,"footnotes":""},"categories":[10,3,12,17],"tags":[],"class_list":["post-8421","post","type-post","status-publish","format-standard","hentry","category-ch","category-noticias","category-noticias-destaque","category-proex"],"jetpack_featured_media_url":"","jetpack_shortlink":"https:\/\/wp.me\/p4NR4N-2bP","jetpack_sharing_enabled":true,"_links":{"self":[{"href":"https:\/\/centros.uepb.edu.br\/ch\/wp-json\/wp\/v2\/posts\/8421","targetHints":{"allow":["GET"]}}],"collection":[{"href":"https:\/\/centros.uepb.edu.br\/ch\/wp-json\/wp\/v2\/posts"}],"about":[{"href":"https:\/\/centros.uepb.edu.br\/ch\/wp-json\/wp\/v2\/types\/post"}],"author":[{"embeddable":true,"href":"https:\/\/centros.uepb.edu.br\/ch\/wp-json\/wp\/v2\/users\/25"}],"replies":[{"embeddable":true,"href":"https:\/\/centros.uepb.edu.br\/ch\/wp-json\/wp\/v2\/comments?post=8421"}],"version-history":[{"count":0,"href":"https:\/\/centros.uepb.edu.br\/ch\/wp-json\/wp\/v2\/posts\/8421\/revisions"}],"wp:attachment":[{"href":"https:\/\/centros.uepb.edu.br\/ch\/wp-json\/wp\/v2\/media?parent=8421"}],"wp:term":[{"taxonomy":"category","embeddable":true,"href":"https:\/\/centros.uepb.edu.br\/ch\/wp-json\/wp\/v2\/categories?post=8421"},{"taxonomy":"post_tag","embeddable":true,"href":"https:\/\/centros.uepb.edu.br\/ch\/wp-json\/wp\/v2\/tags?post=8421"}],"curies":[{"name":"wp","href":"https:\/\/api.w.org\/{rel}","templated":true}]}}