{"id":8363,"date":"2019-08-07T12:12:46","date_gmt":"2019-08-07T12:12:46","guid":{"rendered":"http:\/\/www.uepb.edu.br\/?p=50235"},"modified":"2019-08-08T15:07:21","modified_gmt":"2019-08-08T15:07:21","slug":"aulas-da-especializacao-em-ensino-de-geografia-tem-inicio-com-abordagem-sobre-o-professor-e-a-arte-de-ensinar","status":"publish","type":"post","link":"https:\/\/centros.uepb.edu.br\/ch\/aulas-da-especializacao-em-ensino-de-geografia-tem-inicio-com-abordagem-sobre-o-professor-e-a-arte-de-ensinar\/","title":{"rendered":"Aulas da Especializa\u00e7\u00e3o em Ensino de Geografia t\u00eam in\u00edcio com abordagem sobre o professor e a arte de ensinar"},"content":{"rendered":"<p>A Especializa\u00e7\u00e3o em Ensino de Geografia, oferecida pelo Departamento de Geografia da Universidade Estadual da Para\u00edba (UEPB), promove nesta quinta-feira (8), no Audit\u00f3rio II da Central de Integra\u00e7\u00e3o Acad\u00eamica, no C\u00e2mpus de Bodocong\u00f3, em Campina Grande, a Aula Magna que marcar\u00e1 o in\u00edcio do semestre letivo 2019\/2 da terceira turma do curso. A atividade ter\u00e1 in\u00edcio \u00e0s 19h e ter\u00e1 como tema \u201cO professor e a arte de ensinar Geografia na atualidade\u201d, que ser\u00e1 ministrada pela professora Luciene Vieira Arruda.<\/p>\n<p>Professora Luciene Arruda \u00e9 docente do curso de Geografia do C\u00e2mpus III da UEPB, em Guarabira, al\u00e9m de atuar nos cursos de Filosofia e Pedagogia (PARFOR). Durante a palestra, a docente abordar\u00e1 quest\u00f5es relacionadas \u00e0 arte de ensinar a disciplina de Geografia, al\u00e9m do papel do professor no processo de educa\u00e7\u00e3o. A atividade \u00e9 voltada para os alunos da turma, bem como para outros estudantes interessados na tem\u00e1tica.<\/p>\n<p><em><strong>Texto:<\/strong> Givaldo Cavalcanti<\/em><\/p>\n<p>O post <a rel=\"nofollow\" href=\"http:\/\/www.uepb.edu.br\/aulas-da-especializacao-em-ensino-de-geografia-tem-inicio-com-abordagem-sobre-o-professor-e-a-arte-de-ensinar\/\">Aulas da Especializa\u00e7\u00e3o em Ensino de Geografia t\u00eam in\u00edcio com abordagem sobre o professor e a arte de ensinar<\/a> apareceu primeiro em <a rel=\"nofollow\" href=\"http:\/\/www.uepb.edu.br\/\">UEPB<\/a>.<\/p>\n","protected":false},"excerpt":{"rendered":"<p>A Especializa&ccedil;&atilde;o em Ensino de Geografia, oferecida pelo Departamento de Geografia da Universidade Estadual da Para&iacute;ba (UEPB), promove nesta quinta-feira (8), no Audit&oacute;rio II da Central de Integra&ccedil;&atilde;o Acad&ecirc;mica, no C&acirc;mpus de Bodocong&oacute;, em Campina Grande, a Aula Magna que marcar&aacute; o in&iacute;cio do semestre letivo 2019\/2 da terceira turma do curso. A atividade ter&aacute; <a href=\"http:\/\/www.uepb.edu.br\/aulas-da-especializacao-em-ensino-de-geografia-tem-inicio-com-abordagem-sobre-o-professor-e-a-arte-de-ensinar\/\">Leia Mais&#8230;<\/a><\/p>\n<p>O post <a rel=\"nofollow\" href=\"http:\/\/www.uepb.edu.br\/aulas-da-especializacao-em-ensino-de-geografia-tem-inicio-com-abordagem-sobre-o-professor-e-a-arte-de-ensinar\/\">Aulas da Especializa&ccedil;&atilde;o em Ensino de Geografia t&ecirc;m in&iacute;cio com abordagem sobre o professor e a arte de ensinar<\/a> apareceu primeiro em <a rel=\"nofollow\" href=\"http:\/\/www.uepb.edu.br\/\">UEPB<\/a>.<\/p>\n","protected":false},"author":25,"featured_media":0,"comment_status":"closed","ping_status":"closed","sticky":false,"template":"","format":"standard","meta":{"jetpack_post_was_ever_published":false,"_jetpack_newsletter_access":"","_jetpack_dont_email_post_to_subs":false,"_jetpack_newsletter_tier_id":0,"_jetpack_memberships_contains_paywalled_content":false,"_jetpack_memberships_contains_paid_content":false,"footnotes":""},"categories":[10,3,16],"tags":[],"class_list":["post-8363","post","type-post","status-publish","format-standard","hentry","category-ch","category-noticias","category-prpgp"],"jetpack_featured_media_url":"","jetpack_shortlink":"https:\/\/wp.me\/p4NR4N-2aT","jetpack_sharing_enabled":true,"_links":{"self":[{"href":"https:\/\/centros.uepb.edu.br\/ch\/wp-json\/wp\/v2\/posts\/8363","targetHints":{"allow":["GET"]}}],"collection":[{"href":"https:\/\/centros.uepb.edu.br\/ch\/wp-json\/wp\/v2\/posts"}],"about":[{"href":"https:\/\/centros.uepb.edu.br\/ch\/wp-json\/wp\/v2\/types\/post"}],"author":[{"embeddable":true,"href":"https:\/\/centros.uepb.edu.br\/ch\/wp-json\/wp\/v2\/users\/25"}],"replies":[{"embeddable":true,"href":"https:\/\/centros.uepb.edu.br\/ch\/wp-json\/wp\/v2\/comments?post=8363"}],"version-history":[{"count":0,"href":"https:\/\/centros.uepb.edu.br\/ch\/wp-json\/wp\/v2\/posts\/8363\/revisions"}],"wp:attachment":[{"href":"https:\/\/centros.uepb.edu.br\/ch\/wp-json\/wp\/v2\/media?parent=8363"}],"wp:term":[{"taxonomy":"category","embeddable":true,"href":"https:\/\/centros.uepb.edu.br\/ch\/wp-json\/wp\/v2\/categories?post=8363"},{"taxonomy":"post_tag","embeddable":true,"href":"https:\/\/centros.uepb.edu.br\/ch\/wp-json\/wp\/v2\/tags?post=8363"}],"curies":[{"name":"wp","href":"https:\/\/api.w.org\/{rel}","templated":true}]}}