{"id":8332,"date":"2019-06-27T14:45:03","date_gmt":"2019-06-27T14:45:03","guid":{"rendered":"http:\/\/www.uepb.edu.br\/?p=49438"},"modified":"2019-08-08T15:08:06","modified_gmt":"2019-08-08T15:08:06","slug":"ch-oferta-40-vagas-para-turma-pioneira-da-especializacao-em-ensino-de-linguas-e-literaturas-na-educacao-basica","status":"publish","type":"post","link":"https:\/\/centros.uepb.edu.br\/ch\/ch-oferta-40-vagas-para-turma-pioneira-da-especializacao-em-ensino-de-linguas-e-literaturas-na-educacao-basica\/","title":{"rendered":"CH oferta 40 vagas para turma pioneira da Especializa\u00e7\u00e3o em Ensino de L\u00ednguas e Literaturas na Educa\u00e7\u00e3o B\u00e1sica"},"content":{"rendered":"<p>O Centro de Humanidades (CH) da Universidade Estadual da Para\u00edba (UEPB), localizado no C\u00e2mpus de Guarabira, publicou edital para forma\u00e7\u00e3o da turma pioneira da Especializa\u00e7\u00e3o em Ensino de L\u00ednguas e Literaturas na Educa\u00e7\u00e3o B\u00e1sica. A referida p\u00f3s-gradua\u00e7\u00e3o tem quatro linhas de pesquisa: \u201cEnsino de L\u00edngua Portuguesa\u201d, \u201cEnsino de L\u00edngua Inglesa\u201d, \u201cEnsino de Literatura de L\u00edngua Portuguesa\u201d e \u201cEnsino de Literatura de L\u00edngua Inglesa\u201d. Ao todo, ser\u00e3o ofertadas 40 vagas. <\/p>\n<p>Podem se inscrever graduados ou concluintes das licenciaturas em Letras\/Portugu\u00eas, Letras\/Ingl\u00eas, Pedagogia, Psicopedagogia ou \u00e1reas afins. Os concluintes precisam comprovar, com documenta\u00e7\u00e3o expedida pela coordena\u00e7\u00e3o dos seus cursos, que est\u00e3o no \u00faltimo semestre da gradua\u00e7\u00e3o ou com data de defesa de Trabalho de Conclus\u00e3o de Curso (TCC) agendada.<\/p>\n<p>As inscri\u00e7\u00f5es para os interessados ser\u00e3o realizadas no per\u00edodo de 6 a 9 de agosto, diretamente no Departamento de Letras do CH, ou via Sedex, endere\u00e7ando a documenta\u00e7\u00e3o para o Centro de Humanidades. Como requisito para efetivar a inscri\u00e7\u00e3o, o candidato deve encaminhar c\u00f3pias de comprova\u00e7\u00e3o de conclus\u00e3o de curso de Ensino Superior; c\u00f3pia de Hist\u00f3rico Escolar do curso de ensino superior; c\u00f3pia do Curr\u00edculo Lattes com comprova\u00e7\u00e3o dos \u00faltimos tr\u00eas anos; c\u00f3pia de projeto de pesquisa que atenda ao perfil do curso de Especializa\u00e7\u00e3o; c\u00f3pias de RG, CPF, comprovante de quita\u00e7\u00e3o dos deveres eleitorais e de comprovante de regularidade com os deveres militares (para os homens); e foto 3&#215;4 recente.<\/p>\n<p>A sele\u00e7\u00e3o ser\u00e1 feita mediante uma prova escrita, an\u00e1lise do projeto de pesquisa e entrevista. A prova escrita ser\u00e1 aplicada no dia 16 de agosto, \u00e0s 9h, no Audit\u00f3rio do Centro de Humanidades. O resultado da an\u00e1lise dos projetos de pesquisa ser\u00e1 divulgado no dia 26 de agosto. As entrevistas acontecem nos dias 29 e 30 de agosto. O resultado final ser\u00e1 divulgado no dia 9 de setembro e as matr\u00edculas ser\u00e3o efetuadas entre os dias 10 e 13 do mesmo m\u00eas. <\/p>\n<p><strong>Acesse:<\/strong><\/p>\n<ul>\n<li><strong><a rel=\"noreferrer noopener\" aria-label=\"Edital de Sele\u00e7\u00e3o\u2028 (opens in a new tab)\" href=\"http:\/\/www.uepb.edu.br\/download\/3_cursos_p%C3%93s-gradua%C3%87%C3%83o_-_sele%C3%87%C3%83o\/Especializacao-em-Ensino-de-Liguas-e-Literaturas-na-Educacao-Basica-Edital-01.2019.pdf\">Edital de Sele\u00e7\u00e3o<\/a><\/strong><\/li>\n<li><strong><a href=\"http:\/\/www.uepb.edu.br\/download\/3_cursos_p%C3%93s-gradua%C3%87%C3%83o_-_sele%C3%87%C3%83o\/Especializacao-em-Ensino-de-Liguas-e-Literaturas-na-Educacao-Basica-Edital-01.2019-ORIENTACOES-.pdf\" rel=\"noreferrer noopener\" aria-label=\"Modelo de projeto de pesquisa (opens in a new tab)\">Modelo de projeto de pesquisa<\/a><\/strong><\/li>\n<\/ul>\n<p><em><strong>Texto:<\/strong> Severino Lopes<\/em><\/p>\n<p>O post <a rel=\"nofollow\" href=\"http:\/\/www.uepb.edu.br\/campus-iii-oferta-40-vagas-para-turma-pioneira-de-especializacao-em-ensino-de-linguas-e-literaturas-na-educacao-basica\/\">CH oferta 40 vagas para turma pioneira da Especializa\u00e7\u00e3o em Ensino de L\u00ednguas e Literaturas na Educa\u00e7\u00e3o B\u00e1sica<\/a> apareceu primeiro em <a rel=\"nofollow\" href=\"http:\/\/www.uepb.edu.br\/\">UEPB<\/a>.<\/p>\n","protected":false},"excerpt":{"rendered":"<p>O Centro de Humanidades (CH) da Universidade Estadual da Para&iacute;ba (UEPB), localizado no C&acirc;mpus de Guarabira, publicou edital para forma&ccedil;&atilde;o da turma pioneira da Especializa&ccedil;&atilde;o em Ensino de L&iacute;nguas e Literaturas na Educa&ccedil;&atilde;o B&aacute;sica. A referida p&oacute;s-gradua&ccedil;&atilde;o tem quatro linhas de pesquisa: &ldquo;Ensino de L&iacute;ngua Portuguesa&rdquo;, &ldquo;Ensino de L&iacute;ngua Inglesa&rdquo;, &ldquo;Ensino de Literatura de L&iacute;ngua <a href=\"http:\/\/www.uepb.edu.br\/campus-iii-oferta-40-vagas-para-turma-pioneira-de-especializacao-em-ensino-de-linguas-e-literaturas-na-educacao-basica\/\">Leia Mais&#8230;<\/a><\/p>\n<p>O post <a rel=\"nofollow\" href=\"http:\/\/www.uepb.edu.br\/campus-iii-oferta-40-vagas-para-turma-pioneira-de-especializacao-em-ensino-de-linguas-e-literaturas-na-educacao-basica\/\">CH oferta 40 vagas para turma pioneira da Especializa&ccedil;&atilde;o em Ensino de L&iacute;nguas e Literaturas na Educa&ccedil;&atilde;o B&aacute;sica<\/a> apareceu primeiro em <a rel=\"nofollow\" href=\"http:\/\/www.uepb.edu.br\/\">UEPB<\/a>.<\/p>\n","protected":false},"author":25,"featured_media":0,"comment_status":"closed","ping_status":"closed","sticky":false,"template":"","format":"standard","meta":{"jetpack_post_was_ever_published":false,"_jetpack_newsletter_access":"","_jetpack_dont_email_post_to_subs":false,"_jetpack_newsletter_tier_id":0,"_jetpack_memberships_contains_paywalled_content":false,"_jetpack_memberships_contains_paid_content":false,"footnotes":""},"categories":[10,3,16],"tags":[],"class_list":["post-8332","post","type-post","status-publish","format-standard","hentry","category-ch","category-noticias","category-prpgp"],"jetpack_featured_media_url":"","jetpack_shortlink":"https:\/\/wp.me\/p4NR4N-2ao","jetpack_sharing_enabled":true,"_links":{"self":[{"href":"https:\/\/centros.uepb.edu.br\/ch\/wp-json\/wp\/v2\/posts\/8332","targetHints":{"allow":["GET"]}}],"collection":[{"href":"https:\/\/centros.uepb.edu.br\/ch\/wp-json\/wp\/v2\/posts"}],"about":[{"href":"https:\/\/centros.uepb.edu.br\/ch\/wp-json\/wp\/v2\/types\/post"}],"author":[{"embeddable":true,"href":"https:\/\/centros.uepb.edu.br\/ch\/wp-json\/wp\/v2\/users\/25"}],"replies":[{"embeddable":true,"href":"https:\/\/centros.uepb.edu.br\/ch\/wp-json\/wp\/v2\/comments?post=8332"}],"version-history":[{"count":0,"href":"https:\/\/centros.uepb.edu.br\/ch\/wp-json\/wp\/v2\/posts\/8332\/revisions"}],"wp:attachment":[{"href":"https:\/\/centros.uepb.edu.br\/ch\/wp-json\/wp\/v2\/media?parent=8332"}],"wp:term":[{"taxonomy":"category","embeddable":true,"href":"https:\/\/centros.uepb.edu.br\/ch\/wp-json\/wp\/v2\/categories?post=8332"},{"taxonomy":"post_tag","embeddable":true,"href":"https:\/\/centros.uepb.edu.br\/ch\/wp-json\/wp\/v2\/tags?post=8332"}],"curies":[{"name":"wp","href":"https:\/\/api.w.org\/{rel}","templated":true}]}}