{"id":8326,"date":"2019-06-06T14:16:45","date_gmt":"2019-06-06T14:16:45","guid":{"rendered":"http:\/\/www.uepb.edu.br\/?p=48995"},"modified":"2019-08-08T15:07:46","modified_gmt":"2019-08-08T15:07:46","slug":"aula-inaugural-da-terceira-turma-da-especializacao-em-educacao-etnico-racial-sera-realizada-dia-8-de-junho","status":"publish","type":"post","link":"https:\/\/centros.uepb.edu.br\/ch\/aula-inaugural-da-terceira-turma-da-especializacao-em-educacao-etnico-racial-sera-realizada-dia-8-de-junho\/","title":{"rendered":"Aula Inaugural da terceira turma da Especializa\u00e7\u00e3o em Educa\u00e7\u00e3o \u00c9tnico-racial ser\u00e1 realizada dia 8 de junho"},"content":{"rendered":"<p>O N\u00facleo de Estudos Afro-brasileiros e Ind\u00edgenas (Neabi) da Universidade Estadual da Para\u00edba (UEPB), localizado no C\u00e2mpus de Guarabira, juntamente com a Coordena\u00e7\u00e3o do Curso de Especializa\u00e7\u00e3o em Educa\u00e7\u00e3o \u00c9tnico-racial na Educa\u00e7\u00e3o Infantil, informa que as aulas da terceira turma do referido curso ter\u00e3o in\u00edcio no pr\u00f3ximo s\u00e1bado (8), \u00e0s 8h, no Audit\u00f3rio do Centro de Humanidades (CH). <\/p>\n<p>As discuss\u00f5es ser\u00e3o centradas nos saberes tradicionais das comunidades de terreiros e quilombolas. Tratam-se dos marcos iniciais e fundantes do que se convencionou chamar de conhecimentos, uma vez que tudo come\u00e7ou pela \u00c1frica. Do outro lado do atl\u00e2ntico vieram gravado no corpo e na mem\u00f3ria de homens e mulheres africanas os saberes que formaram a cultura brasileira, conforme frisam os coordenadores do curso, professores Rita de C\u00e1ssia e Waldeci Chagas.<\/p>\n<p>O objetivo do primeiro m\u00f3dulo da Especializa\u00e7\u00e3o, denominado \u201cSaberes Tradicionais\u201d \u00e9 proporcionar o contato com os conhecimentos africanos, reinventados no Brasil e que est\u00e3o presentes no cotidiano de todos os brasileiros, ainda que n\u00e3o se tenha consci\u00eancia disso. Tamb\u00e9m busca possibilitar aos professores da Educa\u00e7\u00e3o B\u00e1sica acesso a esses saberes, sobretudo porque s\u00e3o os docentes quem est\u00e3o na ponta final do processo educativo e podem colaborar com as crian\u00e7as e os jovens na constru\u00e7\u00e3o de suas identidades \u00e9tnico-raciais, descolonizando o curr\u00edculo escolar e reinventando as imagens da cultura afro-brasileira. <\/p>\n<p>\u201cAfinal em tudo que somos h\u00e1 um qu\u00ea de \u00c1frica, em tudo que comemos h\u00e1 um gosto de \u00c1frica, no que sentimos h\u00e1 um cheiro de \u00c1frica que precisa ser vivenciado conscientemente e nas nossas cren\u00e7as e f\u00e9 est\u00e3o os deuses e deusas da \u00c1frica\u201d, destaca professor Waldeci. Conforme a programa\u00e7\u00e3o da aula inaugural, os temas \u201cSaberes tradicionais africanos na vida dos brasileiros\u201d e \u201cSaberes tradicionais das mulheres quilombolas na Para\u00edba\u201d ser\u00e3o ministrados, respectivamente, pelo babalorix\u00e1 Andr\u00e9 Gon\u00e7alves, Il\u00ea Ajagunan Ax\u00e9 Od\u00f4 Ti Fad\u00e1k\u00e1, e pelas professoras Edite da Silva, Elza Ursulino e Luciene Tavares, ambas da Caiana dos Crioulos, al\u00e9m da professora Ana L\u00facia Rodrigues, de Gurugi.<\/p>\n<p>O post <a rel=\"nofollow\" href=\"http:\/\/www.uepb.edu.br\/aula-inaugural-da-terceira-turma-da-especializacao-em-educacao-etnico-racial-sera-realizada-dia-8-de-junho\/\">Aula Inaugural da terceira turma da Especializa\u00e7\u00e3o em Educa\u00e7\u00e3o \u00c9tnico-racial ser\u00e1 realizada dia 8 de junho<\/a> apareceu primeiro em <a rel=\"nofollow\" href=\"http:\/\/www.uepb.edu.br\/\">UEPB<\/a>.<\/p>\n","protected":false},"excerpt":{"rendered":"<p>O N&uacute;cleo de Estudos Afro-brasileiros e Ind&iacute;genas (Neabi) da Universidade Estadual da Para&iacute;ba (UEPB), localizado no C&acirc;mpus de Guarabira, juntamente com a Coordena&ccedil;&atilde;o do Curso de Especializa&ccedil;&atilde;o em Educa&ccedil;&atilde;o &Eacute;tnico-racial na Educa&ccedil;&atilde;o Infantil, informa que as aulas da terceira turma do referido curso ter&atilde;o in&iacute;cio no pr&oacute;ximo s&aacute;bado (8), &agrave;s 8h, no Audit&oacute;rio do Centro <a href=\"http:\/\/www.uepb.edu.br\/aula-inaugural-da-terceira-turma-da-especializacao-em-educacao-etnico-racial-sera-realizada-dia-8-de-junho\/\">Leia Mais&#8230;<\/a><\/p>\n<p>O post <a rel=\"nofollow\" href=\"http:\/\/www.uepb.edu.br\/aula-inaugural-da-terceira-turma-da-especializacao-em-educacao-etnico-racial-sera-realizada-dia-8-de-junho\/\">Aula Inaugural da terceira turma da Especializa&ccedil;&atilde;o em Educa&ccedil;&atilde;o &Eacute;tnico-racial ser&aacute; realizada dia 8 de junho<\/a> apareceu primeiro em <a rel=\"nofollow\" href=\"http:\/\/www.uepb.edu.br\/\">UEPB<\/a>.<\/p>\n","protected":false},"author":25,"featured_media":0,"comment_status":"closed","ping_status":"closed","sticky":false,"template":"","format":"standard","meta":{"jetpack_post_was_ever_published":false,"_jetpack_newsletter_access":"","_jetpack_dont_email_post_to_subs":false,"_jetpack_newsletter_tier_id":0,"_jetpack_memberships_contains_paywalled_content":false,"_jetpack_memberships_contains_paid_content":false,"footnotes":""},"categories":[10,3,16],"tags":[],"class_list":["post-8326","post","type-post","status-publish","format-standard","hentry","category-ch","category-noticias","category-prpgp"],"jetpack_featured_media_url":"","jetpack_shortlink":"https:\/\/wp.me\/p4NR4N-2ai","jetpack_sharing_enabled":true,"_links":{"self":[{"href":"https:\/\/centros.uepb.edu.br\/ch\/wp-json\/wp\/v2\/posts\/8326","targetHints":{"allow":["GET"]}}],"collection":[{"href":"https:\/\/centros.uepb.edu.br\/ch\/wp-json\/wp\/v2\/posts"}],"about":[{"href":"https:\/\/centros.uepb.edu.br\/ch\/wp-json\/wp\/v2\/types\/post"}],"author":[{"embeddable":true,"href":"https:\/\/centros.uepb.edu.br\/ch\/wp-json\/wp\/v2\/users\/25"}],"replies":[{"embeddable":true,"href":"https:\/\/centros.uepb.edu.br\/ch\/wp-json\/wp\/v2\/comments?post=8326"}],"version-history":[{"count":0,"href":"https:\/\/centros.uepb.edu.br\/ch\/wp-json\/wp\/v2\/posts\/8326\/revisions"}],"wp:attachment":[{"href":"https:\/\/centros.uepb.edu.br\/ch\/wp-json\/wp\/v2\/media?parent=8326"}],"wp:term":[{"taxonomy":"category","embeddable":true,"href":"https:\/\/centros.uepb.edu.br\/ch\/wp-json\/wp\/v2\/categories?post=8326"},{"taxonomy":"post_tag","embeddable":true,"href":"https:\/\/centros.uepb.edu.br\/ch\/wp-json\/wp\/v2\/tags?post=8326"}],"curies":[{"name":"wp","href":"https:\/\/api.w.org\/{rel}","templated":true}]}}