{"id":8322,"date":"2019-05-21T15:06:07","date_gmt":"2019-05-21T15:06:07","guid":{"rendered":"http:\/\/www.uepb.edu.br\/?p=48566"},"modified":"2019-08-08T15:07:28","modified_gmt":"2019-08-08T15:07:28","slug":"grupo-de-extensao-sextas-academicas-presta-homenagem-a-ex-professora-do-centro-de-humanidades","status":"publish","type":"post","link":"https:\/\/centros.uepb.edu.br\/ch\/grupo-de-extensao-sextas-academicas-presta-homenagem-a-ex-professora-do-centro-de-humanidades\/","title":{"rendered":"Grupo de Extens\u00e3o \u201cSextas Acad\u00eamicas\u201d presta homenagem a ex-professora do Centro de Humanidades"},"content":{"rendered":"<ul data-carousel-extra='{\"blog_id\":1,\"permalink\":\"http:\\\/\\\/www.uepb.edu.br\\\/grupo-de-extensao-sextas-academicas-presta-homenagem-a-ex-professora-do-centro-de-humanidades\\\/\"}' class=\"wp-block-gallery columns-2 is-cropped\">\n<li class=\"blocks-gallery-item\">\n<figure><img decoding=\"async\" data-attachment-id=\"48568\" data-permalink=\"http:\/\/www.uepb.edu.br\/grupo-de-extensao-sextas-academicas-presta-homenagem-a-ex-professora-do-centro-de-humanidades\/sextas-academicas-5\/\" data-orig-file=\"https:\/\/i0.wp.com\/www.uepb.edu.br\/wp-content\/uploads\/2019\/05\/Sextas-Acad\u00eamicas-5.jpeg?fit=1280%2C719\" data-orig-size=\"1280,719\" data-comments-opened=\"1\" data-image-meta=\"{&quot;aperture&quot;:&quot;0&quot;,&quot;credit&quot;:&quot;&quot;,&quot;camera&quot;:&quot;&quot;,&quot;caption&quot;:&quot;&quot;,&quot;created_timestamp&quot;:&quot;0&quot;,&quot;copyright&quot;:&quot;&quot;,&quot;focal_length&quot;:&quot;0&quot;,&quot;iso&quot;:&quot;0&quot;,&quot;shutter_speed&quot;:&quot;0&quot;,&quot;title&quot;:&quot;&quot;,&quot;orientation&quot;:&quot;0&quot;}\" data-image-title=\"Sextas-Acad\u00eamicas-5\" data-image-description=\"\" data-medium-file=\"https:\/\/i0.wp.com\/www.uepb.edu.br\/wp-content\/uploads\/2019\/05\/Sextas-Acad\u00eamicas-5.jpeg?fit=300%2C169\" data-large-file=\"https:\/\/i0.wp.com\/www.uepb.edu.br\/wp-content\/uploads\/2019\/05\/Sextas-Acad\u00eamicas-5.jpeg?fit=1024%2C575\" src=\"https:\/\/i0.wp.com\/www.uepb.edu.br\/wp-content\/uploads\/2019\/05\/Sextas-Acad%C3%AAmicas-5.jpeg?resize=1024%2C575\" alt=\"\" data-id=\"48568\" data-link=\"http:\/\/www.uepb.edu.br\/?attachment_id=48568\" class=\"wp-image-48568 img-responsive img-responsive\" data-recalc-dims=\"1\" \/><\/figure>\n<\/li>\n<li class=\"blocks-gallery-item\">\n<figure><img decoding=\"async\" data-attachment-id=\"48569\" data-permalink=\"http:\/\/www.uepb.edu.br\/grupo-de-extensao-sextas-academicas-presta-homenagem-a-ex-professora-do-centro-de-humanidades\/sextas-academicas-6\/\" data-orig-file=\"https:\/\/i1.wp.com\/www.uepb.edu.br\/wp-content\/uploads\/2019\/05\/Sextas-Acad\u00eamicas-6.jpeg?fit=1152%2C864\" data-orig-size=\"1152,864\" data-comments-opened=\"1\" data-image-meta=\"{&quot;aperture&quot;:&quot;0&quot;,&quot;credit&quot;:&quot;&quot;,&quot;camera&quot;:&quot;&quot;,&quot;caption&quot;:&quot;&quot;,&quot;created_timestamp&quot;:&quot;0&quot;,&quot;copyright&quot;:&quot;&quot;,&quot;focal_length&quot;:&quot;0&quot;,&quot;iso&quot;:&quot;0&quot;,&quot;shutter_speed&quot;:&quot;0&quot;,&quot;title&quot;:&quot;&quot;,&quot;orientation&quot;:&quot;0&quot;}\" data-image-title=\"Sextas-Acad\u00eamicas-6\" data-image-description=\"\" data-medium-file=\"https:\/\/i1.wp.com\/www.uepb.edu.br\/wp-content\/uploads\/2019\/05\/Sextas-Acad\u00eamicas-6.jpeg?fit=300%2C225\" data-large-file=\"https:\/\/i1.wp.com\/www.uepb.edu.br\/wp-content\/uploads\/2019\/05\/Sextas-Acad\u00eamicas-6.jpeg?fit=1024%2C768\" src=\"https:\/\/i1.wp.com\/www.uepb.edu.br\/wp-content\/uploads\/2019\/05\/Sextas-Acad%C3%AAmicas-6.jpeg?resize=1024%2C768\" alt=\"\" data-id=\"48569\" data-link=\"http:\/\/www.uepb.edu.br\/?attachment_id=48569\" class=\"wp-image-48569 img-responsive img-responsive\" data-recalc-dims=\"1\" \/><\/figure>\n<\/li>\n<li class=\"blocks-gallery-item\">\n<figure><img decoding=\"async\" data-attachment-id=\"48567\" data-permalink=\"http:\/\/www.uepb.edu.br\/grupo-de-extensao-sextas-academicas-presta-homenagem-a-ex-professora-do-centro-de-humanidades\/sextas-academicas-2\/\" data-orig-file=\"https:\/\/i0.wp.com\/www.uepb.edu.br\/wp-content\/uploads\/2019\/05\/Sextas-Acad\u00eamicas-2.jpeg?fit=1280%2C719\" data-orig-size=\"1280,719\" data-comments-opened=\"1\" data-image-meta=\"{&quot;aperture&quot;:&quot;0&quot;,&quot;credit&quot;:&quot;&quot;,&quot;camera&quot;:&quot;&quot;,&quot;caption&quot;:&quot;&quot;,&quot;created_timestamp&quot;:&quot;0&quot;,&quot;copyright&quot;:&quot;&quot;,&quot;focal_length&quot;:&quot;0&quot;,&quot;iso&quot;:&quot;0&quot;,&quot;shutter_speed&quot;:&quot;0&quot;,&quot;title&quot;:&quot;&quot;,&quot;orientation&quot;:&quot;0&quot;}\" data-image-title=\"Sextas-Acad\u00eamicas-2\" data-image-description=\"\" data-medium-file=\"https:\/\/i0.wp.com\/www.uepb.edu.br\/wp-content\/uploads\/2019\/05\/Sextas-Acad\u00eamicas-2.jpeg?fit=300%2C169\" data-large-file=\"https:\/\/i0.wp.com\/www.uepb.edu.br\/wp-content\/uploads\/2019\/05\/Sextas-Acad\u00eamicas-2.jpeg?fit=1024%2C575\" src=\"https:\/\/i0.wp.com\/www.uepb.edu.br\/wp-content\/uploads\/2019\/05\/Sextas-Acad%C3%AAmicas-2.jpeg?resize=1024%2C575\" alt=\"\" data-id=\"48567\" data-link=\"http:\/\/www.uepb.edu.br\/?attachment_id=48567\" class=\"wp-image-48567 img-responsive img-responsive\" data-recalc-dims=\"1\" \/><\/figure>\n<\/li>\n<\/ul>\n<p>O Grupo de Extens\u00e3o \u201cSextas Acad\u00eamicas \u2013 Produ\u00e7\u00f5es intelectuais e art\u00edsticas em debate\u201d, em funcionamento no Centro de Humanidades (CH) da Universidade Estadual da Para\u00edba (UEPB), C\u00e2mpus de Guarabira, realizou na \u00faltima sexta-feira (17), a primeira atividade do ciclo de estudos e debates sobre hist\u00f3ria e mem\u00f3rias da vida professoral. O evento, realizado no Audit\u00f3rio do CH, prestou homenagem p\u00f3stuma \u00e0 ex-docente do C\u00e2mpus III, Maria do Carmo Miranda.<\/p>\n<p>A ex-professora \u00e9 patrona da Biblioteca do Centro de Humanidades, setor com o qual o evento est\u00e1 sendo feito em parceria. A ideia \u00e9 promover o resgate da mem\u00f3ria da educadora, ao mesmo tempo em que pretende favorecer aos graduandos o contato com a pesquisa acad\u00eamica. Como parte das atividades, foi ministrada uma palestra com a mestra Maria da Gra\u00e7a Cruz Barbosa sobre sua disserta\u00e7\u00e3o de mestrado \u201cHist\u00f3ria e mem\u00f3rias da vida professoral de Maria do Carmo de Miranda nas configura\u00e7\u00f5es do magist\u00e9rio (1960-1988)\u201d. <\/p>\n<p>O evento contou com a presen\u00e7a de Maria da Consola\u00e7\u00e3o Miranda dos Santos e Arnaldo Martins de Miranda, irm\u00e3os da homenageada. Os encontros do Grupo de Extens\u00e3o \u201cSextas Acad\u00eamicas \u2013 Produ\u00e7\u00f5es intelectuais e art\u00edsticas em debate\u201d acontecem uma vez a cada m\u00eas, voltados para as \u00e1reas de forma\u00e7\u00e3o de professores, pol\u00edticas p\u00fablicas, Direitos Humanos e Educa\u00e7\u00e3o Infantil. O grupo \u00e9 coordenado pela professora Germana Alves de Menezes. Os participantes recebem certificados on-line com carga de 4 horas\/aula.<\/p>\n<p><em><strong>Texto:<\/strong> Severino Lopes<br \/><strong>Fotos:<\/strong> Divulga\u00e7\u00e3o<\/em><\/p>\n<p>O post <a rel=\"nofollow\" href=\"http:\/\/www.uepb.edu.br\/grupo-de-extensao-sextas-academicas-presta-homenagem-a-ex-professora-do-centro-de-humanidades\/\">Grupo de Extens\u00e3o \u201cSextas Acad\u00eamicas\u201d presta homenagem a ex-professora do Centro de Humanidades<\/a> apareceu primeiro em <a rel=\"nofollow\" href=\"http:\/\/www.uepb.edu.br\/\">UEPB<\/a>.<\/p>\n","protected":false},"excerpt":{"rendered":"<p>O Grupo de Extens&atilde;o &ldquo;Sextas Acad&ecirc;micas &ndash; Produ&ccedil;&otilde;es intelectuais e art&iacute;sticas em debate&rdquo;, em funcionamento no Centro de Humanidades (CH) da Universidade Estadual da Para&iacute;ba (UEPB), C&acirc;mpus de Guarabira, realizou na &uacute;ltima sexta-feira (17), a primeira atividade do ciclo de estudos e debates sobre hist&oacute;ria e mem&oacute;rias da vida professoral. O evento, realizado no Audit&oacute;rio <a href=\"http:\/\/www.uepb.edu.br\/grupo-de-extensao-sextas-academicas-presta-homenagem-a-ex-professora-do-centro-de-humanidades\/\">Leia Mais&#8230;<\/a><\/p>\n<p>O post <a rel=\"nofollow\" href=\"http:\/\/www.uepb.edu.br\/grupo-de-extensao-sextas-academicas-presta-homenagem-a-ex-professora-do-centro-de-humanidades\/\">Grupo de Extens&atilde;o &ldquo;Sextas Acad&ecirc;micas&rdquo; presta homenagem a ex-professora do Centro de Humanidades<\/a> apareceu primeiro em <a rel=\"nofollow\" href=\"http:\/\/www.uepb.edu.br\/\">UEPB<\/a>.<\/p>\n","protected":false},"author":25,"featured_media":0,"comment_status":"closed","ping_status":"closed","sticky":false,"template":"","format":"standard","meta":{"jetpack_post_was_ever_published":false,"_jetpack_newsletter_access":"","_jetpack_dont_email_post_to_subs":false,"_jetpack_newsletter_tier_id":0,"_jetpack_memberships_contains_paywalled_content":false,"_jetpack_memberships_contains_paid_content":false,"footnotes":""},"categories":[10,3,17],"tags":[],"class_list":["post-8322","post","type-post","status-publish","format-standard","hentry","category-ch","category-noticias","category-proex"],"jetpack_featured_media_url":"","jetpack_shortlink":"https:\/\/wp.me\/p4NR4N-2ae","jetpack_sharing_enabled":true,"_links":{"self":[{"href":"https:\/\/centros.uepb.edu.br\/ch\/wp-json\/wp\/v2\/posts\/8322","targetHints":{"allow":["GET"]}}],"collection":[{"href":"https:\/\/centros.uepb.edu.br\/ch\/wp-json\/wp\/v2\/posts"}],"about":[{"href":"https:\/\/centros.uepb.edu.br\/ch\/wp-json\/wp\/v2\/types\/post"}],"author":[{"embeddable":true,"href":"https:\/\/centros.uepb.edu.br\/ch\/wp-json\/wp\/v2\/users\/25"}],"replies":[{"embeddable":true,"href":"https:\/\/centros.uepb.edu.br\/ch\/wp-json\/wp\/v2\/comments?post=8322"}],"version-history":[{"count":0,"href":"https:\/\/centros.uepb.edu.br\/ch\/wp-json\/wp\/v2\/posts\/8322\/revisions"}],"wp:attachment":[{"href":"https:\/\/centros.uepb.edu.br\/ch\/wp-json\/wp\/v2\/media?parent=8322"}],"wp:term":[{"taxonomy":"category","embeddable":true,"href":"https:\/\/centros.uepb.edu.br\/ch\/wp-json\/wp\/v2\/categories?post=8322"},{"taxonomy":"post_tag","embeddable":true,"href":"https:\/\/centros.uepb.edu.br\/ch\/wp-json\/wp\/v2\/tags?post=8322"}],"curies":[{"name":"wp","href":"https:\/\/api.w.org\/{rel}","templated":true}]}}