{"id":8293,"date":"2019-04-22T17:05:20","date_gmt":"2019-04-22T17:05:20","guid":{"rendered":"http:\/\/www.uepb.edu.br\/?p=48081"},"modified":"2019-08-08T15:10:16","modified_gmt":"2019-08-08T15:10:16","slug":"atleta-de-projeto-de-extensao-do-campus-de-guarabira-ganha-medalha-de-ouro-em-competicao-de-jiu-jitsu","status":"publish","type":"post","link":"https:\/\/centros.uepb.edu.br\/ch\/atleta-de-projeto-de-extensao-do-campus-de-guarabira-ganha-medalha-de-ouro-em-competicao-de-jiu-jitsu\/","title":{"rendered":"Atleta de projeto de extens\u00e3o do C\u00e2mpus de Guarabira ganha medalha de ouro em competi\u00e7\u00e3o de Jiu Jitsu"},"content":{"rendered":"<figure class=\"wp-block-image\"><img decoding=\"async\" data-attachment-id=\"48082\" data-permalink=\"http:\/\/www.uepb.edu.br\/atleta-de-projeto-de-extensao-do-campus-de-guarabira-ganha-medalha-de-ouro-em-competicao-de-jiu-jitsu\/jiu-jitsu-ch\/\" data-orig-file=\"https:\/\/i1.wp.com\/www.uepb.edu.br\/wp-content\/uploads\/2019\/04\/Jiu-Jitsu-CH.jpg?fit=960%2C1280\" data-orig-size=\"960,1280\" data-comments-opened=\"1\" data-image-meta=\"{&quot;aperture&quot;:&quot;0&quot;,&quot;credit&quot;:&quot;&quot;,&quot;camera&quot;:&quot;&quot;,&quot;caption&quot;:&quot;&quot;,&quot;created_timestamp&quot;:&quot;0&quot;,&quot;copyright&quot;:&quot;&quot;,&quot;focal_length&quot;:&quot;0&quot;,&quot;iso&quot;:&quot;0&quot;,&quot;shutter_speed&quot;:&quot;0&quot;,&quot;title&quot;:&quot;&quot;,&quot;orientation&quot;:&quot;1&quot;}\" data-image-title=\"Jiu Jitsu CH\" data-image-description=\"\" data-medium-file=\"https:\/\/i1.wp.com\/www.uepb.edu.br\/wp-content\/uploads\/2019\/04\/Jiu-Jitsu-CH.jpg?fit=225%2C300\" data-large-file=\"https:\/\/i1.wp.com\/www.uepb.edu.br\/wp-content\/uploads\/2019\/04\/Jiu-Jitsu-CH.jpg?fit=768%2C1024\" src=\"https:\/\/i1.wp.com\/www.uepb.edu.br\/wp-content\/uploads\/2019\/04\/Jiu-Jitsu-CH.jpg?fit=768%2C1024\" alt=\"\" class=\"wp-image-48082 img-responsive img-responsive\" \/><\/figure>\n<p>Em plena execu\u00e7\u00e3o no Centro de Humanidades (CH), C\u00e2mpus III da Universidade Estadual da Para\u00edba (UEPB), em Guarabira, o projeto de extens\u00e3o \u201cO jiu-jitsu brasileiro como possibilidade educacional na Universidade\u201d j\u00e1 contabiliza bons resultados. A aluna Rita Aguiar do Nascimento, conquistou medalha de ouro no Campeonato Pro Open de Jiu Jitsu, disputado no \u00faltimo dia 14 de abril, no Rio Grande do Norte. Para conquistar a medalha, ela lutou duas vezes, vencendo a primeira luta por finaliza\u00e7\u00e3o e a segunda por vantagem. <\/p>\n<p>Instrutor de Jiu Jitsu do projeto, Edvaldo Guedes da Silva J\u00fanior, destacou a postura da atleta medalhista de ouro em uma importante competi\u00e7\u00e3o na regi\u00e3o como fator determinante para sua vit\u00f3ria. O projeto extensionista, coordenado pelo professor Thiago Queiroz, \u00e9 voltado para toda comunidade acad\u00eamica da UEPB. A iniciativa tem como finalidade formar novos atletas e contribuir com a forma\u00e7\u00e3o do ser social, tendo como base norteadora os princ\u00edpios \u00e9ticos e morais preconizados pelas artes marciais, das quais faz parte o jiu jitsu. O projeto conta com 30 atletas e as aulas s\u00e3o ministradas nas ter\u00e7as e quartas, das 17h \u00e0s 19h e das 19h30 \u00e0s 21h30. <\/p>\n<p><em><strong>Texto:<\/strong> Severino Lopes<br \/><strong>Foto:<\/strong> Divulga\u00e7\u00e3o<\/em><\/p>\n<p>O post <a rel=\"nofollow\" href=\"http:\/\/www.uepb.edu.br\/atleta-de-projeto-de-extensao-do-campus-de-guarabira-ganha-medalha-de-ouro-em-competicao-de-jiu-jitsu\/\">Atleta de projeto de extens\u00e3o do C\u00e2mpus de Guarabira ganha medalha de ouro em competi\u00e7\u00e3o de Jiu Jitsu<\/a> apareceu primeiro em <a rel=\"nofollow\" href=\"http:\/\/www.uepb.edu.br\/\">UEPB<\/a>.<\/p>\n","protected":false},"excerpt":{"rendered":"<p>Em plena execu&ccedil;&atilde;o no Centro de Humanidades (CH), C&acirc;mpus III da Universidade Estadual da Para&iacute;ba (UEPB), em Guarabira, o projeto de extens&atilde;o &ldquo;O jiu-jitsu brasileiro como possibilidade educacional na Universidade&rdquo; j&aacute; contabiliza bons resultados. A aluna Rita Aguiar do Nascimento, conquistou medalha de ouro no Campeonato Pro Open de Jiu Jitsu, disputado no &uacute;ltimo dia <a href=\"http:\/\/www.uepb.edu.br\/atleta-de-projeto-de-extensao-do-campus-de-guarabira-ganha-medalha-de-ouro-em-competicao-de-jiu-jitsu\/\">Leia Mais&#8230;<\/a><\/p>\n<p>O post <a rel=\"nofollow\" href=\"http:\/\/www.uepb.edu.br\/atleta-de-projeto-de-extensao-do-campus-de-guarabira-ganha-medalha-de-ouro-em-competicao-de-jiu-jitsu\/\">Atleta de projeto de extens&atilde;o do C&acirc;mpus de Guarabira ganha medalha de ouro em competi&ccedil;&atilde;o de Jiu Jitsu<\/a> apareceu primeiro em <a rel=\"nofollow\" href=\"http:\/\/www.uepb.edu.br\/\">UEPB<\/a>.<\/p>\n","protected":false},"author":25,"featured_media":0,"comment_status":"closed","ping_status":"closed","sticky":false,"template":"","format":"standard","meta":{"jetpack_post_was_ever_published":false,"_jetpack_newsletter_access":"","_jetpack_dont_email_post_to_subs":false,"_jetpack_newsletter_tier_id":0,"_jetpack_memberships_contains_paywalled_content":false,"_jetpack_memberships_contains_paid_content":false,"footnotes":""},"categories":[10,3,17],"tags":[],"class_list":["post-8293","post","type-post","status-publish","format-standard","hentry","category-ch","category-noticias","category-proex"],"jetpack_featured_media_url":"","jetpack_shortlink":"https:\/\/wp.me\/p4NR4N-29L","jetpack_sharing_enabled":true,"_links":{"self":[{"href":"https:\/\/centros.uepb.edu.br\/ch\/wp-json\/wp\/v2\/posts\/8293","targetHints":{"allow":["GET"]}}],"collection":[{"href":"https:\/\/centros.uepb.edu.br\/ch\/wp-json\/wp\/v2\/posts"}],"about":[{"href":"https:\/\/centros.uepb.edu.br\/ch\/wp-json\/wp\/v2\/types\/post"}],"author":[{"embeddable":true,"href":"https:\/\/centros.uepb.edu.br\/ch\/wp-json\/wp\/v2\/users\/25"}],"replies":[{"embeddable":true,"href":"https:\/\/centros.uepb.edu.br\/ch\/wp-json\/wp\/v2\/comments?post=8293"}],"version-history":[{"count":0,"href":"https:\/\/centros.uepb.edu.br\/ch\/wp-json\/wp\/v2\/posts\/8293\/revisions"}],"wp:attachment":[{"href":"https:\/\/centros.uepb.edu.br\/ch\/wp-json\/wp\/v2\/media?parent=8293"}],"wp:term":[{"taxonomy":"category","embeddable":true,"href":"https:\/\/centros.uepb.edu.br\/ch\/wp-json\/wp\/v2\/categories?post=8293"},{"taxonomy":"post_tag","embeddable":true,"href":"https:\/\/centros.uepb.edu.br\/ch\/wp-json\/wp\/v2\/tags?post=8293"}],"curies":[{"name":"wp","href":"https:\/\/api.w.org\/{rel}","templated":true}]}}