{"id":8289,"date":"2019-04-02T15:59:08","date_gmt":"2019-04-02T15:59:08","guid":{"rendered":"http:\/\/www.uepb.edu.br\/?p=47540"},"modified":"2019-04-02T15:59:08","modified_gmt":"2019-04-02T15:59:08","slug":"caravana-cori-2019-inicia-apresentacao-das-acoes-de-internacionalizacao-da-universidade-estadual-da-paraiba","status":"publish","type":"post","link":"https:\/\/centros.uepb.edu.br\/ch\/caravana-cori-2019-inicia-apresentacao-das-acoes-de-internacionalizacao-da-universidade-estadual-da-paraiba\/","title":{"rendered":"Caravana CoRI 2019 inicia apresenta\u00e7\u00e3o das a\u00e7\u00f5es de internacionaliza\u00e7\u00e3o da Universidade Estadual da Para\u00edba"},"content":{"rendered":"<ul data-carousel-extra='{\"blog_id\":1,\"permalink\":\"http:\\\/\\\/www.uepb.edu.br\\\/caravana-cori-2019-inicia-apresentacao-das-acoes-de-internacionalizacao-da-universidade-estadual-da-paraiba\\\/\"}' class=\"wp-block-gallery columns-3 is-cropped\">\n<li class=\"blocks-gallery-item\">\n<figure><img decoding=\"async\" data-attachment-id=\"47541\" data-permalink=\"http:\/\/www.uepb.edu.br\/caravana-cori-2019-inicia-apresentacao-das-acoes-de-internacionalizacao-da-universidade-estadual-da-paraiba\/caravana-cori-em-guarabira-1\/\" data-orig-file=\"https:\/\/i1.wp.com\/www.uepb.edu.br\/wp-content\/uploads\/2019\/04\/Caravana-CoRI-em-Guarabira-1.jpg?fit=840%2C454\" data-orig-size=\"840,454\" data-comments-opened=\"1\" data-image-meta=\"{&quot;aperture&quot;:&quot;3.6&quot;,&quot;credit&quot;:&quot;&quot;,&quot;camera&quot;:&quot;FinePix S2980&quot;,&quot;caption&quot;:&quot;&quot;,&quot;created_timestamp&quot;:&quot;946688274&quot;,&quot;copyright&quot;:&quot;&quot;,&quot;focal_length&quot;:&quot;7.6&quot;,&quot;iso&quot;:&quot;400&quot;,&quot;shutter_speed&quot;:&quot;0.0166666666667&quot;,&quot;title&quot;:&quot;&quot;,&quot;orientation&quot;:&quot;1&quot;}\" data-image-title=\"Caravana CoRI em Guarabira (1)\" data-image-description=\"\" data-medium-file=\"https:\/\/i1.wp.com\/www.uepb.edu.br\/wp-content\/uploads\/2019\/04\/Caravana-CoRI-em-Guarabira-1.jpg?fit=300%2C162\" data-large-file=\"https:\/\/i1.wp.com\/www.uepb.edu.br\/wp-content\/uploads\/2019\/04\/Caravana-CoRI-em-Guarabira-1.jpg?fit=840%2C454\" src=\"https:\/\/i1.wp.com\/www.uepb.edu.br\/wp-content\/uploads\/2019\/04\/Caravana-CoRI-em-Guarabira-1.jpg\" alt=\"\" data-id=\"47541\" data-link=\"http:\/\/www.uepb.edu.br\/?attachment_id=47541\" class=\"wp-image-47541 img-responsive img-responsive\" srcset=\"https:\/\/i1.wp.com\/www.uepb.edu.br\/wp-content\/uploads\/2019\/04\/Caravana-CoRI-em-Guarabira-1.jpg?w=840 840w, https:\/\/i1.wp.com\/www.uepb.edu.br\/wp-content\/uploads\/2019\/04\/Caravana-CoRI-em-Guarabira-1.jpg?resize=300%2C162 300w, https:\/\/i1.wp.com\/www.uepb.edu.br\/wp-content\/uploads\/2019\/04\/Caravana-CoRI-em-Guarabira-1.jpg?resize=768%2C415 768w, https:\/\/i1.wp.com\/www.uepb.edu.br\/wp-content\/uploads\/2019\/04\/Caravana-CoRI-em-Guarabira-1.jpg?resize=370%2C200 370w\" sizes=\"(max-width: 840px) 100vw, 840px\" data-recalc-dims=\"1\" \/><\/figure>\n<\/li>\n<li class=\"blocks-gallery-item\">\n<figure><img decoding=\"async\" data-attachment-id=\"47544\" data-permalink=\"http:\/\/www.uepb.edu.br\/caravana-cori-2019-inicia-apresentacao-das-acoes-de-internacionalizacao-da-universidade-estadual-da-paraiba\/caravana-cori-em-guarabira-4\/\" data-orig-file=\"https:\/\/i0.wp.com\/www.uepb.edu.br\/wp-content\/uploads\/2019\/04\/Caravana-CoRI-em-Guarabira-4.jpg?fit=840%2C454\" data-orig-size=\"840,454\" data-comments-opened=\"1\" data-image-meta=\"{&quot;aperture&quot;:&quot;5.5&quot;,&quot;credit&quot;:&quot;&quot;,&quot;camera&quot;:&quot;FinePix S2980&quot;,&quot;caption&quot;:&quot;&quot;,&quot;created_timestamp&quot;:&quot;946686026&quot;,&quot;copyright&quot;:&quot;&quot;,&quot;focal_length&quot;:&quot;37.8&quot;,&quot;iso&quot;:&quot;800&quot;,&quot;shutter_speed&quot;:&quot;0.0555555555556&quot;,&quot;title&quot;:&quot;&quot;,&quot;orientation&quot;:&quot;1&quot;}\" data-image-title=\"Caravana CoRI em Guarabira (4)\" data-image-description=\"\" data-medium-file=\"https:\/\/i0.wp.com\/www.uepb.edu.br\/wp-content\/uploads\/2019\/04\/Caravana-CoRI-em-Guarabira-4.jpg?fit=300%2C162\" data-large-file=\"https:\/\/i0.wp.com\/www.uepb.edu.br\/wp-content\/uploads\/2019\/04\/Caravana-CoRI-em-Guarabira-4.jpg?fit=840%2C454\" src=\"https:\/\/i0.wp.com\/www.uepb.edu.br\/wp-content\/uploads\/2019\/04\/Caravana-CoRI-em-Guarabira-4.jpg\" alt=\"\" data-id=\"47544\" data-link=\"http:\/\/www.uepb.edu.br\/?attachment_id=47544\" class=\"wp-image-47544 img-responsive img-responsive\" srcset=\"https:\/\/i0.wp.com\/www.uepb.edu.br\/wp-content\/uploads\/2019\/04\/Caravana-CoRI-em-Guarabira-4.jpg?w=840 840w, https:\/\/i0.wp.com\/www.uepb.edu.br\/wp-content\/uploads\/2019\/04\/Caravana-CoRI-em-Guarabira-4.jpg?resize=300%2C162 300w, https:\/\/i0.wp.com\/www.uepb.edu.br\/wp-content\/uploads\/2019\/04\/Caravana-CoRI-em-Guarabira-4.jpg?resize=768%2C415 768w, https:\/\/i0.wp.com\/www.uepb.edu.br\/wp-content\/uploads\/2019\/04\/Caravana-CoRI-em-Guarabira-4.jpg?resize=370%2C200 370w\" sizes=\"(max-width: 840px) 100vw, 840px\" data-recalc-dims=\"1\" \/><\/figure>\n<\/li>\n<li class=\"blocks-gallery-item\">\n<figure><img decoding=\"async\" data-attachment-id=\"47542\" data-permalink=\"http:\/\/www.uepb.edu.br\/caravana-cori-2019-inicia-apresentacao-das-acoes-de-internacionalizacao-da-universidade-estadual-da-paraiba\/caravana-cori-em-guarabira-2\/\" data-orig-file=\"https:\/\/i2.wp.com\/www.uepb.edu.br\/wp-content\/uploads\/2019\/04\/Caravana-CoRI-em-Guarabira-2.jpg?fit=840%2C454\" data-orig-size=\"840,454\" data-comments-opened=\"1\" data-image-meta=\"{&quot;aperture&quot;:&quot;3.2&quot;,&quot;credit&quot;:&quot;&quot;,&quot;camera&quot;:&quot;FinePix S2980&quot;,&quot;caption&quot;:&quot;&quot;,&quot;created_timestamp&quot;:&quot;946685588&quot;,&quot;copyright&quot;:&quot;&quot;,&quot;focal_length&quot;:&quot;5.5&quot;,&quot;iso&quot;:&quot;800&quot;,&quot;shutter_speed&quot;:&quot;0.02&quot;,&quot;title&quot;:&quot;&quot;,&quot;orientation&quot;:&quot;1&quot;}\" data-image-title=\"Caravana CoRI em Guarabira (2)\" data-image-description=\"\" data-medium-file=\"https:\/\/i2.wp.com\/www.uepb.edu.br\/wp-content\/uploads\/2019\/04\/Caravana-CoRI-em-Guarabira-2.jpg?fit=300%2C162\" data-large-file=\"https:\/\/i2.wp.com\/www.uepb.edu.br\/wp-content\/uploads\/2019\/04\/Caravana-CoRI-em-Guarabira-2.jpg?fit=840%2C454\" src=\"https:\/\/i2.wp.com\/www.uepb.edu.br\/wp-content\/uploads\/2019\/04\/Caravana-CoRI-em-Guarabira-2.jpg\" alt=\"\" data-id=\"47542\" data-link=\"http:\/\/www.uepb.edu.br\/?attachment_id=47542\" class=\"wp-image-47542 img-responsive img-responsive\" srcset=\"https:\/\/i2.wp.com\/www.uepb.edu.br\/wp-content\/uploads\/2019\/04\/Caravana-CoRI-em-Guarabira-2.jpg?w=840 840w, https:\/\/i2.wp.com\/www.uepb.edu.br\/wp-content\/uploads\/2019\/04\/Caravana-CoRI-em-Guarabira-2.jpg?resize=300%2C162 300w, https:\/\/i2.wp.com\/www.uepb.edu.br\/wp-content\/uploads\/2019\/04\/Caravana-CoRI-em-Guarabira-2.jpg?resize=768%2C415 768w, https:\/\/i2.wp.com\/www.uepb.edu.br\/wp-content\/uploads\/2019\/04\/Caravana-CoRI-em-Guarabira-2.jpg?resize=370%2C200 370w\" sizes=\"(max-width: 840px) 100vw, 840px\" data-recalc-dims=\"1\" \/><\/figure>\n<\/li>\n<li class=\"blocks-gallery-item\">\n<figure><img decoding=\"async\" data-attachment-id=\"47543\" data-permalink=\"http:\/\/www.uepb.edu.br\/caravana-cori-2019-inicia-apresentacao-das-acoes-de-internacionalizacao-da-universidade-estadual-da-paraiba\/caravana-cori-em-guarabira-3\/\" data-orig-file=\"https:\/\/i0.wp.com\/www.uepb.edu.br\/wp-content\/uploads\/2019\/04\/Caravana-CoRI-em-Guarabira-3.jpg?fit=840%2C454\" data-orig-size=\"840,454\" data-comments-opened=\"1\" data-image-meta=\"{&quot;aperture&quot;:&quot;4.2&quot;,&quot;credit&quot;:&quot;&quot;,&quot;camera&quot;:&quot;FinePix S2980&quot;,&quot;caption&quot;:&quot;&quot;,&quot;created_timestamp&quot;:&quot;946685883&quot;,&quot;copyright&quot;:&quot;&quot;,&quot;focal_length&quot;:&quot;12.3&quot;,&quot;iso&quot;:&quot;800&quot;,&quot;shutter_speed&quot;:&quot;0.0294117647059&quot;,&quot;title&quot;:&quot;&quot;,&quot;orientation&quot;:&quot;1&quot;}\" data-image-title=\"Caravana CoRI em Guarabira (3)\" data-image-description=\"\" data-medium-file=\"https:\/\/i0.wp.com\/www.uepb.edu.br\/wp-content\/uploads\/2019\/04\/Caravana-CoRI-em-Guarabira-3.jpg?fit=300%2C162\" data-large-file=\"https:\/\/i0.wp.com\/www.uepb.edu.br\/wp-content\/uploads\/2019\/04\/Caravana-CoRI-em-Guarabira-3.jpg?fit=840%2C454\" src=\"https:\/\/i0.wp.com\/www.uepb.edu.br\/wp-content\/uploads\/2019\/04\/Caravana-CoRI-em-Guarabira-3.jpg\" alt=\"\" data-id=\"47543\" data-link=\"http:\/\/www.uepb.edu.br\/?attachment_id=47543\" class=\"wp-image-47543 img-responsive img-responsive\" srcset=\"https:\/\/i0.wp.com\/www.uepb.edu.br\/wp-content\/uploads\/2019\/04\/Caravana-CoRI-em-Guarabira-3.jpg?w=840 840w, https:\/\/i0.wp.com\/www.uepb.edu.br\/wp-content\/uploads\/2019\/04\/Caravana-CoRI-em-Guarabira-3.jpg?resize=300%2C162 300w, https:\/\/i0.wp.com\/www.uepb.edu.br\/wp-content\/uploads\/2019\/04\/Caravana-CoRI-em-Guarabira-3.jpg?resize=768%2C415 768w, https:\/\/i0.wp.com\/www.uepb.edu.br\/wp-content\/uploads\/2019\/04\/Caravana-CoRI-em-Guarabira-3.jpg?resize=370%2C200 370w\" sizes=\"(max-width: 840px) 100vw, 840px\" data-recalc-dims=\"1\" \/><\/figure>\n<\/li>\n<\/ul>\n<p>Diante da miss\u00e3o de internacionalizar a Universidade Estadual da Para\u00edba (UEPB) por meio de acordos de coopera\u00e7\u00e3o e da promo\u00e7\u00e3o de interc\u00e2mbios para alunos, professores e t\u00e9cnicos administrativos, a Coordenadoria de Rela\u00e7\u00f5es Internacionais (CoRI) deu in\u00edcio \u00e0 divulga\u00e7\u00e3o de seus projetos e do calend\u00e1rio de atividades para o ano de 2019 nos c\u00e2mpus da Institui\u00e7\u00e3o, dentro das a\u00e7\u00f5es da Caravana CoRI.<\/p>\n<p>O C\u00e2mpus de Guarabira foi o primeiro a receber as atividades da Caravana, nesta segunda-feira, 1\u00ba de abril. Estudantes dos cursos de Direito, Geografia, Hist\u00f3ria, Letras e Padagogia do Centro de Humanidades (CH) participaram da apresenta\u00e7\u00e3o, realizada no Audit\u00f3rio do Centro. O encontro refor\u00e7ou as a\u00e7\u00f5es da CoRI, apresentou oportunidades de internacionaliza\u00e7\u00e3o, bolsas de mobilidade nacional e internacional, cursos de idiomas atrav\u00e9s do N\u00facleo de L\u00ednguas e exames de profici\u00eancia. Estudantes que foram contemplados com os programas de interc\u00e2mbio compartilharam a sua experi\u00eancia em estudar um semestre em uma institui\u00e7\u00e3o estrangeira.<\/p>\n<p>Segundo o coordenador de Rela\u00e7\u00f5es Internacionais da UEPB, professor Cl\u00e1udio Lucena, poucas institui\u00e7\u00f5es possuem uma iniciativa pr\u00f3pria de interc\u00e2mbios, como a Universidade Estadual executa. Na apresenta\u00e7\u00e3o da Caravana CoRI, o secret\u00e1rio-executivo da Coordenadoria, Christiano Cordeiro, enfatizou que para o alunado, as oportunidades de interc\u00e2mbio \u00e9 um ganho imensur\u00e1vel, tanto no campo acad\u00eamico como cultural, profissional e pessoal. \u201cOs alunos t\u00eam muito essa vis\u00e3o de que  retornam n\u00e3o sendo a mesma pessoa, mas sim uma pessoa muito mais rica em termos de bagagem, de experi\u00eancia acad\u00eamica e de viv\u00eancia\u201d, disse. <\/p>\n<p>Yoseph Vaz, estudante do s\u00e9timo per\u00edodo de Direito do C\u00e2mpus de Guarabira, relatou sua experi\u00eancia de interc\u00e2mbio para os participantes. Ele foi contemplado com um semestre de estudos na Universidade de Coimbra, em Portugal, na \u00faltima edi\u00e7\u00e3o do Bolsa F\u00f3rmula Santander e menciona que deparou-se com uma civiliza\u00e7\u00e3o onde a cultura, a educa\u00e7\u00e3o e a presta\u00e7\u00e3o de servi\u00e7os s\u00e3o bastante valorizadas. <\/p>\n<p>Cursando o sexto per\u00edodo de Letras\/Ingl\u00eas tamb\u00e9m no C\u00e2mpus III, a estudante Maria Jos\u00e9 da Silva, foi selecionada para uma oportunidade de interc\u00e2mbio na Universidade de Coimbra, para onde seguir\u00e1 em breve. \u201c\u00c9 uma experi\u00eancia incr\u00edvel, muito enriquecedora e que eu pretendo abra\u00e7ar e aproveitar bastante. Escolhi Coimbra por ser uma das universidades mais antigas e tamb\u00e9m sempre foi meu sonho conhecer Portugal\u201d, frisou. <\/p>\n<p>Al\u00e9m de Guarabira, outros c\u00e2mpus receber\u00e3o a visita da Caravana CoRI, a exemplo de Araruna, no dia 2 de abril, no turno da tarde, e Campina Grande, no dia 4 do mesmo m\u00eas, nos turnos manh\u00e3 e noite. Posteriormente ser\u00e3o confirmadas as datas das visitas nos demais c\u00e2mpus da UEPB. Outras informa\u00e7\u00f5es sobre a CoRI e os programas oferecidos podem ser conferidas atrav\u00e9s das redes sociais Instagram (<strong><a rel=\"noreferrer noopener\" aria-label=\"https:\/\/www.instagram.com\/cori_uepb\/ (opens in a new tab)\" href=\"https:\/\/www.instagram.com\/cori_uepb\/\" >https:\/\/www.instagram.com\/cori_uepb\/<\/a><\/strong>), Facebook (<strong><a rel=\"noreferrer noopener\" aria-label=\"https:\/\/www.facebook.com\/cori.uepb (opens in a new tab)\" href=\"https:\/\/www.facebook.com\/cori.uepb\" >https:\/\/www.facebook.com\/cori.uepb<\/a><\/strong>), pelo e-mail <strong><em>coriuepb@gmail.com<\/em><\/strong>, no site <strong><a href=\"http:\/\/coordenadorias.uepb.edu.br\/cori\/\"  rel=\"noreferrer noopener\" aria-label=\"http:\/\/coordenadorias.uepb.edu.br\/cori\/ (opens in a new tab)\">http:\/\/coordenadorias.uepb.edu.br\/cori\/<\/a><\/strong> ou pelo telefone (83) 3315-3415.<\/p>\n<p><em><strong>Texto e fotos:<\/strong> Luiz Felipe Bolis (Estagi\u00e1rio)<\/em><\/p>\n<p>O post <a rel=\"nofollow\" href=\"http:\/\/www.uepb.edu.br\/caravana-cori-2019-inicia-apresentacao-das-acoes-de-internacionalizacao-da-universidade-estadual-da-paraiba\/\">Caravana CoRI 2019 inicia apresenta\u00e7\u00e3o das a\u00e7\u00f5es de internacionaliza\u00e7\u00e3o da Universidade Estadual da Para\u00edba<\/a> apareceu primeiro em <a rel=\"nofollow\" href=\"http:\/\/www.uepb.edu.br\/\">UEPB<\/a>.<\/p>\n","protected":false},"excerpt":{"rendered":"<p>Diante da miss&atilde;o de internacionalizar a Universidade Estadual da Para&iacute;ba (UEPB) por meio de acordos de coopera&ccedil;&atilde;o e da promo&ccedil;&atilde;o de interc&acirc;mbios para alunos, professores e t&eacute;cnicos administrativos, a Coordenadoria de Rela&ccedil;&otilde;es Internacionais (CoRI) deu in&iacute;cio &agrave; divulga&ccedil;&atilde;o de seus projetos e do calend&aacute;rio de atividades para o ano de 2019 nos c&acirc;mpus da Institui&ccedil;&atilde;o, <a href=\"http:\/\/www.uepb.edu.br\/caravana-cori-2019-inicia-apresentacao-das-acoes-de-internacionalizacao-da-universidade-estadual-da-paraiba\/\">Leia Mais&#8230;<\/a><\/p>\n<p>O post <a rel=\"nofollow\" href=\"http:\/\/www.uepb.edu.br\/caravana-cori-2019-inicia-apresentacao-das-acoes-de-internacionalizacao-da-universidade-estadual-da-paraiba\/\">Caravana CoRI 2019 inicia apresenta&ccedil;&atilde;o das a&ccedil;&otilde;es de internacionaliza&ccedil;&atilde;o da Universidade Estadual da Para&iacute;ba<\/a> apareceu primeiro em <a rel=\"nofollow\" href=\"http:\/\/www.uepb.edu.br\/\">UEPB<\/a>.<\/p>\n","protected":false},"author":25,"featured_media":0,"comment_status":"closed","ping_status":"closed","sticky":false,"template":"","format":"standard","meta":{"jetpack_post_was_ever_published":false,"_jetpack_newsletter_access":"","_jetpack_dont_email_post_to_subs":false,"_jetpack_newsletter_tier_id":0,"_jetpack_memberships_contains_paywalled_content":false,"_jetpack_memberships_contains_paid_content":false,"footnotes":""},"categories":[10,35,3],"tags":[],"class_list":["post-8289","post","type-post","status-publish","format-standard","hentry","category-ch","category-cori","category-noticias"],"jetpack_featured_media_url":"","jetpack_shortlink":"https:\/\/wp.me\/p4NR4N-29H","jetpack_sharing_enabled":true,"_links":{"self":[{"href":"https:\/\/centros.uepb.edu.br\/ch\/wp-json\/wp\/v2\/posts\/8289","targetHints":{"allow":["GET"]}}],"collection":[{"href":"https:\/\/centros.uepb.edu.br\/ch\/wp-json\/wp\/v2\/posts"}],"about":[{"href":"https:\/\/centros.uepb.edu.br\/ch\/wp-json\/wp\/v2\/types\/post"}],"author":[{"embeddable":true,"href":"https:\/\/centros.uepb.edu.br\/ch\/wp-json\/wp\/v2\/users\/25"}],"replies":[{"embeddable":true,"href":"https:\/\/centros.uepb.edu.br\/ch\/wp-json\/wp\/v2\/comments?post=8289"}],"version-history":[{"count":0,"href":"https:\/\/centros.uepb.edu.br\/ch\/wp-json\/wp\/v2\/posts\/8289\/revisions"}],"wp:attachment":[{"href":"https:\/\/centros.uepb.edu.br\/ch\/wp-json\/wp\/v2\/media?parent=8289"}],"wp:term":[{"taxonomy":"category","embeddable":true,"href":"https:\/\/centros.uepb.edu.br\/ch\/wp-json\/wp\/v2\/categories?post=8289"},{"taxonomy":"post_tag","embeddable":true,"href":"https:\/\/centros.uepb.edu.br\/ch\/wp-json\/wp\/v2\/tags?post=8289"}],"curies":[{"name":"wp","href":"https:\/\/api.w.org\/{rel}","templated":true}]}}