{"id":8287,"date":"2019-04-10T17:19:57","date_gmt":"2019-04-10T17:19:57","guid":{"rendered":"http:\/\/www.uepb.edu.br\/?p=47815"},"modified":"2019-08-08T15:08:56","modified_gmt":"2019-08-08T15:08:56","slug":"universidade-estadual-divulga-edital-para-especializacao-em-educacao-etnico-racial-na-educacao-infantil","status":"publish","type":"post","link":"https:\/\/centros.uepb.edu.br\/ch\/universidade-estadual-divulga-edital-para-especializacao-em-educacao-etnico-racial-na-educacao-infantil\/","title":{"rendered":"Universidade Estadual divulga edital para Especializa\u00e7\u00e3o em Educa\u00e7\u00e3o \u00c9tnico-racial na Educa\u00e7\u00e3o Infantil"},"content":{"rendered":"<p>Estar\u00e3o abertas, entre os dias 6 e 10 de maio, as inscri\u00e7\u00f5es para o curso de Especializa\u00e7\u00e3o em Educa\u00e7\u00e3o \u00c9tnico-racial na Educa\u00e7\u00e3o Infantil, oferecido pela Universidade Estadual da Para\u00edba (UEPB), atrav\u00e9s do Centro de Humanidades (CH) da Institui\u00e7\u00e3o. Os interessados devem comparecer a Secretaria do Departamento de Educa\u00e7\u00e3o do C\u00e2mpus III, em Guarabira, no hor\u00e1rio da 13h \u00e0s 17h, portando todos os documentos exigidos no edital para efetiva\u00e7\u00e3o da inscri\u00e7\u00e3o. Est\u00e3o sendo ofertadas 40 vagas para esta turma, sendo 30 para profissionais em servi\u00e7o na Educa\u00e7\u00e3o Infantil e no Ensino Fundamental I da Rede P\u00fablica, e 10 para graduados em licenciaturas.<\/p>\n<p>A Especializa\u00e7\u00e3o conta com uma carga de 360 horas, com aulas programadas para acontecer aos s\u00e1bados, das 8h \u00e0s 12h e das 13h30 \u00e0s 17h. O curso tem com objetivo fomentar a forma\u00e7\u00e3o continuada de educadores para o desenvolvimento de atividades voltadas \u00e0s especificidades \u00e9tnico-raciais na Educa\u00e7\u00e3o Infantil, em cumprimento \u00e0s refer\u00eancias curriculares para a Educa\u00e7\u00e3o Infantil, Diretrizes e Plano Nacional de Implementa\u00e7\u00e3o das Diretrizes Curriculares Nacionais para Educa\u00e7\u00e3o das Rela\u00e7\u00f5es \u00c9tnico-raciais e para o Ensino de Hist\u00f3ria e Cultura Afro-brasileira e Africana.<\/p>\n<p>A sele\u00e7\u00e3o contar\u00e1 com a aplica\u00e7\u00e3o de uma prova escrita, no dia 17 de maio, no Audit\u00f3rio do Centro de Humanidades, no C\u00e2mpus de Guarabira. O resultado final est\u00e1 programado para ser divulgado no dia 24 do mesmo m\u00eas. As matr\u00edculas ser\u00e3o feitas entre os dias 27 e 31 de maio, enquanto as aulas ter\u00e3o in\u00edcio no dia 1\u00ba de junho. Os candidatos aprovados devem ficar atentos ao edital no que diz respeito aos documentos exigidos para a realiza\u00e7\u00e3o da matr\u00edcula. Todas as informa\u00e7\u00f5es sobre a sele\u00e7\u00e3o est\u00e3o dispon\u00edveis <a href=\"http:\/\/www.uepb.edu.br\/download\/3_cursos_p%C3%93s-gradua%C3%87%C3%83o_-_sele%C3%87%C3%83o\/Especializacao-Etnico-Racial-na-Educacao-Infantil-Edital-com-Referencias-Bibliograficas.pdf\" target=\"_blank\" rel=\"noopener noreferrer\"><strong>AQUI<\/strong><\/a>.<\/p>\n<p><em><strong>Texto:<\/strong> Givaldo Cavalcanti<\/em><\/p>\n<p>O post <a href=\"http:\/\/www.uepb.edu.br\/universidade-estadual-divulga-edital-para-especializacao-em-educacao-etnico-racial-na-educacao-infantil\/\" rel=\"nofollow\">Universidade Estadual divulga edital para Especializa\u00e7\u00e3o em Educa\u00e7\u00e3o \u00c9tnico-racial na Educa\u00e7\u00e3o Infantil<\/a> apareceu primeiro em <a href=\"http:\/\/www.uepb.edu.br\/\" rel=\"nofollow\">UEPB<\/a>.<\/p>\n","protected":false},"excerpt":{"rendered":"<p>Estar&atilde;o abertas, entre os dias 6 e 10 de maio, as inscri&ccedil;&otilde;es para o curso de Especializa&ccedil;&atilde;o em Educa&ccedil;&atilde;o &Eacute;tnico-racial na Educa&ccedil;&atilde;o Infantil, oferecido pela Universidade Estadual da Para&iacute;ba (UEPB), atrav&eacute;s do Centro de Humanidades (CH) da Institui&ccedil;&atilde;o. Os interessados devem comparecer a Secretaria do Departamento de Educa&ccedil;&atilde;o do C&acirc;mpus III, em Guarabira, no hor&aacute;rio <a href=\"http:\/\/www.uepb.edu.br\/universidade-estadual-divulga-edital-para-especializacao-em-educacao-etnico-racial-na-educacao-infantil\/\">Leia Mais&#8230;<\/a><\/p>\n<p>O post <a rel=\"nofollow\" href=\"http:\/\/www.uepb.edu.br\/universidade-estadual-divulga-edital-para-especializacao-em-educacao-etnico-racial-na-educacao-infantil\/\">Universidade Estadual divulga edital para Especializa&ccedil;&atilde;o em Educa&ccedil;&atilde;o &Eacute;tnico-racial na Educa&ccedil;&atilde;o Infantil<\/a> apareceu primeiro em <a rel=\"nofollow\" href=\"http:\/\/www.uepb.edu.br\/\">UEPB<\/a>.<\/p>\n","protected":false},"author":25,"featured_media":0,"comment_status":"closed","ping_status":"closed","sticky":false,"template":"","format":"standard","meta":{"jetpack_post_was_ever_published":false,"_jetpack_newsletter_access":"","_jetpack_dont_email_post_to_subs":false,"_jetpack_newsletter_tier_id":0,"_jetpack_memberships_contains_paywalled_content":false,"_jetpack_memberships_contains_paid_content":false,"footnotes":""},"categories":[10,3,16],"tags":[],"class_list":["post-8287","post","type-post","status-publish","format-standard","hentry","category-ch","category-noticias","category-prpgp"],"jetpack_featured_media_url":"","jetpack_shortlink":"https:\/\/wp.me\/p4NR4N-29F","jetpack_sharing_enabled":true,"_links":{"self":[{"href":"https:\/\/centros.uepb.edu.br\/ch\/wp-json\/wp\/v2\/posts\/8287","targetHints":{"allow":["GET"]}}],"collection":[{"href":"https:\/\/centros.uepb.edu.br\/ch\/wp-json\/wp\/v2\/posts"}],"about":[{"href":"https:\/\/centros.uepb.edu.br\/ch\/wp-json\/wp\/v2\/types\/post"}],"author":[{"embeddable":true,"href":"https:\/\/centros.uepb.edu.br\/ch\/wp-json\/wp\/v2\/users\/25"}],"replies":[{"embeddable":true,"href":"https:\/\/centros.uepb.edu.br\/ch\/wp-json\/wp\/v2\/comments?post=8287"}],"version-history":[{"count":0,"href":"https:\/\/centros.uepb.edu.br\/ch\/wp-json\/wp\/v2\/posts\/8287\/revisions"}],"wp:attachment":[{"href":"https:\/\/centros.uepb.edu.br\/ch\/wp-json\/wp\/v2\/media?parent=8287"}],"wp:term":[{"taxonomy":"category","embeddable":true,"href":"https:\/\/centros.uepb.edu.br\/ch\/wp-json\/wp\/v2\/categories?post=8287"},{"taxonomy":"post_tag","embeddable":true,"href":"https:\/\/centros.uepb.edu.br\/ch\/wp-json\/wp\/v2\/tags?post=8287"}],"curies":[{"name":"wp","href":"https:\/\/api.w.org\/{rel}","templated":true}]}}