{"id":8267,"date":"2019-03-27T12:09:32","date_gmt":"2019-03-27T12:09:32","guid":{"rendered":"http:\/\/www.uepb.edu.br\/?p=47401"},"modified":"2019-04-08T18:50:17","modified_gmt":"2019-04-08T18:50:17","slug":"caravana-cori-2019-inicia-apresentacao-de-acoes-de-internacionalizacao-da-uepb-no-campus-iii","status":"publish","type":"post","link":"https:\/\/centros.uepb.edu.br\/ch\/caravana-cori-2019-inicia-apresentacao-de-acoes-de-internacionalizacao-da-uepb-no-campus-iii\/","title":{"rendered":"Caravana CoRI 2019 inicia apresenta\u00e7\u00e3o de a\u00e7\u00f5es de internacionaliza\u00e7\u00e3o da UEPB no C\u00e2mpus III"},"content":{"rendered":"<p>Como parte dos projetos de integra\u00e7\u00e3o com os alunos e democratiza\u00e7\u00e3o dos servi\u00e7os oferecidos, a Coordenadoria de Rela\u00e7\u00f5es Internacionais (CoRI) da Universidade Estadual da Para\u00edba (UEPB) dar\u00e1 in\u00edcio, no dia 1\u00ba de abril, \u00e0s atividades da Caravana CoRI 2019, com visitas a cada c\u00e2mpus da Institui\u00e7\u00e3o. A primeira parada ser\u00e1 no C\u00e2mpus de Guarabira, onde a Caravana divulgar\u00e1 o calend\u00e1rio de atividades da Coordenadoria para este ano, esclarecendo sobre as oportunidades de internacionaliza\u00e7\u00e3o, bolsas de mobilidade, cursos de idiomas e exames de certifica\u00e7\u00e3o ofertados.<\/p>\n<p>Estudantes egressos, que j\u00e1 participaram de interc\u00e2mbios, tamb\u00e9m participam da Caravana para que possam fornecer seus relatos, compartilhar experi\u00eancias e tirar d\u00favidas dos graduandos. A conversa serve para despertar o interesse dos estudantes e torn\u00e1-los mais sens\u00edveis e espertos para o exterior e apresentar todas as oportunidades, como os conv\u00eanios bilaterais, cursos de idiomas, exames de certifica\u00e7\u00e3o e os editais de mobilidade. Dentre as oportunidades, a CoRI est\u00e1 com o edital do Programa de Mobilidade Internacional (PROMIN) aberto, com total financiamento da Institui\u00e7\u00e3o, no qual h\u00e1 vagas espec\u00edficas para alunos do Centro de Humanidades (CH). As inscri\u00e7\u00f5es se encerram no dia 20 de abril.<\/p>\n<p>A Caravana CoRI seguir\u00e1 com seu cronograma de visitas no dia 2 de abril, no C\u00e2mpus de Araruna, no turno da tarde; e no C\u00e2mpus de Campina Grande, no dia 4, nos turnos manh\u00e3 e noite. As datas das visitas nos demais c\u00e2mpus da UEPB ser\u00e3o confirmadas posteriormente. Outras informa\u00e7\u00f5es sobre a CoRI e os programas oferecidos podem ser conferidas atrav\u00e9s das redes sociais Instagram <strong><a rel=\"noreferrer noopener\" aria-label=\"(https:\/\/www.instagram.com\/cori_uepb\/ (opens in a new tab)\">(https:\/\/www.instagram.com\/cori_uepb\/<\/a><\/strong>), Facebook (<strong><a href=\"https:\/\/www.facebook.com\/cori.uepb\" rel=\"noreferrer noopener\" aria-label=\"https:\/\/www.facebook.com\/cori.uepb (opens in a new tab)\">https:\/\/www.facebook.com\/cori.uepb<\/a><\/strong>), pelo e-mail <strong><em>coriuepb@gmail.com<\/em><\/strong>, no site <strong><a href=\"http:\/\/coordenadorias.uepb.edu.br\/cori\/\" rel=\"noreferrer noopener\" aria-label=\"http:\/\/coordenadorias.uepb.edu.br\/cori\/ (opens in a new tab)\">http:\/\/coordenadorias.uepb.edu.br\/cori\/<\/a><\/strong> ou pelo telefone (83) 3315-3415.<\/p>\n<p><a href=\"https:\/\/centros.uepb.edu.br\/ch\/files\/2019\/03\/Folder-Caravana-CoRI-2019-CH.jpg\"><img loading=\"lazy\" decoding=\"async\" class=\"aligncenter size-large wp-image-8269 img-responsive\" src=\"https:\/\/centros.uepb.edu.br\/ch\/files\/2019\/03\/Folder-Caravana-CoRI-2019-CH-1024x724.jpg\" alt=\"\" width=\"1024\" height=\"724\" srcset=\"https:\/\/centros.uepb.edu.br\/ch\/files\/2019\/03\/Folder-Caravana-CoRI-2019-CH-1024x724.jpg 1024w, https:\/\/centros.uepb.edu.br\/ch\/files\/2019\/03\/Folder-Caravana-CoRI-2019-CH-300x212.jpg 300w, https:\/\/centros.uepb.edu.br\/ch\/files\/2019\/03\/Folder-Caravana-CoRI-2019-CH-768x543.jpg 768w, https:\/\/centros.uepb.edu.br\/ch\/files\/2019\/03\/Folder-Caravana-CoRI-2019-CH-370x262.jpg 370w, https:\/\/centros.uepb.edu.br\/ch\/files\/2019\/03\/Folder-Caravana-CoRI-2019-CH-840x594.jpg 840w\" sizes=\"auto, (max-width: 1024px) 100vw, 1024px\" \/><\/a><\/p>\n","protected":false},"excerpt":{"rendered":"<p>Como parte dos projetos de integra&ccedil;&atilde;o com os alunos e democratiza&ccedil;&atilde;o dos servi&ccedil;os oferecidos, a Coordenadoria de Rela&ccedil;&otilde;es Internacionais (CoRI) da Universidade Estadual da Para&iacute;ba (UEPB) dar&aacute; in&iacute;cio, no dia 1&ordm; de abril, &agrave;s atividades da Caravana CoRI 2019, com visitas a cada c&acirc;mpus da Institui&ccedil;&atilde;o. A primeira parada ser&aacute; no C&acirc;mpus de Guarabira, onde <a href=\"http:\/\/www.uepb.edu.br\/caravana-cori-2019-inicia-apresentacao-de-acoes-de-internacionalizacao-da-uepb-a-partir-de-1o-de-abril\/\">Leia Mais&#8230;<\/a><\/p>\n<p>O post <a rel=\"nofollow\" href=\"http:\/\/www.uepb.edu.br\/caravana-cori-2019-inicia-apresentacao-de-acoes-de-internacionalizacao-da-uepb-a-partir-de-1o-de-abril\/\">Caravana CoRI 2019 inicia apresenta&ccedil;&atilde;o de a&ccedil;&otilde;es de internacionaliza&ccedil;&atilde;o da UEPB a partir de 1&ordm; de abril<\/a> apareceu primeiro em <a rel=\"nofollow\" href=\"http:\/\/www.uepb.edu.br\/\">UEPB<\/a>.<\/p>\n","protected":false},"author":25,"featured_media":8270,"comment_status":"closed","ping_status":"closed","sticky":false,"template":"","format":"standard","meta":{"jetpack_post_was_ever_published":false,"_jetpack_newsletter_access":"","_jetpack_dont_email_post_to_subs":false,"_jetpack_newsletter_tier_id":0,"_jetpack_memberships_contains_paywalled_content":false,"_jetpack_memberships_contains_paid_content":false,"footnotes":""},"categories":[10,35,3],"tags":[],"class_list":["post-8267","post","type-post","status-publish","format-standard","has-post-thumbnail","hentry","category-ch","category-cori","category-noticias"],"jetpack_featured_media_url":"https:\/\/centros.uepb.edu.br\/ch\/files\/2019\/03\/Caravana-CoRI-2019.jpg","jetpack_shortlink":"https:\/\/wp.me\/p4NR4N-29l","jetpack_sharing_enabled":true,"_links":{"self":[{"href":"https:\/\/centros.uepb.edu.br\/ch\/wp-json\/wp\/v2\/posts\/8267","targetHints":{"allow":["GET"]}}],"collection":[{"href":"https:\/\/centros.uepb.edu.br\/ch\/wp-json\/wp\/v2\/posts"}],"about":[{"href":"https:\/\/centros.uepb.edu.br\/ch\/wp-json\/wp\/v2\/types\/post"}],"author":[{"embeddable":true,"href":"https:\/\/centros.uepb.edu.br\/ch\/wp-json\/wp\/v2\/users\/25"}],"replies":[{"embeddable":true,"href":"https:\/\/centros.uepb.edu.br\/ch\/wp-json\/wp\/v2\/comments?post=8267"}],"version-history":[{"count":0,"href":"https:\/\/centros.uepb.edu.br\/ch\/wp-json\/wp\/v2\/posts\/8267\/revisions"}],"wp:featuredmedia":[{"embeddable":true,"href":"https:\/\/centros.uepb.edu.br\/ch\/wp-json\/wp\/v2\/media\/8270"}],"wp:attachment":[{"href":"https:\/\/centros.uepb.edu.br\/ch\/wp-json\/wp\/v2\/media?parent=8267"}],"wp:term":[{"taxonomy":"category","embeddable":true,"href":"https:\/\/centros.uepb.edu.br\/ch\/wp-json\/wp\/v2\/categories?post=8267"},{"taxonomy":"post_tag","embeddable":true,"href":"https:\/\/centros.uepb.edu.br\/ch\/wp-json\/wp\/v2\/tags?post=8267"}],"curies":[{"name":"wp","href":"https:\/\/api.w.org\/{rel}","templated":true}]}}