{"id":8264,"date":"2019-03-18T13:25:58","date_gmt":"2019-03-18T13:25:58","guid":{"rendered":"http:\/\/www.uepb.edu.br\/?p=47175"},"modified":"2019-08-08T15:10:09","modified_gmt":"2019-08-08T15:10:09","slug":"aberta-selecao-de-estudantes-para-atuacao-no-projeto-de-extensao-praticas-no-laboratorio-de-geologia","status":"publish","type":"post","link":"https:\/\/centros.uepb.edu.br\/ch\/aberta-selecao-de-estudantes-para-atuacao-no-projeto-de-extensao-praticas-no-laboratorio-de-geologia\/","title":{"rendered":"Aberta sele\u00e7\u00e3o de estudantes para atua\u00e7\u00e3o no projeto de extens\u00e3o \u201cPr\u00e1ticas no Laborat\u00f3rio de Geologia\u201d"},"content":{"rendered":"<p>O projeto de extens\u00e3o \u201cPr\u00e1ticas no Laborat\u00f3rio de Geologia: Rochas e Minerais da Para\u00edba\u201d, desenvolvido no Centro de Humanidades (CH) da Universidade Estadual da Para\u00edba (UEPB), publicou edital para sele\u00e7\u00e3o de estudantes da turma pioneira. No total, est\u00e3o sendo oferecidas 40 vagas que ser\u00e3o preenchidas respeitando a ordem de chegada dos candidatos. As inscri\u00e7\u00f5es acontecem nos dias 28 e 29 de mar\u00e7o e para efetivar a inscri\u00e7\u00e3o o interessado deve procurar a Secretaria da Coordena\u00e7\u00e3o do Curso de Geografia, no Centro de Humanidades, e apresentar c\u00f3pia atualizada do comprovante de matr\u00edcula (RDM) e Termo de compromisso preenchido e assinado. Os profissionais e alunos egressos devem entregar c\u00f3pia do documento de identifica\u00e7\u00e3o (RG) e o Termo de compromisso preenchido e assinado.<\/p>\n<p>Ter\u00e1 direito ao certificado expedido pela Pr\u00f3-Reitoria de Extens\u00e3o (PROEX) o aluno que obtiver pelo menos 75% de frequ\u00eancia aos m\u00f3dulos do projeto, al\u00e9m de comparecer no trabalho de campo. O resultado final da sele\u00e7\u00e3o ser\u00e1 divulgado no dia 2 de abril, no mural da coordena\u00e7\u00e3o do Curso de Geografia. O projeto contempla 10 m\u00f3dulos de duas horas cada (carga hor\u00e1ria te\u00f3rica). Os m\u00f3dulos estar\u00e3o divididos em 20 horas presenciais e 10 horas de atividades extraclasse (leitura do material indicado pelos professores respons\u00e1veis pelas atividades), al\u00e9m de 10 horas no trabalho t\u00e9cnico de campo, totalizando uma carga hor\u00e1ria de 40 horas\/aula. A atividade de campo que culima com o t\u00e9rmino do curso, acontece em dezembro e consiste em uma viagem para o Litoral Sul do Rio Grande do Norte e a cidade de Natal. <\/p>\n<p>Os m\u00f3dulos presenciais acontecer\u00e3o entre os meses de abril e novembro, de segunda a sexta, das 16h30 \u00e0s 18h30, de acordo com a disponibilidade de cada docente respons\u00e1vel por ministrar seu m\u00f3dulo. O projeto visa difundir conhecimento sobre as principais rochas e minerais que comp\u00f5em a crosta terrestre na forma\u00e7\u00e3o dos professores de Geografia. Essas informa\u00e7\u00f5es somam-se aos saberes dos extensionistas, ampliando-lhes a consci\u00eancia de que fazemos parte do grande esquema planet\u00e1rio e participamos de sua evolu\u00e7\u00e3o. De import\u00e2ncia b\u00e1sica de suporte \u00e0 biosfera, as rochas e os minerais contam a hist\u00f3ria das diferentes paisagens terrestres.<\/p>\n<p>Em sua primeira edi\u00e7\u00e3o, o projeto extensionista objetiva apresentar os conhecimentos centrais das unidades formadoras e os constituintes essenciais das rochas no \u00e2mbito da Ci\u00eancia da Terra, ressaltando a sua rela\u00e7\u00e3o interdisciplinar com a Geografia e fornecendo subs\u00eddios te\u00f3ricos para uma melhor forma\u00e7\u00e3o profissional voltada para o fortalecimento do ensino e a pr\u00e1xis pedag\u00f3gica. O projeto conta com a colabora\u00e7\u00e3o de parte do corpo de professores do Departamento de Geografia do Centro de Humanidades da UEPB, bem como de outras institui\u00e7\u00f5es p\u00fablicas do Estado.<\/p>\n<p>Confira o edital completo da sele\u00e7\u00e3o clicando <strong><a href=\"http:\/\/www.uepb.edu.br\/download\/1_2\/outros_editais\/Projeto-de-extensao-Praticas-no-Laboratorio-de-Geologia-Edital-de-Selecao.pdf\" rel=\"noreferrer noopener\" aria-label=\"AQUI (opens in a new tab)\">AQUI<\/a><\/strong>.<\/p>\n<p><em><strong>Texto:<\/strong> Severino Lopes<\/em><\/p>\n<p>O post <a rel=\"nofollow\" href=\"http:\/\/www.uepb.edu.br\/aberta-selecao-de-estudantes-para-atuacao-no-projeto-de-extensao-praticas-no-laboratorio-de-geologia\/\">Aberta sele\u00e7\u00e3o de estudantes para atua\u00e7\u00e3o no projeto de extens\u00e3o \u201cPr\u00e1ticas no Laborat\u00f3rio de Geologia&#8221;<\/a> apareceu primeiro em <a rel=\"nofollow\" href=\"http:\/\/www.uepb.edu.br\/\">UEPB<\/a>.<\/p>\n","protected":false},"excerpt":{"rendered":"<p>O projeto de extens&atilde;o &ldquo;Pr&aacute;ticas no Laborat&oacute;rio de Geologia: Rochas e Minerais da Para&iacute;ba&rdquo;, desenvolvido no Centro de Humanidades (CH) da Universidade Estadual da Para&iacute;ba (UEPB), publicou edital para sele&ccedil;&atilde;o de estudantes da turma pioneira. No total, est&atilde;o sendo oferecidas 40 vagas que ser&atilde;o preenchidas respeitando a ordem de chegada dos candidatos. As inscri&ccedil;&otilde;es acontecem <a href=\"http:\/\/www.uepb.edu.br\/aberta-selecao-de-estudantes-para-atuacao-no-projeto-de-extensao-praticas-no-laboratorio-de-geologia\/\">Leia Mais&#8230;<\/a><\/p>\n<p>O post <a rel=\"nofollow\" href=\"http:\/\/www.uepb.edu.br\/aberta-selecao-de-estudantes-para-atuacao-no-projeto-de-extensao-praticas-no-laboratorio-de-geologia\/\">Aberta sele&ccedil;&atilde;o de estudantes para atua&ccedil;&atilde;o no projeto de extens&atilde;o &ldquo;Pr&aacute;ticas no Laborat&oacute;rio de Geologia&rdquo;<\/a> apareceu primeiro em <a rel=\"nofollow\" href=\"http:\/\/www.uepb.edu.br\/\">UEPB<\/a>.<\/p>\n","protected":false},"author":25,"featured_media":0,"comment_status":"closed","ping_status":"closed","sticky":false,"template":"","format":"standard","meta":{"jetpack_post_was_ever_published":false,"_jetpack_newsletter_access":"","_jetpack_dont_email_post_to_subs":false,"_jetpack_newsletter_tier_id":0,"_jetpack_memberships_contains_paywalled_content":false,"_jetpack_memberships_contains_paid_content":false,"footnotes":""},"categories":[10,3,17],"tags":[],"class_list":["post-8264","post","type-post","status-publish","format-standard","hentry","category-ch","category-noticias","category-proex"],"jetpack_featured_media_url":"","jetpack_shortlink":"https:\/\/wp.me\/p4NR4N-29i","jetpack_sharing_enabled":true,"_links":{"self":[{"href":"https:\/\/centros.uepb.edu.br\/ch\/wp-json\/wp\/v2\/posts\/8264","targetHints":{"allow":["GET"]}}],"collection":[{"href":"https:\/\/centros.uepb.edu.br\/ch\/wp-json\/wp\/v2\/posts"}],"about":[{"href":"https:\/\/centros.uepb.edu.br\/ch\/wp-json\/wp\/v2\/types\/post"}],"author":[{"embeddable":true,"href":"https:\/\/centros.uepb.edu.br\/ch\/wp-json\/wp\/v2\/users\/25"}],"replies":[{"embeddable":true,"href":"https:\/\/centros.uepb.edu.br\/ch\/wp-json\/wp\/v2\/comments?post=8264"}],"version-history":[{"count":0,"href":"https:\/\/centros.uepb.edu.br\/ch\/wp-json\/wp\/v2\/posts\/8264\/revisions"}],"wp:attachment":[{"href":"https:\/\/centros.uepb.edu.br\/ch\/wp-json\/wp\/v2\/media?parent=8264"}],"wp:term":[{"taxonomy":"category","embeddable":true,"href":"https:\/\/centros.uepb.edu.br\/ch\/wp-json\/wp\/v2\/categories?post=8264"},{"taxonomy":"post_tag","embeddable":true,"href":"https:\/\/centros.uepb.edu.br\/ch\/wp-json\/wp\/v2\/tags?post=8264"}],"curies":[{"name":"wp","href":"https:\/\/api.w.org\/{rel}","templated":true}]}}