{"id":8201,"date":"2017-08-02T14:31:49","date_gmt":"2017-08-02T14:31:49","guid":{"rendered":"http:\/\/www.uepb.edu.br\/?p=34274"},"modified":"2017-08-02T14:31:49","modified_gmt":"2017-08-02T14:31:49","slug":"livro-sobre-crise-dos-poderes-da-republica-sera-lancado-por-professor-da-uepb-no-supremo-tribunal-federal","status":"publish","type":"post","link":"https:\/\/centros.uepb.edu.br\/ch\/livro-sobre-crise-dos-poderes-da-republica-sera-lancado-por-professor-da-uepb-no-supremo-tribunal-federal\/","title":{"rendered":"Livro sobre crise dos poderes da Rep\u00fablica ser\u00e1 lan\u00e7ado por professor da UEPB no Supremo Tribunal Federal"},"content":{"rendered":"<p><img loading=\"lazy\" decoding=\"async\" data-attachment-id=\"34275\" data-permalink=\"http:\/\/www.uepb.edu.br\/livro-sobre-crise-dos-poderes-da-republica-sera-lancado-por-professor-da-uepb-no-supremo-tribunal-federal\/livro-agassiz\/\" data-orig-file=\"https:\/\/i1.wp.com\/www.uepb.edu.br\/wp-content\/uploads\/2017\/08\/livro-agassiz.jpg?fit=381%2C499\" data-orig-size=\"381,499\" data-comments-opened=\"1\" data-image-meta=\"{&quot;aperture&quot;:&quot;0&quot;,&quot;credit&quot;:&quot;&quot;,&quot;camera&quot;:&quot;&quot;,&quot;caption&quot;:&quot;&quot;,&quot;created_timestamp&quot;:&quot;0&quot;,&quot;copyright&quot;:&quot;&quot;,&quot;focal_length&quot;:&quot;0&quot;,&quot;iso&quot;:&quot;0&quot;,&quot;shutter_speed&quot;:&quot;0&quot;,&quot;title&quot;:&quot;&quot;,&quot;orientation&quot;:&quot;1&quot;}\" data-image-title=\"livro agassiz\" data-image-description=\"\" data-medium-file=\"https:\/\/i1.wp.com\/www.uepb.edu.br\/wp-content\/uploads\/2017\/08\/livro-agassiz.jpg?fit=229%2C300\" data-large-file=\"https:\/\/i1.wp.com\/www.uepb.edu.br\/wp-content\/uploads\/2017\/08\/livro-agassiz.jpg?fit=381%2C499\" class=\"alignleft wp-image-34275 size-medium img-responsive img-responsive\" src=\"https:\/\/i1.wp.com\/www.uepb.edu.br\/wp-content\/uploads\/2017\/08\/livro-agassiz.jpg?resize=229%2C300\" alt=\"\" width=\"229\" height=\"300\" srcset=\"https:\/\/i1.wp.com\/www.uepb.edu.br\/wp-content\/uploads\/2017\/08\/livro-agassiz.jpg?resize=229%2C300 229w, https:\/\/i1.wp.com\/www.uepb.edu.br\/wp-content\/uploads\/2017\/08\/livro-agassiz.jpg?resize=370%2C485 370w, https:\/\/i1.wp.com\/www.uepb.edu.br\/wp-content\/uploads\/2017\/08\/livro-agassiz.jpg?w=381 381w\" sizes=\"auto, (max-width: 229px) 100vw, 229px\" data-recalc-dims=\"1\" \/>O professor Agassiz Almeida Filho, lotado no Centro de Humanidades (CH) da Universidade Estadual da Para\u00edba (UEPB), lan\u00e7ar\u00e1 no pr\u00f3ximo dia 9 de agosto, \u00e0s 18h, no \u00e1trio do Supremo Tribunal Federal (STF), em Bras\u00edlia (DF), o livro \u201cCrise dos Poderes da Rep\u00fablica\u201d do qual \u00e9 coautor juntamente com diversos outros nomes do Direito brasileiro. A obra foi organizada pelos professores George Salom\u00e3o Leite, Lenio Streck e Nelson Nery Jr.<\/p>\n<p>De acordo com Streck, os autores \u201cenfrentam temas urgentes, como efici\u00eancia judicial, ativismo, precedentes, etc. O livro olha para o passado e tenta apostar no futuro\u201d. Al\u00e9m disso, \u201cdescreve de forma cr\u00edtica e minuciosa as atribui\u00e7\u00f5es dos poderes p\u00fablicos e seu efetivo funcionamento na realidade pol\u00edtico-jur\u00eddica brasileira\u201d, conforme destaca George Salom\u00e3o.<\/p>\n<p>A obra, que conta com a participa\u00e7\u00e3o de outros autores paraibanos, a exemplo de Bradson Camelo, Glauco Salom\u00e3o Leite, Luciano Mariz Maia e Walber de Moura Agra, \u00e9 uma oportuna contribui\u00e7\u00e3o para se pensar os mais graves problemas do Estado Democr\u00e1tico de Direito. No cen\u00e1rio de instabilidade institucional que abala o pa\u00eds, a posi\u00e7\u00e3o de juristas, cientistas pol\u00edticos e intelectuais comprometidos com o regime democr\u00e1tico \u00e9 uma forma de tentar produzir consenso.<\/p>\n<p>Segundo Agassiz, \u201cn\u00e3o h\u00e1 democracia sem toler\u00e2ncia, consenso e compromisso com a Constitui\u00e7\u00e3o. Por isso, o lan\u00e7amento de a \u2018Crise dos Poderes da Rep\u00fablica\u2019, realizada simbolicamente no \u00e1trio do STF, \u00e9 um acontecimento cujo relevo excede o mundo do Direito e interessa a todos aqueles que se preocupam com os problemas da democracia brasileira\u201d.<\/p>\n<p>O post <a rel=\"nofollow\" href=\"http:\/\/www.uepb.edu.br\/livro-sobre-crise-dos-poderes-da-republica-sera-lancado-por-professor-da-uepb-no-supremo-tribunal-federal\/\">Livro sobre crise dos poderes da Rep\u00fablica ser\u00e1 lan\u00e7ado por professor da UEPB no Supremo Tribunal Federal<\/a> apareceu primeiro em <a rel=\"nofollow\" href=\"http:\/\/www.uepb.edu.br\/\">UEPB<\/a>.<\/p>\n","protected":false},"excerpt":{"rendered":"<p>O professor Agassiz Almeida Filho, lotado no Centro de Humanidades (CH) da Universidade Estadual da Para&iacute;ba (UEPB), lan&ccedil;ar&aacute; no pr&oacute;ximo dia 9 de agosto, &agrave;s 18h, no &aacute;trio do Supremo Tribunal Federal (STF), em Bras&iacute;lia (DF), o livro &ldquo;Crise dos Poderes da Rep&uacute;blica&rdquo; do qual &eacute; coautor juntamente com diversos outros nomes do Direito brasileiro. <a href=\"http:\/\/www.uepb.edu.br\/livro-sobre-crise-dos-poderes-da-republica-sera-lancado-por-professor-da-uepb-no-supremo-tribunal-federal\/\">Leia Mais&#8230;<\/a><\/p>\n<p>O post <a rel=\"nofollow\" href=\"http:\/\/www.uepb.edu.br\/livro-sobre-crise-dos-poderes-da-republica-sera-lancado-por-professor-da-uepb-no-supremo-tribunal-federal\/\">Livro sobre crise dos poderes da Rep&uacute;blica ser&aacute; lan&ccedil;ado por professor da UEPB no Supremo Tribunal Federal<\/a> apareceu primeiro em <a rel=\"nofollow\" href=\"http:\/\/www.uepb.edu.br\/\">UEPB<\/a>.<\/p>\n","protected":false},"author":25,"featured_media":0,"comment_status":"closed","ping_status":"closed","sticky":false,"template":"","format":"standard","meta":{"jetpack_post_was_ever_published":false,"_jetpack_newsletter_access":"","_jetpack_dont_email_post_to_subs":false,"_jetpack_newsletter_tier_id":0,"_jetpack_memberships_contains_paywalled_content":false,"_jetpack_memberships_contains_paid_content":false,"footnotes":""},"categories":[27,10,3],"tags":[],"class_list":["post-8201","post","type-post","status-publish","format-standard","hentry","category-ccj","category-ch","category-noticias"],"jetpack_featured_media_url":"","jetpack_shortlink":"https:\/\/wp.me\/p4NR4N-28h","jetpack_sharing_enabled":true,"_links":{"self":[{"href":"https:\/\/centros.uepb.edu.br\/ch\/wp-json\/wp\/v2\/posts\/8201","targetHints":{"allow":["GET"]}}],"collection":[{"href":"https:\/\/centros.uepb.edu.br\/ch\/wp-json\/wp\/v2\/posts"}],"about":[{"href":"https:\/\/centros.uepb.edu.br\/ch\/wp-json\/wp\/v2\/types\/post"}],"author":[{"embeddable":true,"href":"https:\/\/centros.uepb.edu.br\/ch\/wp-json\/wp\/v2\/users\/25"}],"replies":[{"embeddable":true,"href":"https:\/\/centros.uepb.edu.br\/ch\/wp-json\/wp\/v2\/comments?post=8201"}],"version-history":[{"count":0,"href":"https:\/\/centros.uepb.edu.br\/ch\/wp-json\/wp\/v2\/posts\/8201\/revisions"}],"wp:attachment":[{"href":"https:\/\/centros.uepb.edu.br\/ch\/wp-json\/wp\/v2\/media?parent=8201"}],"wp:term":[{"taxonomy":"category","embeddable":true,"href":"https:\/\/centros.uepb.edu.br\/ch\/wp-json\/wp\/v2\/categories?post=8201"},{"taxonomy":"post_tag","embeddable":true,"href":"https:\/\/centros.uepb.edu.br\/ch\/wp-json\/wp\/v2\/tags?post=8201"}],"curies":[{"name":"wp","href":"https:\/\/api.w.org\/{rel}","templated":true}]}}