{"id":8179,"date":"2018-03-23T19:10:40","date_gmt":"2018-03-23T19:10:40","guid":{"rendered":"http:\/\/www.uepb.edu.br\/?p=39299"},"modified":"2018-03-23T19:10:40","modified_gmt":"2018-03-23T19:10:40","slug":"prpgp-lanca-edital-para-selecao-de-nova-turma-da-especializacao-em-geografia-e-territorio","status":"publish","type":"post","link":"https:\/\/centros.uepb.edu.br\/ch\/prpgp-lanca-edital-para-selecao-de-nova-turma-da-especializacao-em-geografia-e-territorio\/","title":{"rendered":"PRPGP lan\u00e7a edital para sele\u00e7\u00e3o de nova turma da Especializa\u00e7\u00e3o em Geografia e Territ\u00f3rio"},"content":{"rendered":"<p>O Departamento de Geografia do C\u00e2mpus III da Universidade Estadual da Para\u00edba (UEPB), situado em Guarabira, juntamente com a Pr\u00f3-Reitora de P\u00f3s-Gradua\u00e7\u00e3o e Pesquisa (PRPGP) e a Coordena\u00e7\u00e3o Geral dos Cursos de Especializa\u00e7\u00e3o, divulgou o edital de sele\u00e7\u00e3o para a forma\u00e7\u00e3o da quarta turma do Curso de Especializa\u00e7\u00e3o em Geografia e Territ\u00f3rio: Planejamento urbano, rural e ambiental, per\u00edodo 2018\/2019.<\/p>\n<p>Coordenado pelos professores Belarmino Mariano Neto e Luciene Vieira de Arruda, o programa tem como objetivo geral qualificar e capacitar professores, bem como outros profissionais interessados, para atuarem sob a perspectiva do desenvolvimento sustent\u00e1vel do territ\u00f3rio local. Com a oferta de 30 vagas, o referido curso tem como p\u00fablico-alvo graduados em Geografia ou nas demais \u00e1reas das Ci\u00eancias Humanas.<\/p>\n<p>As inscri\u00e7\u00f5es ser\u00e3o efetuadas no per\u00edodo de 18 a 24 de abril, na secretaria da Coordena\u00e7\u00e3o do curso de Geografia do C\u00e2mpus III, das 14h \u00e0s 17h e das 19h \u00e0s 21h30. O candidato precisa apresentar ficha de inscri\u00e7\u00e3o devidamente preenchida, acompanhada dos originais e xerox do diploma ou certificado de conclus\u00e3o de curso, do hist\u00f3rico acad\u00eamico, da identidade e do CPF. Ainda dever\u00e1 entregar o Curr\u00edculo Lattes (com comprova\u00e7\u00e3o das publica\u00e7\u00f5es e atividades), al\u00e9m de tr\u00eas c\u00f3pias do projeto de pesquisa que pretende desenvolver.<\/p>\n<p>O processo seletivo \u00e9 composto por prova escrita, entrevista, curr\u00edculo e an\u00e1lise de projeto. O curso ter\u00e1 carga hor\u00e1ria de 390 horas\/aula, inclu\u00eddo a\u00e7\u00f5es pr\u00e1ticas. As aulas ser\u00e3o ministradas aos s\u00e1bados, das 8h \u00e0s 12h e das 13h \u00e0s 17h, com o in\u00edcio marcado para o dia 19 de maio. Todos os esclarecimentos e normas da sele\u00e7\u00e3o encontram-se no edital. Outras informa\u00e7\u00f5es poder\u00e3o ser adquiridas por meio do telefone (83) 3271-4080 ou pelo endere\u00e7o eletr\u00f4nico <a href=\"http:\/\/www.uepb.edu.br\/prpgp-lanca-edital-para-selecao-de-nova-turma-da-especializacao-em-geografia-e-territorio\/dgeoch@hotmail.com\"  rel=\"noopener\">dgeoch@hotmail.com<\/a>.<\/p>\n<p>Confira o edital completo clicando <a href=\"http:\/\/www.uepb.edu.br\/download\/3_cursos_p%C3%93s-gradua%C3%87%C3%83o_-_sele%C3%87%C3%83o\/Especializacao-em-Geografia-e-Territorio-Campus-III-Edital.pdf\" >AQUI<\/a>.<\/p>\n<p>&nbsp;<\/p>\n<p><em><strong>Texto:<\/strong> Simone Bezerrill<\/em><\/p>\n<p>O post <a rel=\"nofollow\" href=\"http:\/\/www.uepb.edu.br\/prpgp-lanca-edital-para-selecao-de-nova-turma-da-especializacao-em-geografia-e-territorio\/\">PRPGP lan\u00e7a edital para sele\u00e7\u00e3o de nova turma da Especializa\u00e7\u00e3o em Geografia e Territ\u00f3rio<\/a> apareceu primeiro em <a rel=\"nofollow\" href=\"http:\/\/www.uepb.edu.br\/\">UEPB<\/a>.<\/p>\n","protected":false},"excerpt":{"rendered":"<p>O Departamento de Geografia do C&acirc;mpus III da Universidade Estadual da Para&iacute;ba (UEPB), situado em Guarabira, juntamente com a Pr&oacute;-Reitora de P&oacute;s-Gradua&ccedil;&atilde;o e Pesquisa (PRPGP) e a Coordena&ccedil;&atilde;o Geral dos Cursos de Especializa&ccedil;&atilde;o, divulgou o edital de sele&ccedil;&atilde;o para a forma&ccedil;&atilde;o da quarta turma do Curso de Especializa&ccedil;&atilde;o em Geografia e Territ&oacute;rio: Planejamento urbano, rural <a href=\"http:\/\/www.uepb.edu.br\/prpgp-lanca-edital-para-selecao-de-nova-turma-da-especializacao-em-geografia-e-territorio\/\">Leia Mais&#8230;<\/a><\/p>\n<p>O post <a rel=\"nofollow\" href=\"http:\/\/www.uepb.edu.br\/prpgp-lanca-edital-para-selecao-de-nova-turma-da-especializacao-em-geografia-e-territorio\/\">PRPGP lan&ccedil;a edital para sele&ccedil;&atilde;o de nova turma da Especializa&ccedil;&atilde;o em Geografia e Territ&oacute;rio<\/a> apareceu primeiro em <a rel=\"nofollow\" href=\"http:\/\/www.uepb.edu.br\/\">UEPB<\/a>.<\/p>\n","protected":false},"author":25,"featured_media":0,"comment_status":"closed","ping_status":"closed","sticky":false,"template":"","format":"standard","meta":{"jetpack_post_was_ever_published":false,"_jetpack_newsletter_access":"","_jetpack_dont_email_post_to_subs":false,"_jetpack_newsletter_tier_id":0,"_jetpack_memberships_contains_paywalled_content":false,"_jetpack_memberships_contains_paid_content":false,"footnotes":""},"categories":[10,3,11,16],"tags":[],"class_list":["post-8179","post","type-post","status-publish","format-standard","hentry","category-ch","category-noticias","category-noticias-alunos","category-prpgp"],"jetpack_featured_media_url":"","jetpack_shortlink":"https:\/\/wp.me\/p4NR4N-27V","jetpack_sharing_enabled":true,"_links":{"self":[{"href":"https:\/\/centros.uepb.edu.br\/ch\/wp-json\/wp\/v2\/posts\/8179","targetHints":{"allow":["GET"]}}],"collection":[{"href":"https:\/\/centros.uepb.edu.br\/ch\/wp-json\/wp\/v2\/posts"}],"about":[{"href":"https:\/\/centros.uepb.edu.br\/ch\/wp-json\/wp\/v2\/types\/post"}],"author":[{"embeddable":true,"href":"https:\/\/centros.uepb.edu.br\/ch\/wp-json\/wp\/v2\/users\/25"}],"replies":[{"embeddable":true,"href":"https:\/\/centros.uepb.edu.br\/ch\/wp-json\/wp\/v2\/comments?post=8179"}],"version-history":[{"count":0,"href":"https:\/\/centros.uepb.edu.br\/ch\/wp-json\/wp\/v2\/posts\/8179\/revisions"}],"wp:attachment":[{"href":"https:\/\/centros.uepb.edu.br\/ch\/wp-json\/wp\/v2\/media?parent=8179"}],"wp:term":[{"taxonomy":"category","embeddable":true,"href":"https:\/\/centros.uepb.edu.br\/ch\/wp-json\/wp\/v2\/categories?post=8179"},{"taxonomy":"post_tag","embeddable":true,"href":"https:\/\/centros.uepb.edu.br\/ch\/wp-json\/wp\/v2\/tags?post=8179"}],"curies":[{"name":"wp","href":"https:\/\/api.w.org\/{rel}","templated":true}]}}