{"id":8173,"date":"2018-04-10T10:32:34","date_gmt":"2018-04-10T10:32:34","guid":{"rendered":"http:\/\/www.uepb.edu.br\/?p=39360"},"modified":"2018-04-10T10:32:34","modified_gmt":"2018-04-10T10:32:34","slug":"prorrogadas-inscricoes-para-primeira-turma-do-curso-de-especializacao-em-educacao-e-politicas-publicas","status":"publish","type":"post","link":"https:\/\/centros.uepb.edu.br\/ch\/prorrogadas-inscricoes-para-primeira-turma-do-curso-de-especializacao-em-educacao-e-politicas-publicas\/","title":{"rendered":"Prorrogadas inscri\u00e7\u00f5es para primeira turma do curso de Especializa\u00e7\u00e3o em Educa\u00e7\u00e3o e Pol\u00edticas P\u00fablicas"},"content":{"rendered":"<p>A Coordena\u00e7\u00e3o do Curso de Especializa\u00e7\u00e3o em Educa\u00e7\u00e3o e Pol\u00edticas P\u00fablicas do Departamento de Educa\u00e7\u00e3o do Centro de Humanidades (CH), C\u00e2mpus III da Universidade Estadual da Para\u00edba (UEPB), em Guarabira, prorrogou at\u00e9 a pr\u00f3xima sexta-feira (13) o prazo para inscri\u00e7\u00f5es no processo seletivo para forma\u00e7\u00e3o da primeira turma do referido programa. O curso ser\u00e1 realizado na modalidade regular presencial e ter\u00e1 360 horas\/aula, mais 120 horas para elabora\u00e7\u00e3o e defesa de monografia. Podem participar da sele\u00e7\u00e3o pedagogos e demais licenciados, psic\u00f3logos, assistentes sociais e demais profissionais graduados, preferencialmente que atuem na \u00e1rea da Educa\u00e7\u00e3o.<\/p>\n<p>As inscri\u00e7\u00f5es est\u00e3o sendo feitas no Departamento de Educa\u00e7\u00e3o do Centro de Humanidades, das 16h \u00e0s 21h. No ato da inscri\u00e7\u00e3o o candidato deve apresentar formul\u00e1rio de inscri\u00e7\u00e3o preenchido, c\u00f3pias autenticadas da carteira de identidade e do CPF, c\u00f3pia autenticada do diploma de Gradua\u00e7\u00e3o, declara\u00e7\u00e3o de que n\u00e3o \u00e9 aluno regular de outro curso de especializa\u00e7\u00e3o Lato Sensu na UEPB, Curr\u00edculo Lattes com documentos comprobat\u00f3rios compreendendo os \u00faltimos cinco anos.<\/p>\n<p>Est\u00e3o sendo disponibilizadas 40 vagas, cuja distribui\u00e7\u00e3o se dar\u00e1 a partir das seguintes linhas de pesquisa: Estado, educa\u00e7\u00e3o e pol\u00edticas p\u00fablicas; Educa\u00e7\u00e3o, participa\u00e7\u00e3o e controle social na contemporaneidade; Educa\u00e7\u00e3o e diversidade: justi\u00e7a social, inclus\u00e3o e direitos humanos; Pedagogia Social, Educa\u00e7\u00e3o e pr\u00e1ticas educativas nos diferentes espa\u00e7os educacionais; Educa\u00e7\u00e3o, pobreza e desenvolvimento. O curso ser\u00e1 realizado na modalidade regular presencial e ter\u00e1 360 horas\/aula, mais 120 horas para elabora\u00e7\u00e3o e defesa da monografia.<\/p>\n<p>O processo seletivo ser\u00e1 compreendido das seguintes fases: prova escrita, no dia 10 de abril; an\u00e1lise do pr\u00e9-projeto de pesquisa, entre os dias 5 e 10 de maio; an\u00e1lise do curr\u00edculo, entre 14 e 17 de maio; resultado final, no dia 18 de maio; matr\u00edcula, entre 21 e 23 de maio. O in\u00edcio do curso est\u00e1 marcado para o dia 25 de maio. As aulas ser\u00e3o ministras semanalmente, sempre \u00e0s sextas-feiras, das 18h \u00e0s 22h, e aos s\u00e1bados, das 8h \u00e0s 12h e das 13h \u00e0s 17h.\u00a0Para ter acesso a todas as informa\u00e7\u00f5es sobre a sele\u00e7\u00e3o, bem como a indica\u00e7\u00e3o sobre a prepara\u00e7\u00e3o do pr\u00e9-projeto de pesquisa, acesse o <a href=\"http:\/\/www.uepb.edu.br\/download\/3_cursos_p%C3%93s-gradua%C3%87%C3%83o_-_sele%C3%87%C3%83o\/Especializacao-em-Educacao-e-Politicas-Publicas-Edital-Retificado.pdf\">edital completo<\/a> e as informa\u00e7\u00f5es sobre as <a href=\"http:\/\/www.uepb.edu.br\/download\/3_cursos_p%C3%93s-gradua%C3%87%C3%83o_-_sele%C3%87%C3%83o\/Especializacao-em-Educacao-e-Politicas-Publicas-Linhas-de-Pesquisa.pdf\">linhas de pesquisa<\/a>.<\/p>\n<p>&nbsp;<\/p>\n<p><em><strong>Texto:<\/strong> Givaldo Cavalcanti<\/em><\/p>\n<p>O post <a rel=\"nofollow\" href=\"http:\/\/www.uepb.edu.br\/prorrogadas-inscricoes-para-primeira-turma-do-curso-de-especializacao-em-educacao-e-politicas-publicas\/\">Prorrogadas inscri\u00e7\u00f5es para primeira turma do curso de Especializa\u00e7\u00e3o em Educa\u00e7\u00e3o e Pol\u00edticas P\u00fablicas<\/a> apareceu primeiro em <a rel=\"nofollow\" href=\"http:\/\/www.uepb.edu.br\/\">UEPB<\/a>.<\/p>\n","protected":false},"excerpt":{"rendered":"<p>A Coordena&ccedil;&atilde;o do Curso de Especializa&ccedil;&atilde;o em Educa&ccedil;&atilde;o e Pol&iacute;ticas P&uacute;blicas do Departamento de Educa&ccedil;&atilde;o do Centro de Humanidades (CH), C&acirc;mpus III da Universidade Estadual da Para&iacute;ba (UEPB), em Guarabira, prorrogou at&eacute; a pr&oacute;xima sexta-feira (13) o prazo para inscri&ccedil;&otilde;es no processo seletivo para forma&ccedil;&atilde;o da primeira turma do referido programa. O curso ser&aacute; realizado <a href=\"http:\/\/www.uepb.edu.br\/prorrogadas-inscricoes-para-primeira-turma-do-curso-de-especializacao-em-educacao-e-politicas-publicas\/\">Leia Mais&#8230;<\/a><\/p>\n<p>O post <a rel=\"nofollow\" href=\"http:\/\/www.uepb.edu.br\/prorrogadas-inscricoes-para-primeira-turma-do-curso-de-especializacao-em-educacao-e-politicas-publicas\/\">Prorrogadas inscri&ccedil;&otilde;es para primeira turma do curso de Especializa&ccedil;&atilde;o em Educa&ccedil;&atilde;o e Pol&iacute;ticas P&uacute;blicas<\/a> apareceu primeiro em <a rel=\"nofollow\" href=\"http:\/\/www.uepb.edu.br\/\">UEPB<\/a>.<\/p>\n","protected":false},"author":25,"featured_media":0,"comment_status":"closed","ping_status":"closed","sticky":false,"template":"","format":"standard","meta":{"jetpack_post_was_ever_published":false,"_jetpack_newsletter_access":"","_jetpack_dont_email_post_to_subs":false,"_jetpack_newsletter_tier_id":0,"_jetpack_memberships_contains_paywalled_content":false,"_jetpack_memberships_contains_paid_content":false,"footnotes":""},"categories":[10,3,16],"tags":[],"class_list":["post-8173","post","type-post","status-publish","format-standard","hentry","category-ch","category-noticias","category-prpgp"],"jetpack_featured_media_url":"","jetpack_shortlink":"https:\/\/wp.me\/p4NR4N-27P","jetpack_sharing_enabled":true,"_links":{"self":[{"href":"https:\/\/centros.uepb.edu.br\/ch\/wp-json\/wp\/v2\/posts\/8173","targetHints":{"allow":["GET"]}}],"collection":[{"href":"https:\/\/centros.uepb.edu.br\/ch\/wp-json\/wp\/v2\/posts"}],"about":[{"href":"https:\/\/centros.uepb.edu.br\/ch\/wp-json\/wp\/v2\/types\/post"}],"author":[{"embeddable":true,"href":"https:\/\/centros.uepb.edu.br\/ch\/wp-json\/wp\/v2\/users\/25"}],"replies":[{"embeddable":true,"href":"https:\/\/centros.uepb.edu.br\/ch\/wp-json\/wp\/v2\/comments?post=8173"}],"version-history":[{"count":0,"href":"https:\/\/centros.uepb.edu.br\/ch\/wp-json\/wp\/v2\/posts\/8173\/revisions"}],"wp:attachment":[{"href":"https:\/\/centros.uepb.edu.br\/ch\/wp-json\/wp\/v2\/media?parent=8173"}],"wp:term":[{"taxonomy":"category","embeddable":true,"href":"https:\/\/centros.uepb.edu.br\/ch\/wp-json\/wp\/v2\/categories?post=8173"},{"taxonomy":"post_tag","embeddable":true,"href":"https:\/\/centros.uepb.edu.br\/ch\/wp-json\/wp\/v2\/tags?post=8173"}],"curies":[{"name":"wp","href":"https:\/\/api.w.org\/{rel}","templated":true}]}}