{"id":8169,"date":"2018-06-18T17:22:55","date_gmt":"2018-06-18T17:22:55","guid":{"rendered":"http:\/\/www.uepb.edu.br\/?p=41544"},"modified":"2018-06-18T17:22:55","modified_gmt":"2018-06-18T17:22:55","slug":"aula-inaugural-da-especializacao-em-educacao-e-politicas-publicas-debate-direitos-educacionais","status":"publish","type":"post","link":"https:\/\/centros.uepb.edu.br\/ch\/aula-inaugural-da-especializacao-em-educacao-e-politicas-publicas-debate-direitos-educacionais\/","title":{"rendered":"Aula inaugural da Especializa\u00e7\u00e3o em Educa\u00e7\u00e3o e Pol\u00edticas P\u00fablicas debate direitos educacionais"},"content":{"rendered":"<p><a href=\"http:\/\/www.uepb.edu.br\/aula-inaugural-da-especializacao-em-educacao-e-politicas-publicas-debate-direitos-educacionais\/#gallery-41544-3-slideshow\">Clique para exibir o slide.<\/a><\/p>\n<p>Na \u00faltima sexta-feira (15), tiveram in\u00edcio as atividades acad\u00eamicas da primeira turma do Curso de Especializa\u00e7\u00e3o em Educa\u00e7\u00e3o e Pol\u00edticas P\u00fablicas, do C\u00e2mpus III da Universidade Estadual da Para\u00edba (UEPB), situado em Guarabira. A aula inaugural contou com a experi\u00eancia da professora Adelaide Alves Dias, vinculada aos Programas de P\u00f3s-gradua\u00e7\u00e3o em Educa\u00e7\u00e3o e em Direitos Humanos, da Universidade Federal da Para\u00edba (UFPB).<\/p>\n<p>A partir do tema \u201cO direito \u00e0 Educa\u00e7\u00e3o no contexto das atuais pol\u00edticas p\u00fablicas\u201d, a docente fez uma abordagem sobre a a\u00e7\u00e3o do Estado na Educa\u00e7\u00e3o nos \u00faltimos 15 anos, levantando um debate sobre as dificuldades enfrentadas pela \u00e1rea na contemporaneidade, mediante uma conjuntura pol\u00edtica que tem como prioridade a diminui\u00e7\u00e3o de investimentos, al\u00e9m de um governo que apresenta uma postura que n\u00e3o preza pelo di\u00e1logo e respeito aos princ\u00edpios democr\u00e1ticos. \u201cEstamos vivenciando uma derrocada de nossas garantias constitucionais. \u00c9 preciso lutar e resistir porque a Educa\u00e7\u00e3o \u00e9 um direito p\u00fablico e inalien\u00e1vel\u201d, ressaltou a professora Adelaide.<\/p>\n<p>Na ocasi\u00e3o, a professora Ver\u00f4nica Pessoa da Silva e o docente Marcelo Saturnino da Silva, que integram a coordena\u00e7\u00e3o colegiada da referida especializa\u00e7\u00e3o, com a professora Germana Alves de Menezes, acolheram os estudantes e destacaram a import\u00e2ncia do curso ao afirmarem que se trata de um programa voltado \u00e0 reflex\u00e3o cr\u00edtica e \u00e0 amplia\u00e7\u00e3o da perspectiva de renova\u00e7\u00e3o.<\/p>\n<p>Apresentando cinco linhas de pesquisa, a especializa\u00e7\u00e3o em foco foi idealizada enquanto espa\u00e7o de forma\u00e7\u00e3o dos profissionais de Educa\u00e7\u00e3o que atuam para \u201cal\u00e9m dos muros da escola\u201d, bem como as diferentes modalidades educacionais, tais como: Educa\u00e7\u00e3o Especial, Educa\u00e7\u00e3o de Jovens e Adultos, Educa\u00e7\u00e3o do Campo, Educa\u00e7\u00e3o Ind\u00edgena, Educa\u00e7\u00e3o de Afrodescendentes e Educa\u00e7\u00e3o Infantil. Durante a aula inaugural, tamb\u00e9m ocorreu a apresenta\u00e7\u00e3o do Coral Agny Shanthty, sob a reg\u00eancia da maestrina Flaviana Barbosa Galdino.<\/p>\n<p><em><strong>Texto e fotos:<\/strong> Simone Bezerrill<\/em><\/p>\n<p>O post <a rel=\"nofollow\" href=\"http:\/\/www.uepb.edu.br\/aula-inaugural-da-especializacao-em-educacao-e-politicas-publicas-debate-direitos-educacionais\/\">Aula inaugural da Especializa\u00e7\u00e3o em Educa\u00e7\u00e3o e Pol\u00edticas P\u00fablicas debate direitos educacionais<\/a> apareceu primeiro em <a rel=\"nofollow\" href=\"http:\/\/www.uepb.edu.br\/\">UEPB<\/a>.<\/p>\n","protected":false},"excerpt":{"rendered":"<p>Na &uacute;ltima sexta-feira (15), tiveram in&iacute;cio as atividades acad&ecirc;micas da primeira turma do Curso de Especializa&ccedil;&atilde;o em Educa&ccedil;&atilde;o e Pol&iacute;ticas P&uacute;blicas, do C&acirc;mpus III da Universidade Estadual da Para&iacute;ba (UEPB), situado em Guarabira. A aula inaugural contou com a experi&ecirc;ncia da professora Adelaide Alves Dias, vinculada aos Programas de P&oacute;s-gradua&ccedil;&atilde;o em Educa&ccedil;&atilde;o e em Direitos <a href=\"http:\/\/www.uepb.edu.br\/aula-inaugural-da-especializacao-em-educacao-e-politicas-publicas-debate-direitos-educacionais\/\">Leia Mais&#8230;<\/a><\/p>\n<p>O post <a rel=\"nofollow\" href=\"http:\/\/www.uepb.edu.br\/aula-inaugural-da-especializacao-em-educacao-e-politicas-publicas-debate-direitos-educacionais\/\">Aula inaugural da Especializa&ccedil;&atilde;o em Educa&ccedil;&atilde;o e Pol&iacute;ticas P&uacute;blicas debate direitos educacionais<\/a> apareceu primeiro em <a rel=\"nofollow\" href=\"http:\/\/www.uepb.edu.br\/\">UEPB<\/a>.<\/p>\n","protected":false},"author":25,"featured_media":0,"comment_status":"closed","ping_status":"closed","sticky":false,"template":"","format":"standard","meta":{"jetpack_post_was_ever_published":false,"_jetpack_newsletter_access":"","_jetpack_dont_email_post_to_subs":false,"_jetpack_newsletter_tier_id":0,"_jetpack_memberships_contains_paywalled_content":false,"_jetpack_memberships_contains_paid_content":false,"footnotes":""},"categories":[10,3,11,16],"tags":[],"class_list":["post-8169","post","type-post","status-publish","format-standard","hentry","category-ch","category-noticias","category-noticias-alunos","category-prpgp"],"jetpack_featured_media_url":"","jetpack_shortlink":"https:\/\/wp.me\/p4NR4N-27L","jetpack_sharing_enabled":true,"_links":{"self":[{"href":"https:\/\/centros.uepb.edu.br\/ch\/wp-json\/wp\/v2\/posts\/8169","targetHints":{"allow":["GET"]}}],"collection":[{"href":"https:\/\/centros.uepb.edu.br\/ch\/wp-json\/wp\/v2\/posts"}],"about":[{"href":"https:\/\/centros.uepb.edu.br\/ch\/wp-json\/wp\/v2\/types\/post"}],"author":[{"embeddable":true,"href":"https:\/\/centros.uepb.edu.br\/ch\/wp-json\/wp\/v2\/users\/25"}],"replies":[{"embeddable":true,"href":"https:\/\/centros.uepb.edu.br\/ch\/wp-json\/wp\/v2\/comments?post=8169"}],"version-history":[{"count":0,"href":"https:\/\/centros.uepb.edu.br\/ch\/wp-json\/wp\/v2\/posts\/8169\/revisions"}],"wp:attachment":[{"href":"https:\/\/centros.uepb.edu.br\/ch\/wp-json\/wp\/v2\/media?parent=8169"}],"wp:term":[{"taxonomy":"category","embeddable":true,"href":"https:\/\/centros.uepb.edu.br\/ch\/wp-json\/wp\/v2\/categories?post=8169"},{"taxonomy":"post_tag","embeddable":true,"href":"https:\/\/centros.uepb.edu.br\/ch\/wp-json\/wp\/v2\/tags?post=8169"}],"curies":[{"name":"wp","href":"https:\/\/api.w.org\/{rel}","templated":true}]}}