{"id":7727,"date":"2018-11-07T20:53:53","date_gmt":"2018-11-07T20:53:53","guid":{"rendered":"https:\/\/centros.uepb.edu.br\/ch\/?p=7727"},"modified":"2018-11-07T21:49:46","modified_gmt":"2018-11-07T21:49:46","slug":"justica-concede-tutela-de-urgencia-para-garantir-realizacao-do-3o-simposio-de-genero-sexualidade-e-educacao","status":"publish","type":"post","link":"https:\/\/centros.uepb.edu.br\/ch\/justica-concede-tutela-de-urgencia-para-garantir-realizacao-do-3o-simposio-de-genero-sexualidade-e-educacao\/","title":{"rendered":"Justi\u00e7a concede tutela de urg\u00eancia para garantir realiza\u00e7\u00e3o do 3\u00ba Simp\u00f3sio de G\u00eanero, Sexualidade e Educa\u00e7\u00e3o"},"content":{"rendered":"<p>O Poder Judici\u00e1rio da Para\u00edba (2\u00aa Vara de Guarabira) concedeu, nessa ter\u00e7a-feira (6), tutela de urg\u00eancia para garantir a realiza\u00e7\u00e3o do 3\u00ba Simp\u00f3sio de G\u00eanero, Sexualidade e Educa\u00e7\u00e3o, que acontece de 7 a 9 de novembro, no Campus III da Universidade Estadual da Para\u00edba (UEPB), localizado em Guarabira.<\/p>\n<p>A decis\u00e3o judicial, provocada por iniciativa do N\u00facleo de Pr\u00e1tica Jur\u00eddica do Centro de Humanidades e do Coletivo Violeta Formiga, tem a finalidade de \u201cresguardar o\u00a0evento de qualquer ato preconceituoso que venha tumultu\u00e1-lo\u201d, como ocorreu em edi\u00e7\u00f5es anteriores do semin\u00e1rio. Confira, abaixo:<\/p>\n<ul>\n<li>[wpfilebase tag=fileurl id=322 linktext=&#8217;<strong>Nota do NPJ<\/strong>&#8216; \/]<\/li>\n<li>[wpfilebase tag=fileurl id=321 linktext=&#8217;<strong>Decis\u00e3o Judicial<\/strong>&#8216; \/]<\/li>\n<\/ul>\n<p>&nbsp;<\/p>\n<p>&nbsp;<\/p>\n<p>&nbsp;<\/p>\n<p>&nbsp;<\/p>\n<p>&nbsp;<\/p>\n<p>&nbsp;<\/p>\n<p>&nbsp;<\/p>\n<p>Ascom-CH<\/p>\n","protected":false},"excerpt":{"rendered":"<p>O Poder Judici\u00e1rio da Para\u00edba (2\u00aa Vara de Guarabira) concedeu, nessa ter\u00e7a-feira (6), tutela de urg\u00eancia para garantir a realiza\u00e7\u00e3o do 3\u00ba Simp\u00f3sio de G\u00eanero, Sexualidade e Educa\u00e7\u00e3o, que acontece de 7 a 9 de novembro, no Campus III da Universidade Estadual da Para\u00edba (UEPB), localizado em Guarabira. A decis\u00e3o judicial, provocada por iniciativa do <a class=\"leiamais\" href=\"https:\/\/centros.uepb.edu.br\/ch\/justica-concede-tutela-de-urgencia-para-garantir-realizacao-do-3o-simposio-de-genero-sexualidade-e-educacao\/\">Leia Mais&#8230;<\/a><\/p>\n","protected":false},"author":13,"featured_media":7668,"comment_status":"closed","ping_status":"closed","sticky":false,"template":"","format":"standard","meta":{"jetpack_post_was_ever_published":false,"_jetpack_newsletter_access":"","_jetpack_dont_email_post_to_subs":false,"_jetpack_newsletter_tier_id":0,"_jetpack_memberships_contains_paywalled_content":false,"_jetpack_memberships_contains_paid_content":false,"footnotes":""},"categories":[1],"tags":[],"class_list":["post-7727","post","type-post","status-publish","format-standard","has-post-thumbnail","hentry","category-sem-categoria"],"jetpack_featured_media_url":"https:\/\/centros.uepb.edu.br\/ch\/files\/2018\/10\/simposio_genero-capa2.png","jetpack_shortlink":"https:\/\/wp.me\/p4NR4N-20D","jetpack_sharing_enabled":true,"_links":{"self":[{"href":"https:\/\/centros.uepb.edu.br\/ch\/wp-json\/wp\/v2\/posts\/7727","targetHints":{"allow":["GET"]}}],"collection":[{"href":"https:\/\/centros.uepb.edu.br\/ch\/wp-json\/wp\/v2\/posts"}],"about":[{"href":"https:\/\/centros.uepb.edu.br\/ch\/wp-json\/wp\/v2\/types\/post"}],"author":[{"embeddable":true,"href":"https:\/\/centros.uepb.edu.br\/ch\/wp-json\/wp\/v2\/users\/13"}],"replies":[{"embeddable":true,"href":"https:\/\/centros.uepb.edu.br\/ch\/wp-json\/wp\/v2\/comments?post=7727"}],"version-history":[{"count":0,"href":"https:\/\/centros.uepb.edu.br\/ch\/wp-json\/wp\/v2\/posts\/7727\/revisions"}],"wp:featuredmedia":[{"embeddable":true,"href":"https:\/\/centros.uepb.edu.br\/ch\/wp-json\/wp\/v2\/media\/7668"}],"wp:attachment":[{"href":"https:\/\/centros.uepb.edu.br\/ch\/wp-json\/wp\/v2\/media?parent=7727"}],"wp:term":[{"taxonomy":"category","embeddable":true,"href":"https:\/\/centros.uepb.edu.br\/ch\/wp-json\/wp\/v2\/categories?post=7727"},{"taxonomy":"post_tag","embeddable":true,"href":"https:\/\/centros.uepb.edu.br\/ch\/wp-json\/wp\/v2\/tags?post=7727"}],"curies":[{"name":"wp","href":"https:\/\/api.w.org\/{rel}","templated":true}]}}