{"id":7518,"date":"2018-09-06T13:04:46","date_gmt":"2018-09-06T13:04:46","guid":{"rendered":"https:\/\/centros.uepb.edu.br\/ch\/?p=7518"},"modified":"2018-09-11T19:16:13","modified_gmt":"2018-09-11T19:16:13","slug":"campus-de-guarabira-sediara-debate-sobre-direito-eleitoral-na-proxima-quarta-feira-12","status":"publish","type":"post","link":"https:\/\/centros.uepb.edu.br\/ch\/campus-de-guarabira-sediara-debate-sobre-direito-eleitoral-na-proxima-quarta-feira-12\/","title":{"rendered":"Cancelado debate sobre Direito Eleitoral no Campus III"},"content":{"rendered":"<p>&nbsp;<\/p>\n<p>Atenc\u00e3o: Evento cancelado. Atualizado em 11\/09\/18.<\/p>\n<p>Na pr\u00f3xima quarta-feira (12), o Campus III da Universidade Estadual da Para\u00edba (UEPB), localizado em Guarabira, sediar\u00e1 uma mesa redonda para debater o tema \u201dDireito Eleitoral \u2013 Elei\u00e7\u00f5es 2018 e suas perspectivas na UEPB\u201d. Trata-se de uma iniciativa das comiss\u00f5es de formatura das turmas do Curso de Direito do Centro de Humanidades (CH), em parceria com o Centro Acad\u00eamico de Direito Ant\u00f4nio Cavalcante (CADI).<\/p>\n<p>Para ocasi\u00e3o, foram convidados candidatos que est\u00e3o pleiteando cargos legislativos nas elei\u00e7\u00f5es deste ano. O evento \u00e9 aberto a estudantes, professores, t\u00e9cnicos administrativos e a todos que se se interessarem pelo debate em foco. As inscri\u00e7\u00f5es poder\u00e3o ser efetuadas pela <a href=\"https:\/\/docs.google.com\/forms\/d\/e\/1FAIpQLSerGAm6ABgtSOgKdH9jjPaxW6IcIp7VlO3GONDbY5T8hHclWQ\/viewform\">internet<\/a> ou de forma presencial, no dia da realiza\u00e7\u00e3o da atividade.<\/p>\n<p>O evento est\u00e1 programado para iniciar a partir das 19h, no Audit\u00f3rio do Centro de Humanidades. Os participantes receber\u00e3o certificando constando uma carga de tr\u00eas horas\/aula. Ser\u00e1 cobrado um valor simb\u00f3lico no ato da inscri\u00e7\u00e3o, em prol da formatura das turmas concluintes.<\/p>\n<p>[wpfilebase tag=fileurl id=318 linktext=&#8217;Clique aqui&#8217; \/] e tenha acesso aos nomes dos palestrantes.<\/p>\n<p>&nbsp;<\/p>\n<p>&nbsp;<\/p>\n<p><strong>Ascom-CH<\/strong><\/p>\n","protected":false},"excerpt":{"rendered":"<p>&nbsp; Atenc\u00e3o: Evento cancelado. Atualizado em 11\/09\/18. Na pr\u00f3xima quarta-feira (12), o Campus III da Universidade Estadual da Para\u00edba (UEPB), localizado em Guarabira, sediar\u00e1 uma mesa redonda para debater o tema \u201dDireito Eleitoral \u2013 Elei\u00e7\u00f5es 2018 e suas perspectivas na UEPB\u201d. Trata-se de uma iniciativa das comiss\u00f5es de formatura das turmas do Curso de Direito <a class=\"leiamais\" href=\"https:\/\/centros.uepb.edu.br\/ch\/campus-de-guarabira-sediara-debate-sobre-direito-eleitoral-na-proxima-quarta-feira-12\/\">Leia Mais&#8230;<\/a><\/p>\n","protected":false},"author":13,"featured_media":3849,"comment_status":"closed","ping_status":"closed","sticky":false,"template":"","format":"standard","meta":{"jetpack_post_was_ever_published":false,"_jetpack_newsletter_access":"","_jetpack_dont_email_post_to_subs":false,"_jetpack_newsletter_tier_id":0,"_jetpack_memberships_contains_paywalled_content":false,"_jetpack_memberships_contains_paid_content":false,"footnotes":""},"categories":[1],"tags":[],"class_list":["post-7518","post","type-post","status-publish","format-standard","has-post-thumbnail","hentry","category-sem-categoria"],"jetpack_featured_media_url":"https:\/\/centros.uepb.edu.br\/ch\/files\/2016\/05\/campus-.jpg","jetpack_shortlink":"https:\/\/wp.me\/p4NR4N-1Xg","jetpack_sharing_enabled":true,"_links":{"self":[{"href":"https:\/\/centros.uepb.edu.br\/ch\/wp-json\/wp\/v2\/posts\/7518","targetHints":{"allow":["GET"]}}],"collection":[{"href":"https:\/\/centros.uepb.edu.br\/ch\/wp-json\/wp\/v2\/posts"}],"about":[{"href":"https:\/\/centros.uepb.edu.br\/ch\/wp-json\/wp\/v2\/types\/post"}],"author":[{"embeddable":true,"href":"https:\/\/centros.uepb.edu.br\/ch\/wp-json\/wp\/v2\/users\/13"}],"replies":[{"embeddable":true,"href":"https:\/\/centros.uepb.edu.br\/ch\/wp-json\/wp\/v2\/comments?post=7518"}],"version-history":[{"count":0,"href":"https:\/\/centros.uepb.edu.br\/ch\/wp-json\/wp\/v2\/posts\/7518\/revisions"}],"wp:featuredmedia":[{"embeddable":true,"href":"https:\/\/centros.uepb.edu.br\/ch\/wp-json\/wp\/v2\/media\/3849"}],"wp:attachment":[{"href":"https:\/\/centros.uepb.edu.br\/ch\/wp-json\/wp\/v2\/media?parent=7518"}],"wp:term":[{"taxonomy":"category","embeddable":true,"href":"https:\/\/centros.uepb.edu.br\/ch\/wp-json\/wp\/v2\/categories?post=7518"},{"taxonomy":"post_tag","embeddable":true,"href":"https:\/\/centros.uepb.edu.br\/ch\/wp-json\/wp\/v2\/tags?post=7518"}],"curies":[{"name":"wp","href":"https:\/\/api.w.org\/{rel}","templated":true}]}}