{"id":4518,"date":"2016-09-01T12:30:20","date_gmt":"2016-09-01T12:30:20","guid":{"rendered":"https:\/\/centros.uepb.edu.br\/ch\/?p=4518"},"modified":"2016-09-02T12:10:32","modified_gmt":"2016-09-02T12:10:32","slug":"professor-do-centro-de-humanidades-promove-aula-especial-para-debater-historia-do-presidencialismo-no-brasil","status":"publish","type":"post","link":"https:\/\/centros.uepb.edu.br\/ch\/professor-do-centro-de-humanidades-promove-aula-especial-para-debater-historia-do-presidencialismo-no-brasil\/","title":{"rendered":"HOJE: Professor do Campus III promove aula especial para debater hist\u00f3ria do presidencialismo no Brasil"},"content":{"rendered":"<p>Em virtude dos \u00faltimos acontecimentos que tomaram conta do cen\u00e1rio pol\u00edtico brasileiro, ser\u00e1 ministrada, nesta quinta-feira (1\u00ba), no Centro de Humanidades (CH), a partir das 13h, uma aula especial para tratar o tema \u201cImpedimento ou morte: proleg\u00f4menos de uma hist\u00f3ria do presidencialismo no Brasil (XIX-XXI)\u201d.<\/p>\n<p>Trata-se de uma iniciativa do professor Carlos Adriano Ferreira de Lima, lotado no Departamento de Hist\u00f3ria do Campus III da Universidade Estadual da Para\u00edba (UEPB). O docente \u00e9 titular do componente curricular \u201cHist\u00f3ria Contempor\u00e2nea II\u201d. \u00a0\u00a0A atividade, que ser\u00e1 realizada na sala de aula da referida disciplina, estar\u00e1 aberta a todos que se interessarem pelo debate.<\/p>\n<p>&nbsp;<\/p>\n<p>&nbsp;<\/p>\n<p>&nbsp;<\/p>\n<p>&nbsp;<\/p>\n<p><strong>Simone Bezerrill\/Ascom-CH<\/strong><\/p>\n<p>&nbsp;<\/p>\n","protected":false},"excerpt":{"rendered":"<p>Em virtude dos \u00faltimos acontecimentos que tomaram conta do cen\u00e1rio pol\u00edtico brasileiro, ser\u00e1 ministrada, nesta quinta-feira (1\u00ba), no Centro de Humanidades (CH), a partir das 13h, uma aula especial para tratar o tema \u201cImpedimento ou morte: proleg\u00f4menos de uma hist\u00f3ria do presidencialismo no Brasil (XIX-XXI)\u201d. Trata-se de uma iniciativa do professor Carlos Adriano Ferreira de <a class=\"leiamais\" href=\"https:\/\/centros.uepb.edu.br\/ch\/professor-do-centro-de-humanidades-promove-aula-especial-para-debater-historia-do-presidencialismo-no-brasil\/\">Leia Mais&#8230;<\/a><\/p>\n","protected":false},"author":13,"featured_media":3849,"comment_status":"closed","ping_status":"closed","sticky":false,"template":"","format":"standard","meta":{"jetpack_post_was_ever_published":false,"_jetpack_newsletter_access":"","_jetpack_dont_email_post_to_subs":false,"_jetpack_newsletter_tier_id":0,"_jetpack_memberships_contains_paywalled_content":false,"_jetpack_memberships_contains_paid_content":false,"footnotes":""},"categories":[10,3,1],"tags":[],"class_list":["post-4518","post","type-post","status-publish","format-standard","has-post-thumbnail","hentry","category-ch","category-noticias","category-sem-categoria"],"jetpack_featured_media_url":"https:\/\/centros.uepb.edu.br\/ch\/files\/2016\/05\/campus-.jpg","jetpack_shortlink":"https:\/\/wp.me\/p4NR4N-1aS","jetpack_sharing_enabled":true,"_links":{"self":[{"href":"https:\/\/centros.uepb.edu.br\/ch\/wp-json\/wp\/v2\/posts\/4518","targetHints":{"allow":["GET"]}}],"collection":[{"href":"https:\/\/centros.uepb.edu.br\/ch\/wp-json\/wp\/v2\/posts"}],"about":[{"href":"https:\/\/centros.uepb.edu.br\/ch\/wp-json\/wp\/v2\/types\/post"}],"author":[{"embeddable":true,"href":"https:\/\/centros.uepb.edu.br\/ch\/wp-json\/wp\/v2\/users\/13"}],"replies":[{"embeddable":true,"href":"https:\/\/centros.uepb.edu.br\/ch\/wp-json\/wp\/v2\/comments?post=4518"}],"version-history":[{"count":0,"href":"https:\/\/centros.uepb.edu.br\/ch\/wp-json\/wp\/v2\/posts\/4518\/revisions"}],"wp:featuredmedia":[{"embeddable":true,"href":"https:\/\/centros.uepb.edu.br\/ch\/wp-json\/wp\/v2\/media\/3849"}],"wp:attachment":[{"href":"https:\/\/centros.uepb.edu.br\/ch\/wp-json\/wp\/v2\/media?parent=4518"}],"wp:term":[{"taxonomy":"category","embeddable":true,"href":"https:\/\/centros.uepb.edu.br\/ch\/wp-json\/wp\/v2\/categories?post=4518"},{"taxonomy":"post_tag","embeddable":true,"href":"https:\/\/centros.uepb.edu.br\/ch\/wp-json\/wp\/v2\/tags?post=4518"}],"curies":[{"name":"wp","href":"https:\/\/api.w.org\/{rel}","templated":true}]}}