{"id":4435,"date":"2016-08-16T13:57:39","date_gmt":"2016-08-16T13:57:39","guid":{"rendered":"https:\/\/centros.uepb.edu.br\/ch\/?p=4435"},"modified":"2016-08-16T15:31:46","modified_gmt":"2016-08-16T15:31:46","slug":"aula-aberta-ao-publico-em-geral-sobre-obra-de-pintor-espanhol-e-adiada-para-quinta-feira-18","status":"publish","type":"post","link":"https:\/\/centros.uepb.edu.br\/ch\/aula-aberta-ao-publico-em-geral-sobre-obra-de-pintor-espanhol-e-adiada-para-quinta-feira-18\/","title":{"rendered":"Aula aberta ao p\u00fablico em geral sobre obra de pintor espanhol \u00e9 adiada para o dia 25 de agosto"},"content":{"rendered":"<blockquote><p>Foi adiada para o dia 25 de agosto, a partir das 19h, a aula \u201cLas meninas: aproxima\u00e7\u00f5es entre hist\u00f3ria da arte, qu\u00edmica e f\u00edsica\u201d, que ser\u00e1 aberta \u00e0 comunidade acad\u00eamica e ao p\u00fablico em geral. Trata-se de uma iniciativa do Departamento de Hist\u00f3ria do Campus III da Universidade Estadual da Para\u00edba (UEPB), por meio do Componente Curricular Hist\u00f3ria das Artes.<\/p><\/blockquote>\n<p>De autoria do professor Carlos Adriano, a proposta visa analisar o quadro do espanhol Diego Rodr\u00edguez de Silva y Vel\u00e1zquez, pintado no s\u00e9culo 17. A referida obra \u00e9 objeto de estudo de pesquisadores de v\u00e1rias \u00e1reas do conhecimento.<\/p>\n<p>&nbsp;<\/p>\n<p>&nbsp;<\/p>\n<p><strong>Ascom-CH<\/strong><\/p>\n","protected":false},"excerpt":{"rendered":"<p>Foi adiada para o dia 25 de agosto, a partir das 19h, a aula \u201cLas meninas: aproxima\u00e7\u00f5es entre hist\u00f3ria da arte, qu\u00edmica e f\u00edsica\u201d, que ser\u00e1 aberta \u00e0 comunidade acad\u00eamica e ao p\u00fablico em geral. Trata-se de uma iniciativa do Departamento de Hist\u00f3ria do Campus III da Universidade Estadual da Para\u00edba (UEPB), por meio do <a class=\"leiamais\" href=\"https:\/\/centros.uepb.edu.br\/ch\/aula-aberta-ao-publico-em-geral-sobre-obra-de-pintor-espanhol-e-adiada-para-quinta-feira-18\/\">Leia Mais&#8230;<\/a><\/p>\n","protected":false},"author":13,"featured_media":0,"comment_status":"closed","ping_status":"closed","sticky":false,"template":"","format":"standard","meta":{"jetpack_post_was_ever_published":false,"_jetpack_newsletter_access":"","_jetpack_dont_email_post_to_subs":false,"_jetpack_newsletter_tier_id":0,"_jetpack_memberships_contains_paywalled_content":false,"_jetpack_memberships_contains_paid_content":false,"footnotes":""},"categories":[1],"tags":[],"class_list":["post-4435","post","type-post","status-publish","format-standard","hentry","category-sem-categoria"],"jetpack_featured_media_url":"","jetpack_shortlink":"https:\/\/wp.me\/p4NR4N-19x","jetpack_sharing_enabled":true,"_links":{"self":[{"href":"https:\/\/centros.uepb.edu.br\/ch\/wp-json\/wp\/v2\/posts\/4435","targetHints":{"allow":["GET"]}}],"collection":[{"href":"https:\/\/centros.uepb.edu.br\/ch\/wp-json\/wp\/v2\/posts"}],"about":[{"href":"https:\/\/centros.uepb.edu.br\/ch\/wp-json\/wp\/v2\/types\/post"}],"author":[{"embeddable":true,"href":"https:\/\/centros.uepb.edu.br\/ch\/wp-json\/wp\/v2\/users\/13"}],"replies":[{"embeddable":true,"href":"https:\/\/centros.uepb.edu.br\/ch\/wp-json\/wp\/v2\/comments?post=4435"}],"version-history":[{"count":0,"href":"https:\/\/centros.uepb.edu.br\/ch\/wp-json\/wp\/v2\/posts\/4435\/revisions"}],"wp:attachment":[{"href":"https:\/\/centros.uepb.edu.br\/ch\/wp-json\/wp\/v2\/media?parent=4435"}],"wp:term":[{"taxonomy":"category","embeddable":true,"href":"https:\/\/centros.uepb.edu.br\/ch\/wp-json\/wp\/v2\/categories?post=4435"},{"taxonomy":"post_tag","embeddable":true,"href":"https:\/\/centros.uepb.edu.br\/ch\/wp-json\/wp\/v2\/tags?post=4435"}],"curies":[{"name":"wp","href":"https:\/\/api.w.org\/{rel}","templated":true}]}}