{"id":3989,"date":"2016-05-30T11:22:20","date_gmt":"2016-05-30T11:22:20","guid":{"rendered":"https:\/\/centros.uepb.edu.br\/ch\/?p=3989"},"modified":"2016-06-06T10:39:19","modified_gmt":"2016-06-06T10:39:19","slug":"pro-reitoria-de-graduacao-da-uepb-inscreve-para-transferencia-de-campus-ate-o-dia-3-de-junho","status":"publish","type":"post","link":"https:\/\/centros.uepb.edu.br\/ch\/pro-reitoria-de-graduacao-da-uepb-inscreve-para-transferencia-de-campus-ate-o-dia-3-de-junho\/","title":{"rendered":"Pr\u00f3-Reitoria de Gradua\u00e7\u00e3o da UEPB inscreve para transfer\u00eancia de campus at\u00e9 o dia 3 de junho"},"content":{"rendered":"<p>A Pr\u00f3-Reitoria de Gradua\u00e7\u00e3o (PROGRAD) da Universidade Estadual da Para\u00edba (UEPB) lan\u00e7ou edital para transfer\u00eancia de campus no per\u00edodo letivo 2016\/1. As inscri\u00e7\u00f5es devem ser feitas at\u00e9 o dia 3 de junho, das 8h \u00e0s 12h, no Setor de Protocolo Geral da Institui\u00e7\u00e3o, localizado na Rua das Bara\u00fanas, 351, T\u00e9rreo, Pr\u00e9dio Administrativo, Bodocong\u00f3, Campina Grande \u2013 PB.<\/p>\n<p>Podem solicitar a transfer\u00eancia, o aluno que estiver regularmente matriculado em cursos de campus da UEPB, para curso id\u00eantico, e que tenha integralizado pelo menos um semestre letivo at\u00e9 a data de inscri\u00e7\u00e3o. Para efetuar a solicita\u00e7\u00e3o, o estudante deve apresentar requerimento; original do hist\u00f3rico escolar constando a natureza de ingresso na UEPB e o coeficiente de rendimento escolar; declara\u00e7\u00e3o de regularidade de matr\u00edcula e programas dos componentes curriculares aprovados.<\/p>\n<p>Confira o\u00a0<a href=\"http:\/\/www.uepb.edu.br\/download\/1_2\/outros_editais\/Edital-004-2016-Transferencia-de-Campus-2016.1.pdf\">Edital<\/a>\u00a0e o\u00a0<a href=\"http:\/\/www.uepb.edu.br\/download\/1_2\/outros_editais\/Anexo-do-Edital-de-Transferencia-de-Campus-04-2016.pdf\">Quadro de Vagas<\/a>. Outras informa\u00e7\u00f5es: (83) 3315-3350.<\/p>\n<p>&nbsp;<\/p>\n<p>Com UEPB<\/p>\n","protected":false},"excerpt":{"rendered":"<p>A Pr\u00f3-Reitoria de Gradua\u00e7\u00e3o (PROGRAD) da Universidade Estadual da Para\u00edba (UEPB) lan\u00e7ou edital para transfer\u00eancia de campus no per\u00edodo letivo 2016\/1. As inscri\u00e7\u00f5es devem ser feitas at\u00e9 o dia 3 de junho, das 8h \u00e0s 12h, no Setor de Protocolo Geral da Institui\u00e7\u00e3o, localizado na Rua das Bara\u00fanas, 351, T\u00e9rreo, Pr\u00e9dio Administrativo, Bodocong\u00f3, Campina Grande <a class=\"leiamais\" href=\"https:\/\/centros.uepb.edu.br\/ch\/pro-reitoria-de-graduacao-da-uepb-inscreve-para-transferencia-de-campus-ate-o-dia-3-de-junho\/\">Leia Mais&#8230;<\/a><\/p>\n","protected":false},"author":13,"featured_media":0,"comment_status":"closed","ping_status":"closed","sticky":false,"template":"","format":"standard","meta":{"jetpack_post_was_ever_published":false,"_jetpack_newsletter_access":"","_jetpack_dont_email_post_to_subs":false,"_jetpack_newsletter_tier_id":0,"_jetpack_memberships_contains_paywalled_content":false,"_jetpack_memberships_contains_paid_content":false,"footnotes":""},"categories":[1],"tags":[],"class_list":["post-3989","post","type-post","status-publish","format-standard","hentry","category-sem-categoria"],"jetpack_featured_media_url":"","jetpack_shortlink":"https:\/\/wp.me\/p4NR4N-12l","jetpack_sharing_enabled":true,"_links":{"self":[{"href":"https:\/\/centros.uepb.edu.br\/ch\/wp-json\/wp\/v2\/posts\/3989","targetHints":{"allow":["GET"]}}],"collection":[{"href":"https:\/\/centros.uepb.edu.br\/ch\/wp-json\/wp\/v2\/posts"}],"about":[{"href":"https:\/\/centros.uepb.edu.br\/ch\/wp-json\/wp\/v2\/types\/post"}],"author":[{"embeddable":true,"href":"https:\/\/centros.uepb.edu.br\/ch\/wp-json\/wp\/v2\/users\/13"}],"replies":[{"embeddable":true,"href":"https:\/\/centros.uepb.edu.br\/ch\/wp-json\/wp\/v2\/comments?post=3989"}],"version-history":[{"count":0,"href":"https:\/\/centros.uepb.edu.br\/ch\/wp-json\/wp\/v2\/posts\/3989\/revisions"}],"wp:attachment":[{"href":"https:\/\/centros.uepb.edu.br\/ch\/wp-json\/wp\/v2\/media?parent=3989"}],"wp:term":[{"taxonomy":"category","embeddable":true,"href":"https:\/\/centros.uepb.edu.br\/ch\/wp-json\/wp\/v2\/categories?post=3989"},{"taxonomy":"post_tag","embeddable":true,"href":"https:\/\/centros.uepb.edu.br\/ch\/wp-json\/wp\/v2\/tags?post=3989"}],"curies":[{"name":"wp","href":"https:\/\/api.w.org\/{rel}","templated":true}]}}