{"id":3955,"date":"2016-05-19T14:03:33","date_gmt":"2016-05-19T14:03:33","guid":{"rendered":"https:\/\/centros.uepb.edu.br\/ch\/?p=3955"},"modified":"2016-05-19T18:08:11","modified_gmt":"2016-05-19T18:08:11","slug":"turma-de-pedagogia-do-campus-iii-promovem-mercado-da-aprendizagem-para-abordar-culturas-europeia-africana-e-indigena","status":"publish","type":"post","link":"https:\/\/centros.uepb.edu.br\/ch\/turma-de-pedagogia-do-campus-iii-promovem-mercado-da-aprendizagem-para-abordar-culturas-europeia-africana-e-indigena\/","title":{"rendered":"Turma de Pedagogia promove \u201cMercado da Aprendizagem\u201d para abordar culturas europeia, africana e ind\u00edgena"},"content":{"rendered":"<p><a href=\"https:\/\/centros.uepb.edu.br\/ch\/files\/2016\/05\/mesa-1.jpg\"><img loading=\"lazy\" decoding=\"async\" class=\"aligncenter size-large wp-image-3949 img-responsive\" src=\"https:\/\/centros.uepb.edu.br\/ch\/files\/2016\/05\/mesa-1-1024x612.jpg\" alt=\"mesa\" width=\"1024\" height=\"612\" srcset=\"https:\/\/centros.uepb.edu.br\/ch\/files\/2016\/05\/mesa-1-1024x612.jpg 1024w, https:\/\/centros.uepb.edu.br\/ch\/files\/2016\/05\/mesa-1-300x179.jpg 300w, https:\/\/centros.uepb.edu.br\/ch\/files\/2016\/05\/mesa-1-768x459.jpg 768w, https:\/\/centros.uepb.edu.br\/ch\/files\/2016\/05\/mesa-1-370x221.jpg 370w, https:\/\/centros.uepb.edu.br\/ch\/files\/2016\/05\/mesa-1-840x502.jpg 840w\" sizes=\"auto, (max-width: 1024px) 100vw, 1024px\" \/><\/a>Com o objetivo de colaborar com a cria\u00e7\u00e3o de metodologias que contribuam para ampliar o conhecimento, os alunos do terceiro per\u00edodo do Curso de Pedagogia do Campus III da Universidade Estadual da Para\u00edba (UEPB), em Guarabira, promoveram, nesta quinta-feira (19), a atividade educacional intitulada \u201cMercado da Aprendizagem\u201d. Trata-se de uma exposi\u00e7\u00e3o sobre os povos que est\u00e3o na base da forma\u00e7\u00e3o da cultura brasileira: europeus, africanos e ind\u00edgenas.<\/p>\n<p>A iniciativa foi proposta pela professora da disciplina Educa\u00e7\u00e3o e Multiculturalismo, Auren\u00edsia Coutinho Ivo. Segundo a docente, a tarefa consistiu em apresentar aspectos culturais que normalmente n\u00e3o s\u00e3o explorados nas salas de aula do Ensino B\u00e1sico, buscando deixar de lado os diversos estere\u00f3tipos que s\u00e3o propagados na sociedade.<\/p>\n<p><a href=\"https:\/\/centros.uepb.edu.br\/ch\/files\/2016\/05\/africa.jpg\"><img loading=\"lazy\" decoding=\"async\" class=\"alignleft wp-image-3953 size-medium img-responsive\" src=\"https:\/\/centros.uepb.edu.br\/ch\/files\/2016\/05\/africa-300x201.jpg\" alt=\"africa\" width=\"300\" height=\"201\" srcset=\"https:\/\/centros.uepb.edu.br\/ch\/files\/2016\/05\/africa-300x201.jpg 300w, https:\/\/centros.uepb.edu.br\/ch\/files\/2016\/05\/africa-768x515.jpg 768w, https:\/\/centros.uepb.edu.br\/ch\/files\/2016\/05\/africa-1024x686.jpg 1024w, https:\/\/centros.uepb.edu.br\/ch\/files\/2016\/05\/africa-370x248.jpg 370w, https:\/\/centros.uepb.edu.br\/ch\/files\/2016\/05\/africa-840x563.jpg 840w\" sizes=\"auto, (max-width: 300px) 100vw, 300px\" \/><\/a>\u201cA prioridade foi de trazer conceitos, literatura, culin\u00e1ria, brinquedos, m\u00fasica e dan\u00e7as, ou seja, concep\u00e7\u00f5es das tradi\u00e7\u00f5es culturais de cada povo. Nossa preocupa\u00e7\u00e3o \u00e9 demonstrar que existem muitas informa\u00e7\u00f5es que n\u00e3o s\u00e3o divulgadas, bem como conferir visibilidade \u00e0s riquezas culturais existentes. Portanto, visamos elaborar metodologias que possam ser utilizadas no futuro pelos nossos professores em forma\u00e7\u00e3o\u201d, explicou Auren\u00edsia.<\/p>\n<p>De acordo com a docente, para realizar a atividade, a turma foi dividida em v\u00e1rios grupos de alunos, que tiveram que realizar uma pesquisa anterior com o objetivo de verificar a presen\u00e7a dos aspectos culturais de cada etnia nas cidades onde residem. Para Auren\u00edsia, esta foi uma forma encontrada para demonstrar como as influ\u00eancias dos referidos povos est\u00e3o intimamente relacionados ao cotidiano. \u201cN\u00e3o existe uma cultura brasileira homog\u00eanea e sim um mosaico de diferentes vertentes culturais que constituem juntas a cultura do Brasil\u201d, frisou a professora.<\/p>\n<p>A exposi\u00e7\u00e3o tamb\u00e9m foi prestigiada pelo diretor do Centro de Humanidades (CH), professor Waldeci Ferreira Chagas, que desenvolve projetos de extens\u00e3o sobre o ensino da cultura africana e afro-brasileira no Ensino Fundamental.<\/p>\n<p><a href=\"https:\/\/centros.uepb.edu.br\/ch\/files\/2016\/05\/indigenas-2.jpg\"><img loading=\"lazy\" decoding=\"async\" class=\"alignleft size-thumbnail wp-image-3950 img-responsive\" src=\"https:\/\/centros.uepb.edu.br\/ch\/files\/2016\/05\/indigenas-2-150x150.jpg\" alt=\"indigenas 2\" width=\"150\" height=\"150\" srcset=\"https:\/\/centros.uepb.edu.br\/ch\/files\/2016\/05\/indigenas-2-150x150.jpg 150w, https:\/\/centros.uepb.edu.br\/ch\/files\/2016\/05\/indigenas-2-50x50.jpg 50w\" sizes=\"auto, (max-width: 150px) 100vw, 150px\" \/><\/a><a href=\"https:\/\/centros.uepb.edu.br\/ch\/files\/2016\/05\/indigena.jpg\"><img loading=\"lazy\" decoding=\"async\" class=\"alignleft size-thumbnail wp-image-3952 img-responsive\" src=\"https:\/\/centros.uepb.edu.br\/ch\/files\/2016\/05\/indigena-150x150.jpg\" alt=\"indigena\" width=\"150\" height=\"150\" srcset=\"https:\/\/centros.uepb.edu.br\/ch\/files\/2016\/05\/indigena-150x150.jpg 150w, https:\/\/centros.uepb.edu.br\/ch\/files\/2016\/05\/indigena-50x50.jpg 50w\" sizes=\"auto, (max-width: 150px) 100vw, 150px\" \/><\/a><a href=\"https:\/\/centros.uepb.edu.br\/ch\/files\/2016\/05\/indigenas3.jpg\"><img loading=\"lazy\" decoding=\"async\" class=\"alignleft size-thumbnail wp-image-3951 img-responsive\" src=\"https:\/\/centros.uepb.edu.br\/ch\/files\/2016\/05\/indigenas3-150x150.jpg\" alt=\"indigenas3\" width=\"150\" height=\"150\" srcset=\"https:\/\/centros.uepb.edu.br\/ch\/files\/2016\/05\/indigenas3-150x150.jpg 150w, https:\/\/centros.uepb.edu.br\/ch\/files\/2016\/05\/indigenas3-50x50.jpg 50w\" sizes=\"auto, (max-width: 150px) 100vw, 150px\" \/><\/a><\/p>\n<p>.<a href=\"https:\/\/centros.uepb.edu.br\/ch\/files\/2016\/05\/africa2.jpg\"><img loading=\"lazy\" decoding=\"async\" class=\"alignleft size-thumbnail wp-image-3954 img-responsive\" src=\"https:\/\/centros.uepb.edu.br\/ch\/files\/2016\/05\/africa2-150x150.jpg\" alt=\"africa2\" width=\"150\" height=\"150\" srcset=\"https:\/\/centros.uepb.edu.br\/ch\/files\/2016\/05\/africa2-150x150.jpg 150w, https:\/\/centros.uepb.edu.br\/ch\/files\/2016\/05\/africa2-50x50.jpg 50w\" sizes=\"auto, (max-width: 150px) 100vw, 150px\" \/><\/a><\/p>\n<p>&nbsp;<\/p>\n<p>&nbsp;<\/p>\n<p>&nbsp;<\/p>\n<p>&nbsp;<\/p>\n<p>&nbsp;<\/p>\n<p>&nbsp;<\/p>\n<p><strong>Simone Bezerrill\/Ascom-CH<\/strong><\/p>\n<p>&nbsp;<\/p>\n<p>&nbsp;<\/p>\n","protected":false},"excerpt":{"rendered":"<p>Com o objetivo de colaborar com a cria\u00e7\u00e3o de metodologias que contribuam para ampliar o conhecimento, os alunos do terceiro per\u00edodo do Curso de Pedagogia do Campus III da Universidade Estadual da Para\u00edba (UEPB), em Guarabira, promoveram, nesta quinta-feira (19), a atividade educacional intitulada \u201cMercado da Aprendizagem\u201d. Trata-se de uma exposi\u00e7\u00e3o sobre os povos que <a class=\"leiamais\" href=\"https:\/\/centros.uepb.edu.br\/ch\/turma-de-pedagogia-do-campus-iii-promovem-mercado-da-aprendizagem-para-abordar-culturas-europeia-africana-e-indigena\/\">Leia Mais&#8230;<\/a><\/p>\n","protected":false},"author":13,"featured_media":0,"comment_status":"closed","ping_status":"closed","sticky":false,"template":"","format":"standard","meta":{"jetpack_post_was_ever_published":false,"_jetpack_newsletter_access":"","_jetpack_dont_email_post_to_subs":false,"_jetpack_newsletter_tier_id":0,"_jetpack_memberships_contains_paywalled_content":false,"_jetpack_memberships_contains_paid_content":false,"footnotes":""},"categories":[1],"tags":[],"class_list":["post-3955","post","type-post","status-publish","format-standard","hentry","category-sem-categoria"],"jetpack_featured_media_url":"","jetpack_shortlink":"https:\/\/wp.me\/p4NR4N-11N","jetpack_sharing_enabled":true,"_links":{"self":[{"href":"https:\/\/centros.uepb.edu.br\/ch\/wp-json\/wp\/v2\/posts\/3955","targetHints":{"allow":["GET"]}}],"collection":[{"href":"https:\/\/centros.uepb.edu.br\/ch\/wp-json\/wp\/v2\/posts"}],"about":[{"href":"https:\/\/centros.uepb.edu.br\/ch\/wp-json\/wp\/v2\/types\/post"}],"author":[{"embeddable":true,"href":"https:\/\/centros.uepb.edu.br\/ch\/wp-json\/wp\/v2\/users\/13"}],"replies":[{"embeddable":true,"href":"https:\/\/centros.uepb.edu.br\/ch\/wp-json\/wp\/v2\/comments?post=3955"}],"version-history":[{"count":0,"href":"https:\/\/centros.uepb.edu.br\/ch\/wp-json\/wp\/v2\/posts\/3955\/revisions"}],"wp:attachment":[{"href":"https:\/\/centros.uepb.edu.br\/ch\/wp-json\/wp\/v2\/media?parent=3955"}],"wp:term":[{"taxonomy":"category","embeddable":true,"href":"https:\/\/centros.uepb.edu.br\/ch\/wp-json\/wp\/v2\/categories?post=3955"},{"taxonomy":"post_tag","embeddable":true,"href":"https:\/\/centros.uepb.edu.br\/ch\/wp-json\/wp\/v2\/tags?post=3955"}],"curies":[{"name":"wp","href":"https:\/\/api.w.org\/{rel}","templated":true}]}}