{"id":3843,"date":"2016-05-02T12:35:31","date_gmt":"2016-05-02T12:35:31","guid":{"rendered":"https:\/\/centros.uepb.edu.br\/ch\/?p=3843"},"modified":"2016-05-12T10:47:29","modified_gmt":"2016-05-12T10:47:29","slug":"pro-reitoria-de-graduacao-divulga-edital-para-reingresso-de-curso-no-periodo-letivo-2016-1","status":"publish","type":"post","link":"https:\/\/centros.uepb.edu.br\/ch\/pro-reitoria-de-graduacao-divulga-edital-para-reingresso-de-curso-no-periodo-letivo-2016-1\/","title":{"rendered":"Pr\u00f3-Reitoria de Gradua\u00e7\u00e3o divulga edital para reingresso de curso no per\u00edodo letivo 2016.1"},"content":{"rendered":"<p>A Pr\u00f3-Reitoria de Gradua\u00e7\u00e3o (PROGRAD) da Universidade Estadual da Para\u00edba (UEPB) divulgou o edital referente ao pedido de reingresso de curso para o semestre letivo 2016\/1. Para os pedidos serem analisados, os interessados devem procurar a coordena\u00e7\u00e3o do respectivo curso no per\u00edodo de 2 a 5 de maio. S\u00e3o consideradas situa\u00e7\u00f5es de reingresso dos alunos que abandonaram o curso h\u00e1 no m\u00e1ximo cinco anos, ter pend\u00eancias apenas do Trabalho de Conclus\u00e3o de Curso (TCC) e haver disponibilidade de vagas no curso pretendido.<\/p>\n<p>As vagas est\u00e3o distribu\u00eddas entre os campi de Guarabira, Campina Grande, Jo\u00e3o Pessoa, Monteiro e Patos. Para a solicita\u00e7\u00e3o de reingresso o estudante deve preencher o formul\u00e1rio pr\u00f3prio de solicita\u00e7\u00e3o, presente na Secretaria do curso em quest\u00e3o, al\u00e9m de apresentar o hist\u00f3rico escolar. O reingresso ocorrer\u00e1 com vincula\u00e7\u00e3o ao curr\u00edculo vigente do curso e, por ocasi\u00e3o do aproveitamento dos estudos realizados, o estudante poder\u00e1 ficar com no m\u00e1ximo duas pend\u00eancias no semestre anterior ao que se enquadrar.<\/p>\n<p>Confira todos os documentos necess\u00e1rios para fins de solicita\u00e7\u00e3o de reingresso:\u00a0<a href=\"http:\/\/www.uepb.edu.br\/download\/1_2\/outros_editais\/Edital-de-Reingresso-2016.1-No-002-2016.pdf\">Edital de reingresso<\/a>\u00a0e\u00a0<a href=\"http:\/\/www.uepb.edu.br\/download\/1_2\/outros_editais\/Reingresso-2016.1-Quadro-Demonstrativo-de-Cursos-e-Vagas.pdf\">Quadro de vagas<\/a><\/p>\n<p>&nbsp;<\/p>\n<p>Com AscomUEPB<\/p>\n","protected":false},"excerpt":{"rendered":"<p>A Pr\u00f3-Reitoria de Gradua\u00e7\u00e3o (PROGRAD) da Universidade Estadual da Para\u00edba (UEPB) divulgou o edital referente ao pedido de reingresso de curso para o semestre letivo 2016\/1. Para os pedidos serem analisados, os interessados devem procurar a coordena\u00e7\u00e3o do respectivo curso no per\u00edodo de 2 a 5 de maio. S\u00e3o consideradas situa\u00e7\u00f5es de reingresso dos alunos <a class=\"leiamais\" href=\"https:\/\/centros.uepb.edu.br\/ch\/pro-reitoria-de-graduacao-divulga-edital-para-reingresso-de-curso-no-periodo-letivo-2016-1\/\">Leia Mais&#8230;<\/a><\/p>\n","protected":false},"author":13,"featured_media":3849,"comment_status":"closed","ping_status":"closed","sticky":false,"template":"","format":"standard","meta":{"jetpack_post_was_ever_published":false,"_jetpack_newsletter_access":"","_jetpack_dont_email_post_to_subs":false,"_jetpack_newsletter_tier_id":0,"_jetpack_memberships_contains_paywalled_content":false,"_jetpack_memberships_contains_paid_content":false,"footnotes":""},"categories":[1],"tags":[],"class_list":["post-3843","post","type-post","status-publish","format-standard","has-post-thumbnail","hentry","category-sem-categoria"],"jetpack_featured_media_url":"https:\/\/centros.uepb.edu.br\/ch\/files\/2016\/05\/campus-.jpg","jetpack_shortlink":"https:\/\/wp.me\/p4NR4N-ZZ","jetpack_sharing_enabled":true,"_links":{"self":[{"href":"https:\/\/centros.uepb.edu.br\/ch\/wp-json\/wp\/v2\/posts\/3843","targetHints":{"allow":["GET"]}}],"collection":[{"href":"https:\/\/centros.uepb.edu.br\/ch\/wp-json\/wp\/v2\/posts"}],"about":[{"href":"https:\/\/centros.uepb.edu.br\/ch\/wp-json\/wp\/v2\/types\/post"}],"author":[{"embeddable":true,"href":"https:\/\/centros.uepb.edu.br\/ch\/wp-json\/wp\/v2\/users\/13"}],"replies":[{"embeddable":true,"href":"https:\/\/centros.uepb.edu.br\/ch\/wp-json\/wp\/v2\/comments?post=3843"}],"version-history":[{"count":0,"href":"https:\/\/centros.uepb.edu.br\/ch\/wp-json\/wp\/v2\/posts\/3843\/revisions"}],"wp:featuredmedia":[{"embeddable":true,"href":"https:\/\/centros.uepb.edu.br\/ch\/wp-json\/wp\/v2\/media\/3849"}],"wp:attachment":[{"href":"https:\/\/centros.uepb.edu.br\/ch\/wp-json\/wp\/v2\/media?parent=3843"}],"wp:term":[{"taxonomy":"category","embeddable":true,"href":"https:\/\/centros.uepb.edu.br\/ch\/wp-json\/wp\/v2\/categories?post=3843"},{"taxonomy":"post_tag","embeddable":true,"href":"https:\/\/centros.uepb.edu.br\/ch\/wp-json\/wp\/v2\/tags?post=3843"}],"curies":[{"name":"wp","href":"https:\/\/api.w.org\/{rel}","templated":true}]}}